{"id":1957,"date":"2015-08-02T00:00:00","date_gmt":"2015-08-02T00:00:00","guid":{"rendered":"https:\/\/www.salvatorianas.org.br\/blog\/agosto-o-mes-dedicado-as-vocacoes\/"},"modified":"2015-08-02T00:00:00","modified_gmt":"2015-08-02T00:00:00","slug":"agosto-o-mes-dedicado-as-vocacoes","status":"publish","type":"post","link":"https:\/\/www.salvatorianas.org.br\/blog\/agosto-o-mes-dedicado-as-vocacoes\/","title":{"rendered":"Agosto, o M\u00eas Dedicado \u00e0s Voca\u00e7\u00f5es"},"content":{"rendered":"<p style=\"text-align: justify;\"><em><strong>[imagem1]<\/strong><\/em><\/p>\n<p style=\"text-align: center;\">&nbsp;<\/p>\n<p style=\"text-align: center;\"><em><strong>N&atilde;o fostes v&oacute;s que me escolhestes; fui eu que vos escolhi &hellip;&rdquo;&nbsp;<\/strong><\/em><em><strong>&nbsp;(Jo 15,16)<\/strong><\/em><\/p>\n<p style=\"text-align: center;\">&nbsp;<\/p>\n<p style=\"text-align: justify;\">Em agosto a Igreja celebra as voca&ccedil;&otilde;es: sacerdotal, diaconal, familiar, religiosa, e leiga. &Eacute; um m&ecirc;s voltado para a reflex&atilde;o e a ora&ccedil;&atilde;o pelas voca&ccedil;&otilde;es e os minist&eacute;rios, de forma a pedir a Deus para que todos os batizados &ldquo;sejam fi&eacute;is como ap&oacute;stolos leigos, como sacerdotes, como religiosos e religiosas, para o bem do povo de Deus e de toda a humanidade&rdquo; (Jo&atilde;o Paulo II).<\/p>\n<p style=\"text-align: justify;\">Voca&ccedil;&atilde;o &eacute; um termo derivado do verbo vocare, que em latim significa chamar. Por isso tamanha import&acirc;ncia dada ao tema. Porque voca&ccedil;&atilde;o &eacute; o in&iacute;cio de tudo. Em um sentido mais preciso, &eacute; um chamado a partir da pessoa de Jesus, que nos convida a segui-Lo. Voca&ccedil;&atilde;o, portanto, quer dizer que anterior a n&oacute;s h&aacute; um chamado, uma escolha pessoal que vem de Deus, a quem seguimos com total empenho, como afirma S&atilde;o Paulo na Carta aos Romanos: &#8220;Eu, Paulo, servo de Jesus Cristo, ap&oacute;stolo por voca&ccedil;&atilde;o, escolhido para o Evangelho de Deus.&#8221; (Rom 1, 1)<\/p>\n<p style=\"text-align: justify;\">O m&ecirc;s vocacional nos provoca a refletir a import&acirc;ncia da voca&ccedil;&atilde;o, nos levando a descobrir nosso papel e nosso compromisso com a Igreja e a sociedade. A partir do momento em que tomamos consci&ecirc;ncia, ela precisa nos levar &agrave; a&ccedil;&atilde;o, vivenciando no dia-a-dia o chamado que o Pai nos faz.<\/p>\n<p style=\"text-align: justify;\">Institu&iacute;do na 19&ordf; Assembleia Geral da CNBB, em 1981, o M&ecirc;s Vocacional tem como objetivo conscientizar as comunidades da responsabilidade que elas compartilham no processo vocacional. Por isso, a cada domingo de agosto celebramos, respectivamente, os dias do padre, da fam&iacute;lia, dos religiosos, dos leigos e dos catequistas.<\/p>\n<p style=\"text-align: justify;\">Que a celebra&ccedil;&atilde;o do m&ecirc;s vocacional nos traga as b&ecirc;n&ccedil;&atilde;os do Pai para vivermos a nossa voca&ccedil;&atilde;o, na certeza de que todas s&atilde;o importantes e indispens&aacute;veis. Cada uma, na sua especificidade, nos leva &agrave; perfei&ccedil;&atilde;o da caridade, que &eacute; a ess&ecirc;ncia da voca&ccedil;&atilde;o universal &agrave; santidade.<\/p>\n<p style=\"text-align: justify;\"><strong>Primeiro Domingo: Voca&ccedil;&otilde;es Sacerdotais<\/strong><\/p>\n<p style=\"text-align: justify;\">&ldquo;N&atilde;o fostes v&oacute;s que me escolhestes, pelo contr&aacute;rio, fui eu que vos escolhi e vos designeis para ir e produzir muitos frutos&rdquo; (Jo 15,16). &Eacute; Jesus quem escolhe o padre e o envia em miss&atilde;o. Em Seu nome o sacerdote se coloca a servi&ccedil;o da comunidade crist&atilde;, na miss&atilde;o de acolher, perdoar, unir, e motivar a viv&ecirc;ncia da f&eacute;.<\/p>\n<p style=\"text-align: justify;\">Dom Urbano Allgayer, bispo em&eacute;rito de Passo Fundo, explica que &ldquo;a voca&ccedil;&atilde;o sacerdotal &eacute; vivida por di&aacute;conos, presb&iacute;teros e bispos, membros do clero da Igreja.&rdquo;. Segundo ele, &eacute; importante rezar e trabalhar pelas voca&ccedil;&otilde;es sacerdotais. Por que &ldquo;sem o clero a Igreja n&atilde;o funcionaria. A Igreja necessita de boas e numerosas voca&ccedil;&otilde;es sacerdotais, que t&ecirc;m sua origem em Deus&rdquo;.<\/p>\n<p style=\"text-align: justify;\">&Eacute; dif&iacute;cil ser padre hoje, diante de uma sociedade materialista na qual o dinheiro, o poder, a fama e o prest&iacute;gio s&atilde;o elementos que t&ecirc;m muita for&ccedil;a de sedu&ccedil;&atilde;o, mas que se contrap&otilde;em aos valores crist&atilde;os. O convite de Jesus &eacute; este: &ldquo;Quem quiser me seguir renuncie a si mesmo, tome a sua cruz e me siga&rdquo;.<\/p>\n<p style=\"text-align: justify;\"><strong>Segundo Domingo: Voca&ccedil;&atilde;o Familiar<\/strong><\/p>\n<p style=\"text-align: justify;\">No m&ecirc;s vocacional, a Igreja tamb&eacute;m prop&otilde;e a reflex&atilde;o acerca da import&acirc;ncia da fam&iacute;lia no cotidiano das pessoas. No ano de 2015, o tema &eacute; discutido especialmente entre os dias 09 a 15, durante a Semana Nacional da Fam&iacute;lia.<\/p>\n<p style=\"text-align: justify;\">A fam&iacute;lia &eacute; o lugar do in&iacute;cio da vida f&iacute;sica, mas, igualmente, onde deve brotar a vida espiritual, o conceito de liberdade, de responsabilidade, de respeito, de educa&ccedil;&atilde;o e, sobretudo, o lugar para experienciar o amor familiar e o amor a Deus e de Deus.<\/p>\n<p style=\"text-align: justify;\">Na sociedade atual, marcada pelas mudan&ccedil;as de &eacute;poca e pela constante sobreposi&ccedil;&atilde;o de valores, pensar na fam&iacute;lia tem grande import&acirc;ncia. O tempo que se dedica aos filhos depois do trabalho, as conversas em irm&atilde;os aos finais de semana e a reza do ter&ccedil;o em fam&iacute;lia, s&atilde;o algumas das reflex&otilde;es propostas pela Semana Nacional da Fam&iacute;lia.<\/p>\n<p style=\"text-align: justify;\">Uma das poss&iacute;veis respostas &agrave;s reflex&otilde;es propostas est&aacute; no exemplo da Sagrada Fam&iacute;lia. Contemplando-a, percebemos como Jesus foi gerado, cuidado, orientado e amado por seus pais. Jesus de Nazar&eacute; experimentou esse amor e, por isso, n&atilde;o reteve para si este dom: viveu-o.<\/p>\n<p style=\"text-align: justify;\">Padre Zezinho, sabiamente relembra a import&acirc;ncia da fam&iacute;lia quando diz: &ldquo;s&atilde;o seis pessoas naquele sof&aacute;, amando junto e brincando em fam&iacute;lia, passando a limpo as tarefas da vida, fam&iacute;lia l&aacute; em casa tem vez&rdquo;. Se o verbo amar, for destacado em cada fam&iacute;lia, assim como &eacute; destacado na m&uacute;sica do padre Zezinho, pequenas Igrejas ser&atilde;o constru&iacute;das.<\/p>\n<p style=\"text-align: justify;\"><strong>Terceiro Domingo: Voca&ccedil;&otilde;es Religiosas<\/strong><\/p>\n<p style=\"text-align: justify;\">&ldquo;Os consagrados s&atilde;o homens e mulheres que podem acordar o mundo. A vida consagrada &eacute; uma profecia. Profecia no sentido de transformar todas as realidades est&eacute;reis e &aacute;ridas sob o olhar fecundo e terno de Deus&rdquo;. A frase dita pelo Papa Francisco na promulga&ccedil;&atilde;o do Ano da Vida Consagrada expressa, de forma clara, a miss&atilde;o dos religiosos e religiosas na Igreja.<\/p>\n<p style=\"text-align: justify;\">No terceiro domingo do m&ecirc;s vocacional, este ano no dia 16, a Igreja lembra da vida religiosa. Desta voca&ccedil;&atilde;o brotam carismas e atua&ccedil;&otilde;es que enriquecem nossas comunidades com pessoas que buscam viver verdadeiramente seus votos de castidade, obedi&ecirc;ncia e pobreza. S&atilde;o testemunhos vivos do Evangelho.<\/p>\n<p style=\"text-align: justify;\">Perseverantes, os religiosos est&atilde;o a servi&ccedil;o do Povo de Deus por meio da ora&ccedil;&atilde;o, das miss&otilde;es, da educa&ccedil;&atilde;o e de tantas outras obras de caridade. Com sua voca&ccedil;&atilde;o, eles demonstram que o Evangelho &eacute; plenamente poss&iacute;vel de ser vivido, mesmo em mundo excessivamente material e consumista. S&atilde;o sinais do amor de Deus e da entrega que o homem &eacute; capaz de fazer ao Senhor.<\/p>\n<p style=\"text-align: justify;\"><strong>Quarto Domingo: Voca&ccedil;&otilde;es Leigas<\/strong><\/p>\n<p style=\"text-align: justify;\">Ser leigo atuante &eacute; ter consci&ecirc;ncia do chamado de Deus a participar ativamente da Igreja e do Reino, contribuindo para a caminhada e o crescimento das comunidades rumo a P&aacute;tria Celeste. Assumir esta voca&ccedil;&atilde;o &eacute; doar-se pelo Evangelho e estar junto a Cristo em sua miss&atilde;o de salva&ccedil;&atilde;o e reden&ccedil;&atilde;o.<\/p>\n<p style=\"text-align: justify;\">No dia 23, celebramos todos os leigos que, entre fam&iacute;lia e afazeres, dedicam-se aos trabalhos pastorais e tamb&eacute;m mission&aacute;rios. Os leigos atuam como colaboradores na catequese, na liturgia, nos minist&eacute;rios de m&uacute;sica, nas obras de caridade e nas diversas pastorais existentes.<\/p>\n<p style=\"text-align: justify;\">Para Dom Frei Severino Clasen, Presidente da Comiss&atilde;o Episcopal Pastoral para o Laicato, &ldquo;Somos convocados para instaurar um reinado, renovando a face da terra, que nada mais &eacute; do que a edifica&ccedil;&atilde;o de uma nova sociedade, um novo mundo, uma nova humanidade. Pela gra&ccedil;a do batismo os leigos t&ecirc;m essa miss&atilde;o de ajudar a construir o Reino de Jesus Cristo&rdquo;.<\/p>\n<p style=\"text-align: justify;\"><strong>Quinto Domingo: <strong>Dia do Catequista<\/strong><\/strong><\/p>\n<p style=\"text-align: justify;\"><strong><br \/><\/strong>Nos anos em que o m&ecirc;s de agosto possui cinco domingos, a Igreja celebra neste dia o minist&eacute;rio do catequista. Os catequistas s&atilde;o, por voca&ccedil;&atilde;o e miss&atilde;o, os grandes promovedores da f&eacute; na comunidade crist&atilde;, preparando crian&ccedil;as, jovens e adultos n&atilde;o s&oacute; para os sacramentos, mas tamb&eacute;m para darem testemunho de Cristo e do Evangelho no mundo.<\/p>\n<p style=\"text-align: justify;\">&Eacute; importante que, diante da grande responsabilidade de vida na f&eacute; exercida pelo catequista, seja favorecida a constante forma&ccedil;&atilde;o humana e crist&atilde;, que propicie coer&ecirc;ncia entre an&uacute;ncio e viv&ecirc;ncia da Palavra de Deus. No dia do catequista, a comunidade &eacute; convidada a renovar seu compromisso mission&aacute;rio diante da Igreja e de todo o povo.<\/p>\n<p>&nbsp;<\/p>\n<p>&nbsp;<\/p>\n<p style=\"text-align: justify;\">&nbsp;<\/p>\n","protected":false},"excerpt":{"rendered":"<p>[imagem1] &nbsp; N&atilde;o fostes v&oacute;s que me escolhestes; fui eu que vos escolhi &hellip;&rdquo;&nbsp;&nbsp;(Jo 15,16) &nbsp; Em agosto a Igreja celebra as voca&ccedil;&otilde;es: sacerdotal, diaconal, familiar, religiosa, e leiga. &Eacute; um m&ecirc;s voltado&#8230;<\/p>\n","protected":false},"author":1,"featured_media":2218,"comment_status":"open","ping_status":"open","sticky":false,"template":"","format":"standard","meta":[],"categories":[1],"tags":[],"_links":{"self":[{"href":"https:\/\/www.salvatorianas.org.br\/blog\/wp-json\/wp\/v2\/posts\/1957"}],"collection":[{"href":"https:\/\/www.salvatorianas.org.br\/blog\/wp-json\/wp\/v2\/posts"}],"about":[{"href":"https:\/\/www.salvatorianas.org.br\/blog\/wp-json\/wp\/v2\/types\/post"}],"author":[{"embeddable":true,"href":"https:\/\/www.salvatorianas.org.br\/blog\/wp-json\/wp\/v2\/users\/1"}],"replies":[{"embeddable":true,"href":"https:\/\/www.salvatorianas.org.br\/blog\/wp-json\/wp\/v2\/comments?post=1957"}],"version-history":[{"count":0,"href":"https:\/\/www.salvatorianas.org.br\/blog\/wp-json\/wp\/v2\/posts\/1957\/revisions"}],"wp:featuredmedia":[{"embeddable":true,"href":"https:\/\/www.salvatorianas.org.br\/blog\/wp-json\/wp\/v2\/media\/2218"}],"wp:attachment":[{"href":"https:\/\/www.salvatorianas.org.br\/blog\/wp-json\/wp\/v2\/media?parent=1957"}],"wp:term":[{"taxonomy":"category","embeddable":true,"href":"https:\/\/www.salvatorianas.org.br\/blog\/wp-json\/wp\/v2\/categories?post=1957"},{"taxonomy":"post_tag","embeddable":true,"href":"https:\/\/www.salvatorianas.org.br\/blog\/wp-json\/wp\/v2\/tags?post=1957"}],"curies":[{"name":"wp","href":"https:\/\/api.w.org\/{rel}","templated":true}]}}