{"id":19565,"date":"2022-12-20T09:17:41","date_gmt":"2022-12-20T09:17:41","guid":{"rendered":"https:\/\/www.salvatorianas.org.br\/blog\/?p=19565"},"modified":"2022-12-20T09:17:41","modified_gmt":"2022-12-20T09:17:41","slug":"4a-semana-do-advento-terca-feira","status":"publish","type":"post","link":"https:\/\/www.salvatorianas.org.br\/blog\/4a-semana-do-advento-terca-feira\/","title":{"rendered":"4\u00aa Semana do Advento | Ter\u00e7a-feira"},"content":{"rendered":"\n<h3 class=\"wp-block-heading\">Ora\u00e7\u00e3o do dia<\/h3>\n\n\n\n<p>Senhor Deus, ao an\u00fancio do anjo, a virgem imaculada acolheu vosso Verbo inef\u00e1vel e, como habita\u00e7\u00e3o da divindade, foi inundada pela luz do Esp\u00edrito Santo. Concedei que, a seu exemplo, abracemos humildemente a vossa vontade. Por Nosso Senhor Jesus Cristo, Vosso Filho, na unidade do Esp\u00edrito Santo.<\/p>\n\n\n\n<h3 class=\"wp-block-heading\">Leitura &#8211;&nbsp;Isa\u00edas 7,10-14<\/h3>\n\n\n\n<p>Leitura do livro do profeta Isa\u00edas.<\/p>\n\n\n\n<p>Naqueles dias, 7 10 o Senhor disse ainda a Acaz:<\/p>\n\n\n\n<p>11 &#8220;Pede ao Senhor teu Deus um sinal, seja do fundo da habita\u00e7\u00e3o dos mortos, seja l\u00e1 do alto&#8221;.<\/p>\n\n\n\n<p>12 Acaz respondeu: &#8220;De maneira alguma! N\u00e3o quero p\u00f4r o Senhor \u00e0 prova&#8221;.<\/p>\n\n\n\n<p>13 Isa\u00edas respondeu: &#8220;Ouvi, casa de Davi: N\u00e3o vos basta fatigar a paci\u00eancia dos homens? Pretendeis cansar tamb\u00e9m o meu Deus?<\/p>\n\n\n\n<p>14 Por isso, o pr\u00f3prio Senhor vos dar\u00e1 um sinal: uma virgem conceber\u00e1 e dar\u00e1 \u00e0 luz um filho, e o chamar\u00e1 Deus Conosco&#8221;.<\/p>\n\n\n\n<p>Palavra do Senhor.<\/p>\n\n\n\n<h3 class=\"wp-block-heading\">Salmo Responsorial &#8211;&nbsp;23\/24<\/h3>\n\n\n\n<p><strong>O Senhor vai entrar, \u00e9 o rei glorioso!<\/strong><\/p>\n\n\n\n<p>Ao Senhor pertence a terra e o que ela encerra,<\/p>\n\n\n\n<p>o mundo inteiro com os seres que o povoam;<\/p>\n\n\n\n<p>porque ele a tornou firme sobre os mares<\/p>\n\n\n\n<p>e, sobre as \u00e1guas, a mant\u00e9m inabal\u00e1vel.<\/p>\n\n\n\n<p>\u201cQuem subir\u00e1 at\u00e9 o monte do Senhor,<\/p>\n\n\n\n<p>quem ficar\u00e1 em sua santa habita\u00e7\u00e3o?\u201d<\/p>\n\n\n\n<p>\u201cQuem tem m\u00e3os puras e inocente cora\u00e7\u00e3o,<\/p>\n\n\n\n<p>quem n\u00e3o dirige sua mente para o crime.<\/p>\n\n\n\n<p>Sobre este desce a b\u00ean\u00e7\u00e3o do Senhor<\/p>\n\n\n\n<p>e a recompensa de seu Deus e salvador\u201d.<\/p>\n\n\n\n<p>\u201c\u00c9 assim a gera\u00e7\u00e3o dos que o procuram<\/p>\n\n\n\n<p>e do Deus Israel buscam a face\u201d.<\/p>\n\n\n\n<h3 class=\"wp-block-heading\">Leitura &#8211;<\/h3>\n\n\n\n<h3 class=\"wp-block-heading\">Evangelho &#8211;&nbsp;Lucas 1,26-38<\/h3>\n\n\n\n<p>Aleluia, aleluia, aleluia.<\/p>\n\n\n\n<p>\u00d3 chave de Davi, que abre as portas do reino eterno: oh, vinde e livrai do c\u00e1rcere o preso, sentado nas trevas!<\/p>\n\n\n\n<p>Proclama\u00e7\u00e3o do Evangelho de Jesus Cristo segundo Lucas.<\/p>\n\n\n\n<p>1 26 No sexto m\u00eas, o anjo Gabriel foi enviado por Deus a uma cidade da Galileia, chamada Nazar\u00e9,<\/p>\n\n\n\n<p>27 a uma virgem desposada com um homem que se chamava Jos\u00e9, da casa de Davi e o nome da virgem era Maria.<\/p>\n\n\n\n<p>28 Entrando, o anjo disse-lhe: &#8220;Ave, cheia de gra\u00e7a, o Senhor \u00e9 contigo&#8221;.<\/p>\n\n\n\n<p>29 Perturbou-se ela com estas palavras e p\u00f4s-se a pensar no que significaria semelhante sauda\u00e7\u00e3o.<\/p>\n\n\n\n<p>30 O anjo disse-lhe: &#8220;N\u00e3o temas, Maria, pois encontraste gra\u00e7a diante de Deus.<\/p>\n\n\n\n<p>31 Eis que conceber\u00e1s e dar\u00e1s \u00e0 luz um filho, e lhe por\u00e1s o nome de Jesus.<\/p>\n\n\n\n<p>32 Ele ser\u00e1 grande e chamar-se-\u00e1 Filho do Alt\u00edssimo, e o Senhor Deus lhe dar\u00e1 o trono de seu pai Davi; e reinar\u00e1 eternamente na casa de Jac\u00f3,<\/p>\n\n\n\n<p>33 e o seu reino n\u00e3o ter\u00e1 fim&#8221;.<\/p>\n\n\n\n<p>34 Maria perguntou ao anjo: &#8220;Como se far\u00e1 isso, pois n\u00e3o conhe\u00e7o homem?&#8221;<\/p>\n\n\n\n<p>35 Respondeu-lhe o anjo: &#8220;O Esp\u00edrito Santo descer\u00e1 sobre ti, e a for\u00e7a do Alt\u00edssimo te envolver\u00e1 com a sua sombra. Por isso o ente santo que nascer de ti ser\u00e1 chamado Filho de Deus.<\/p>\n\n\n\n<p>36 Tamb\u00e9m Isabel, tua parenta, at\u00e9 ela concebeu um filho na sua velhice; e j\u00e1 est\u00e1 no sexto m\u00eas aquela que \u00e9 tida por est\u00e9ril,<\/p>\n\n\n\n<p>37 porque a Deus nenhuma coisa \u00e9 imposs\u00edvel&#8221;.<\/p>\n\n\n\n<p>38 Ent\u00e3o disse Maria: &#8220;Eis aqui a serva do Senhor. Fa\u00e7a-se em mim segundo a tua palavra&#8221;. E o anjo afastou-se dela.<\/p>\n\n\n\n<p>Palavra da Salva\u00e7\u00e3o.<\/p>\n\n\n\n<h3 class=\"wp-block-heading\">Coment\u00e1rio ao Evangelho<\/h3>\n\n\n\n<p>O MESSIAS DIVINO<\/p>\n\n\n\n<p>A concep\u00e7\u00e3o virginal de Maria revela a a\u00e7\u00e3o de Deus na hist\u00f3ria humana, em vista da salva\u00e7\u00e3o. O Salvador seria um dom de Deus para a humanidade. Em outras palavras, n\u00e3o seria resultado de uma simples a\u00e7\u00e3o humana, e sim, da for\u00e7a criadora divina. O Messias faz-se ser humano por obra de Deus.<\/p>\n\n\n\n<p>O Esp\u00edrito, que fecunda o ventre de Maria, \u00e9 o mesmo que esteve presente na cria\u00e7\u00e3o do universo. Por sua for\u00e7a, tudo passou a existir. Este mesmo Esp\u00edrito \u00e9 quem age, quando da concep\u00e7\u00e3o daquele que ser\u00e1 chamado Filho de Deus. \u00c9 como se a cria\u00e7\u00e3o atingisse sua plenifica\u00e7\u00e3o. Foi preciso, novamente, a interven\u00e7\u00e3o do Esp\u00edrito.<\/p>\n\n\n\n<p>Por conseguinte, tudo que se refere ao Messias traz a marca da divindade. Ele \u00e9 grande, Filho do Alt\u00edssimo, Santo, Filho de Deus. Realizar\u00e1 as antigas promessas feitas por Deus ao povo de Israel: colocar, no trono, um descendente de Davi. A eternidade de seu reino ser\u00e1 fruto da fidelidade de Deus \u00e0s suas promessas. Entra na Hist\u00f3ria por interven\u00e7\u00e3o divina direta: Maria concebe porque o Esp\u00edrito Santo vem sobre ela, e o poder do Alt\u00edssimo a cobre com a sua sombra. Dispensa-se a interven\u00e7\u00e3o humana. O nascimento do Filho de Deus foi anunciando por um anjo do Senhor. Este fato revela a transcend\u00eancia de sua presen\u00e7a na hist\u00f3ria humana.<\/p>\n","protected":false},"excerpt":{"rendered":"<p>Ora\u00e7\u00e3o do dia Senhor Deus, ao an\u00fancio do anjo, a virgem imaculada acolheu vosso Verbo inef\u00e1vel e, como habita\u00e7\u00e3o da divindade, foi inundada pela luz do Esp\u00edrito Santo. Concedei que, a seu exemplo,&#8230;<\/p>\n","protected":false},"author":2,"featured_media":19566,"comment_status":"open","ping_status":"open","sticky":false,"template":"","format":"standard","meta":[],"categories":[7],"tags":[],"_links":{"self":[{"href":"https:\/\/www.salvatorianas.org.br\/blog\/wp-json\/wp\/v2\/posts\/19565"}],"collection":[{"href":"https:\/\/www.salvatorianas.org.br\/blog\/wp-json\/wp\/v2\/posts"}],"about":[{"href":"https:\/\/www.salvatorianas.org.br\/blog\/wp-json\/wp\/v2\/types\/post"}],"author":[{"embeddable":true,"href":"https:\/\/www.salvatorianas.org.br\/blog\/wp-json\/wp\/v2\/users\/2"}],"replies":[{"embeddable":true,"href":"https:\/\/www.salvatorianas.org.br\/blog\/wp-json\/wp\/v2\/comments?post=19565"}],"version-history":[{"count":1,"href":"https:\/\/www.salvatorianas.org.br\/blog\/wp-json\/wp\/v2\/posts\/19565\/revisions"}],"predecessor-version":[{"id":19567,"href":"https:\/\/www.salvatorianas.org.br\/blog\/wp-json\/wp\/v2\/posts\/19565\/revisions\/19567"}],"wp:featuredmedia":[{"embeddable":true,"href":"https:\/\/www.salvatorianas.org.br\/blog\/wp-json\/wp\/v2\/media\/19566"}],"wp:attachment":[{"href":"https:\/\/www.salvatorianas.org.br\/blog\/wp-json\/wp\/v2\/media?parent=19565"}],"wp:term":[{"taxonomy":"category","embeddable":true,"href":"https:\/\/www.salvatorianas.org.br\/blog\/wp-json\/wp\/v2\/categories?post=19565"},{"taxonomy":"post_tag","embeddable":true,"href":"https:\/\/www.salvatorianas.org.br\/blog\/wp-json\/wp\/v2\/tags?post=19565"}],"curies":[{"name":"wp","href":"https:\/\/api.w.org\/{rel}","templated":true}]}}