{"id":19558,"date":"2022-12-19T01:00:00","date_gmt":"2022-12-19T01:00:00","guid":{"rendered":"https:\/\/www.salvatorianas.org.br\/blog\/?p=19558"},"modified":"2022-12-13T15:11:52","modified_gmt":"2022-12-13T15:11:52","slug":"4a-semana-do-advento-segunda-feira","status":"publish","type":"post","link":"https:\/\/www.salvatorianas.org.br\/blog\/4a-semana-do-advento-segunda-feira\/","title":{"rendered":"4\u00aa Semana do Advento | Segunda-feira"},"content":{"rendered":"\n<p>Evangelho &#8211;\u00a0Lucas 1,5-25<\/p>\n\n\n\n<h3 class=\"wp-block-heading\">Ora\u00e7\u00e3o do dia<\/h3>\n\n\n\n<p>\u00d3 Deus, que revelastes ao mundo o esplendor da vossa gl\u00f3ria pelo parto virginal de Maria, dai-nos venerar com f\u00e9 pura e celebrar sempre com amor sincero o mist\u00e9rio t\u00e3o profundo da encarna\u00e7\u00e3o. Por Nosso Senhor Jesus Cristo, Vosso Filho, na unidade do Esp\u00edrito Santo.<\/p>\n\n\n\n<h3 class=\"wp-block-heading\">Leitura &#8211;&nbsp;Ju\u00edzes 13,2-7.24-25<\/h3>\n\n\n\n<p>Leitura do livro dos Ju\u00edzes.<\/p>\n\n\n\n<p>13 2 Ora, havia em Sor\u00e1 um homem da fam\u00edlia dos danitas, chamado Manu\u00e9. Sua mulher, sendo est\u00e9ril, n\u00e3o tinha ainda gerado filhos.<\/p>\n\n\n\n<p>3 O anjo do Senhor apareceu a esta mulher e disse-lhe: \u201cTu \u00e9s est\u00e9ril, e nunca tiveste filhos; mas conceber\u00e1s e dar\u00e1s \u00e0 luz um filho.<\/p>\n\n\n\n<p>4 Toma, pois, muito cuidado; n\u00e3o bebas doravante nem vinho, nem bebida forte, e n\u00e3o comas coisa alguma impura, porque vais conceber e dar \u00e0 luz um filho.<\/p>\n\n\n\n<p>5 A navalha n\u00e3o tocar\u00e1 a sua cabe\u00e7a, porque esse menino ser\u00e1 nazareno de Deus desde o seio de sua m\u00e3e, e ser\u00e1 ele quem livrar\u00e1 Israel da m\u00e3o dos filisteus\u201d.<\/p>\n\n\n\n<p>6 A mulher foi ter com o seu marido: \u201cApresentou-se a mim um homem de Deus, disse ela, que tinha o aspecto de um anjo de Deus, em extremo terr\u00edvel. N\u00e3o lhe perguntei de onde era, nem ele me deu o seu nome,<\/p>\n\n\n\n<p>7 mas disse-me: \u2018Vais conceber e dar \u00e0 luz um filho; n\u00e3o bebas, pois, nem vinho nem bebida forte e n\u00e3o comas coisa alguma impura, porque esse menino ser\u00e1 nazareno desde o seio de sua m\u00e3e at\u00e9 o dia de sua morte\u2019.<\/p>\n\n\n\n<p>24 Ela deu \u00e0 luz um filho e p\u00f4s-lhe o nome de Sans\u00e3o. O menino cresceu e o Senhor o aben\u00e7oou.<\/p>\n\n\n\n<p>25 E o Esp\u00edrito do Senhor come\u00e7ou a incit\u00e1-lo, em Mahan\u00ea-D\u00e3, entre Sorea e Estaol.<\/p>\n\n\n\n<p>Palavra do Senhor.<\/p>\n\n\n\n<h3 class=\"wp-block-heading\">Salmo Responsorial &#8211;&nbsp;70\/71<\/h3>\n\n\n\n<p><strong>Minha boca se encha de louvor,<\/strong><\/p>\n\n\n\n<p><strong>para que eu cante vossa gl\u00f3ria.<\/strong><\/p>\n\n\n\n<p>Sede uma rocha protetora para mim,<\/p>\n\n\n\n<p>um abrigo bem seguro que me salve!<\/p>\n\n\n\n<p>Porque sois a minha for\u00e7a e meu amparo,<\/p>\n\n\n\n<p>o meu ref\u00fagio, prote\u00e7\u00e3o e seguran\u00e7a!<\/p>\n\n\n\n<p>Libertai-me, \u00f3 meu Deus, das m\u00e3os do \u00edmpio.<\/p>\n\n\n\n<p>Porque sois, \u00f3 Senhor Deus minha esperan\u00e7a,<\/p>\n\n\n\n<p>em v\u00f3s confio desde a minha juventude!<\/p>\n\n\n\n<p>Sois meu apoio desde antes que eu nascesse,<\/p>\n\n\n\n<p>desde o seio maternal, o meu amparo.<\/p>\n\n\n\n<p>Cantarei vossos portentos, \u00f3 Senhor,<\/p>\n\n\n\n<p>lembrarei vossa justi\u00e7a sem igual!<\/p>\n\n\n\n<p>V\u00f3s me ensinastes desde minha juventude,<\/p>\n\n\n\n<p>e at\u00e9 hoje canto as vossas maravilhas.<\/p>\n\n\n\n<h3 class=\"wp-block-heading\">Leitura &#8211;<\/h3>\n\n\n\n<h3 class=\"wp-block-heading\">Evangelho &#8211;&nbsp;Lucas 1,5-25<\/h3>\n\n\n\n<p>Aleluia, aleluia, aleluia.<\/p>\n\n\n\n<p>\u00d3 raiz de Jess\u00e9, sinal das na\u00e7\u00f5es: oh, vinde livrar-nos e n\u00e3o tardeis mais!<\/p>\n\n\n\n<p>Proclama\u00e7\u00e3o do Evangelho de Jesus Cristo segundo Lucas.<\/p>\n\n\n\n<p>1 5 Nos tempos de Herodes, rei da Jud\u00e9ia, houve um sacerdote por nome Zacarias, da classe de Abias; sua mulher, descendente de Aar\u00e3o, chamava-se Isabel.<\/p>\n\n\n\n<p>6 Ambos eram justos diante de Deus e observavam irrepreensivelmente todos os mandamentos e preceitos do Senhor.<\/p>\n\n\n\n<p>7 Mas n\u00e3o tinham filho, porque Isabel era est\u00e9ril e ambos de idade avan\u00e7ada.<\/p>\n\n\n\n<p>8 Ora, exercendo Zacarias diante de Deus as fun\u00e7\u00f5es de sacerdote, na ordem da sua classe,<\/p>\n\n\n\n<p>9 coube-lhe por sorte, segundo o costume em uso entre os sacerdotes, entrar no santu\u00e1rio do Senhor e a\u00ed oferecer o perfume.<\/p>\n\n\n\n<p>10 Todo o povo estava de fora, \u00e0 hora da oferenda do perfume.<\/p>\n\n\n\n<p>11 Apareceu-lhe ent\u00e3o um anjo do Senhor, em p\u00e9, \u00e0 direita do altar do perfume.<\/p>\n\n\n\n<p>12 Vendo-o, Zacarias ficou perturbado, e o temor assaltou-o.<\/p>\n\n\n\n<p>13 Mas o anjo disse-lhe: \u201cN\u00e3o temas, Zacarias, porque foi ouvida a tua ora\u00e7\u00e3o: Isabel, tua mulher, dar-te-\u00e1 um filho, e cham\u00e1-lo-\u00e1s Jo\u00e3o.<\/p>\n\n\n\n<p>14 Ele ser\u00e1 para ti motivo de gozo e alegria, e muitos se alegrar\u00e3o com o seu nascimento;<\/p>\n\n\n\n<p>15 porque ser\u00e1 grande diante do Senhor e n\u00e3o beber\u00e1 vinho nem cerveja, e desde o ventre de sua m\u00e3e ser\u00e1 cheio do Esp\u00edrito Santo;<\/p>\n\n\n\n<p>16 ele converter\u00e1 muitos dos filhos de Israel ao Senhor, seu Deus,<\/p>\n\n\n\n<p>17 e ir\u00e1 adiante de Deus com o esp\u00edrito e poder de Elias para reconduzir os cora\u00e7\u00f5es dos pais aos filhos e os rebeldes \u00e0 sabedoria dos justos, para preparar ao Senhor um povo bem disposto\u201d.<\/p>\n\n\n\n<p>18 Zacarias perguntou ao anjo: \u201cDonde terei certeza disto? Pois sou velho e minha mulher \u00e9 de idade avan\u00e7ada\u201d.<\/p>\n\n\n\n<p>19 O anjo respondeu-lhe: \u201cEu sou Gabriel, que assisto diante de Deus, e fui enviado para te falar e te trazer esta feliz nova.<\/p>\n\n\n\n<p>20 Eis que ficar\u00e1s mudo e n\u00e3o poder\u00e1s falar at\u00e9 o dia em que estas coisas acontecerem, visto que n\u00e3o deste cr\u00e9dito \u00e0s minhas palavras, que se h\u00e3o de cumprir a seu tempo\u201d.<\/p>\n\n\n\n<p>21 No entanto, o povo estava esperando Zacarias; e admirava-se de ele se demorar tanto tempo no santu\u00e1rio.<\/p>\n\n\n\n<p>22 Ao sair, n\u00e3o lhes podia falar, e compreenderam que tivera no santu\u00e1rio uma vis\u00e3o. Ele lhes explicava isto por acenos; e permaneceu mudo.<\/p>\n\n\n\n<p>23 Decorridos os dias do seu minist\u00e9rio, retirou-se para sua casa.<\/p>\n\n\n\n<p>24 Algum tempo depois Isabel, sua mulher, concebeu; e por cinco meses se ocultava, dizendo:<\/p>\n\n\n\n<p>25 \u201cEis a gra\u00e7a que o Senhor me fez, quando lan\u00e7ou os olhos sobre mim para tirar o meu opr\u00f3brio dentre os homens\u201d.<\/p>\n\n\n\n<p>Palavra da Salva\u00e7\u00e3o.<\/p>\n\n\n\n<h3 class=\"wp-block-heading\">Coment\u00e1rio ao Evangelho<\/h3>\n\n\n\n<p>DOIS EXEMPLOS DE PIEDADE<\/p>\n\n\n\n<p>No contexto do advento do Messias Jesus, despontam dois personagens, aut\u00eanticos modelos de piedade: Zacarias e Isabel. Seus nomes estar\u00e3o para sempre ligados ao Messias.<\/p>\n\n\n\n<p>Zacarias, nome que significa Deus se lembra, era sacerdote do baixo-clero de Jerusal\u00e9m. Sua profunda religiosidade tornava-o \u00edntimo de Deus. Como os grandes personagens do passado, apesar de sua fidelidade, chegara a uma idade avan\u00e7ada sem ter gerado filhos que lhe garantissem a descend\u00eancia. P\u00e9ssima experi\u00eancia, numa sociedade onde a prole era sinal de b\u00ean\u00e7\u00e3o divina. Ele, por\u00e9m, recorreu incansavelmente a Deus, at\u00e9 que sua ora\u00e7\u00e3o foi atendida, muito al\u00e9m do que esperava. O Senhor dar-lhe-ia um filho, cheio do &#8220;esp\u00edrito e poder de Elias&#8221;, cuja miss\u00e3o seria promover um grande processo de reconcilia\u00e7\u00e3o, visando &#8220;preparar para o Senhor um povo perfeito&#8221;. Essa promessa seria demasiadamente dif\u00edcil de ser realizada, devido \u00e0 idade muito avan\u00e7ada do casal. Foi preciso um sinal divino: a experi\u00eancia de mudez de Zacarias, para provar a autenticidade da mensagem divina. Embora levantando obje\u00e7\u00f5es, este comportou-se como aut\u00eantico homem temente a Deus. Por isso, Deus lembrou-se dele.<\/p>\n\n\n\n<p>Isabel, nome que significa Deus \u00e9 plenitude, manteve viva a chama da esperan\u00e7a de gerar um filho, apesar da velhice e da esterilidade. Por isso, experimentou a bondade divina que se dignou livr\u00e1-la da ignom\u00ednia de n\u00e3o ser m\u00e3e.<\/p>\n","protected":false},"excerpt":{"rendered":"<p>Evangelho &#8211;\u00a0Lucas 1,5-25 Ora\u00e7\u00e3o do dia \u00d3 Deus, que revelastes ao mundo o esplendor da vossa gl\u00f3ria pelo parto virginal de Maria, dai-nos venerar com f\u00e9 pura e celebrar sempre com amor sincero&#8230;<\/p>\n","protected":false},"author":2,"featured_media":19559,"comment_status":"open","ping_status":"open","sticky":false,"template":"","format":"standard","meta":[],"categories":[7],"tags":[],"_links":{"self":[{"href":"https:\/\/www.salvatorianas.org.br\/blog\/wp-json\/wp\/v2\/posts\/19558"}],"collection":[{"href":"https:\/\/www.salvatorianas.org.br\/blog\/wp-json\/wp\/v2\/posts"}],"about":[{"href":"https:\/\/www.salvatorianas.org.br\/blog\/wp-json\/wp\/v2\/types\/post"}],"author":[{"embeddable":true,"href":"https:\/\/www.salvatorianas.org.br\/blog\/wp-json\/wp\/v2\/users\/2"}],"replies":[{"embeddable":true,"href":"https:\/\/www.salvatorianas.org.br\/blog\/wp-json\/wp\/v2\/comments?post=19558"}],"version-history":[{"count":1,"href":"https:\/\/www.salvatorianas.org.br\/blog\/wp-json\/wp\/v2\/posts\/19558\/revisions"}],"predecessor-version":[{"id":19560,"href":"https:\/\/www.salvatorianas.org.br\/blog\/wp-json\/wp\/v2\/posts\/19558\/revisions\/19560"}],"wp:featuredmedia":[{"embeddable":true,"href":"https:\/\/www.salvatorianas.org.br\/blog\/wp-json\/wp\/v2\/media\/19559"}],"wp:attachment":[{"href":"https:\/\/www.salvatorianas.org.br\/blog\/wp-json\/wp\/v2\/media?parent=19558"}],"wp:term":[{"taxonomy":"category","embeddable":true,"href":"https:\/\/www.salvatorianas.org.br\/blog\/wp-json\/wp\/v2\/categories?post=19558"},{"taxonomy":"post_tag","embeddable":true,"href":"https:\/\/www.salvatorianas.org.br\/blog\/wp-json\/wp\/v2\/tags?post=19558"}],"curies":[{"name":"wp","href":"https:\/\/api.w.org\/{rel}","templated":true}]}}