{"id":19555,"date":"2022-12-18T01:00:00","date_gmt":"2022-12-18T01:00:00","guid":{"rendered":"https:\/\/www.salvatorianas.org.br\/blog\/?p=19555"},"modified":"2022-12-13T15:03:10","modified_gmt":"2022-12-13T15:03:10","slug":"4o-domingo-do-advento","status":"publish","type":"post","link":"https:\/\/www.salvatorianas.org.br\/blog\/4o-domingo-do-advento\/","title":{"rendered":"4\u00ba Domingo do Advento"},"content":{"rendered":"\n<p>Evangelho &#8211;\u00a0Mateus 1,18-24<\/p>\n\n\n\n<h3 class=\"wp-block-heading\">Ora\u00e7\u00e3o do dia<\/h3>\n\n\n\n<p>Derramai, \u00f3 Deus, a vossa gra\u00e7a em nossos cora\u00e7\u00f5es para que, conhecendo pela mensagem do anjo a encarna\u00e7\u00e3o do vosso Filho, cheguemos, por sua paix\u00e3o e cruz, \u00e0 gl\u00f3ria da ressurrei\u00e7\u00e3o. Por Nosso Senhor Jesus Cristo, Vosso Filho, na unidade do Esp\u00edrito Santo.<\/p>\n\n\n\n<h3 class=\"wp-block-heading\">Leitura &#8211;&nbsp;Isa\u00edas 7,10-14<\/h3>\n\n\n\n<p>Leitura do profeta Isa\u00edas.<\/p>\n\n\n\n<p>7 10 O Senhor disse ainda a Acaz:<\/p>\n\n\n\n<p>11 &#8220;Pede ao Senhor teu Deus um sinal, seja do fundo da habita\u00e7\u00e3o dos mortos, seja l\u00e1 do alto&#8221;.<\/p>\n\n\n\n<p>12 Acaz respondeu: &#8220;De maneira alguma! N\u00e3o quero p\u00f4r o Senhor \u00e0 prova&#8221;.<\/p>\n\n\n\n<p>13 Isa\u00edas respondeu: &#8220;Ouvi, casa de Davi: N\u00e3o vos basta fatigar a paci\u00eancia dos homens? Pretendeis cansar tamb\u00e9m o meu Deus?<\/p>\n\n\n\n<p>14 Por isso, o pr\u00f3prio Senhor vos dar\u00e1 um sinal: uma virgem conceber\u00e1 e dar\u00e1 \u00e0 luz um filho, e o chamar\u00e1 Deus Conosco&#8221;.<\/p>\n\n\n\n<p>Palavra do Senhor.<\/p>\n\n\n\n<h3 class=\"wp-block-heading\">Salmo Responsorial &#8211;&nbsp;23\/24<\/h3>\n\n\n\n<p><strong>O rei da gl\u00f3ria \u00e9 Senhor onipotente;<\/strong><\/p>\n\n\n\n<p><strong>abri as portas para que ele possa entrar!<\/strong><\/p>\n\n\n\n<p>Ao Senhor pertence a terra e o que ela encerra,<\/p>\n\n\n\n<p>o mundo inteiro com os seres que o povoam;<\/p>\n\n\n\n<p>porque ele a tornou firme sobre os mares<\/p>\n\n\n\n<p>e, sobre as \u00e1guas, a mant\u00e9m inabal\u00e1vel.<\/p>\n\n\n\n<p>\u201cQuem subir\u00e1 at\u00e9 o monte do Senhor,<\/p>\n\n\n\n<p>quem ficar\u00e1 em sua santa habita\u00e7\u00e3o?\u201d<\/p>\n\n\n\n<p>\u201cQuem tem m\u00e3os puras e inocente cora\u00e7\u00e3o,<\/p>\n\n\n\n<p>quem n\u00e3o dirige sua mente para o crime.<\/p>\n\n\n\n<p>Sobre este desce a b\u00ean\u00e7\u00e3o do Senhor<\/p>\n\n\n\n<p>e a recompensa de seu Deus e salvador\u201d.<\/p>\n\n\n\n<p>\u201c\u00c9 assim a gera\u00e7\u00e3o dos que o procuram<\/p>\n\n\n\n<p>E do Deus Israel buscam a face\u201d.<\/p>\n\n\n\n<h3 class=\"wp-block-heading\">Leitura &#8211;&nbsp;Romanos 1,1-7<\/h3>\n\n\n\n<p>Leitura da carta de s\u00e3o Paulo aos Romanos.<\/p>\n\n\n\n<p>1 1 Paulo, servo de Jesus Cristo, escolhido para ser ap\u00f3stolo, reservado para anunciar o Evangelho de Deus;<\/p>\n\n\n\n<p>2 este Evangelho Deus prometera outrora pelos seus profetas na Sagrada Escritura,<\/p>\n\n\n\n<p>3 acerca de seu Filho Jesus Cristo, nosso Senhor, descendente de Davi quanto \u00e0 carne,<\/p>\n\n\n\n<p>4 que, segundo o Esp\u00edrito de santidade, foi estabelecido Filho de Deus no poder por sua ressurrei\u00e7\u00e3o dos mortos;<\/p>\n\n\n\n<p>5 e do qual temos recebido a gra\u00e7a e o apostolado, a fim de levar, em seu nome, todas as na\u00e7\u00f5es pag\u00e3s \u00e0 obedi\u00eancia da f\u00e9,<\/p>\n\n\n\n<p>6 entre as quais tamb\u00e9m v\u00f3s sois os eleitos de Jesus Cristo,<\/p>\n\n\n\n<p>7 a todos os que est\u00e3o em Roma, queridos de Deus, chamados a serem santos: a v\u00f3s, gra\u00e7a e paz da parte de Deus, nosso Pai, e da parte do Senhor Jesus Cristo!<\/p>\n\n\n\n<p>Palavra do Senhor.<\/p>\n\n\n\n<h3 class=\"wp-block-heading\">Evangelho &#8211;&nbsp;Mateus 1,18-24<\/h3>\n\n\n\n<p>Aleluia, aleluia, aleluia.<\/p>\n\n\n\n<p>Eis que a virgem conceber\u00e1 e dar\u00e1 \u00e0 luz um filho. Chamar-se-\u00e1 Emanuel, que significa: Deus conosco (Mt 1,23).<\/p>\n\n\n\n<p>Proclama\u00e7\u00e3o do Evangelho de Jesus Cristo segundo Mateus.<\/p>\n\n\n\n<p>1 18 Eis como nasceu Jesus Cristo: Maria, sua m\u00e3e, estava desposada com Jos\u00e9. Antes de coabitarem, aconteceu que ela concebeu por virtude do Esp\u00edrito Santo.<\/p>\n\n\n\n<p>19 Jos\u00e9, seu esposo, que era homem de bem, n\u00e3o querendo difam\u00e1-la, resolveu rejeit\u00e1-la secretamente.<\/p>\n\n\n\n<p>20 Enquanto assim pensava, eis que um anjo do Senhor lhe apareceu em sonhos e lhe disse: \u201cJos\u00e9, filho de Davi, n\u00e3o temas receber Maria por esposa, pois o que nela foi concebido vem do Esp\u00edrito Santo.<\/p>\n\n\n\n<p>21 Ela dar\u00e1 \u00e0 luz um filho, a quem por\u00e1s o nome de Jesus, porque ele salvar\u00e1 o seu povo de seus pecados\u201d.<\/p>\n\n\n\n<p>22 Tudo isto aconteceu para que se cumprisse o que o Senhor falou pelo profeta:<\/p>\n\n\n\n<p>23 \u201cEis que a Virgem conceber\u00e1 e dar\u00e1 \u00e0 luz um filho, que se chamar\u00e1 Emanuel, que significa: Deus conosco\u201d.<\/p>\n\n\n\n<p>24 Despertando, Jos\u00e9 fez como o anjo do Senhor lhe havia mandado e recebeu em sua casa sua esposa.<\/p>\n\n\n\n<p>Palavra da Salva\u00e7\u00e3o.<\/p>\n\n\n\n<h3 class=\"wp-block-heading\">Coment\u00e1rio ao Evangelho<\/h3>\n\n\n\n<p>O SALVADOR DO POVO<\/p>\n\n\n\n<p>A interven\u00e7\u00e3o do anjo, visando dirimir as d\u00favidas que assolavam o cora\u00e7\u00e3o de Jos\u00e9, foi ocasi\u00e3o para explicitar, desde a concep\u00e7\u00e3o, o sentido da presen\u00e7a de Jesus na hist\u00f3ria humana: salvar o povo de seus pecados.<\/p>\n\n\n\n<p>A miss\u00e3o do Salvador leva-nos a recapitular a longa hist\u00f3ria da miseric\u00f3rdia divina em rela\u00e7\u00e3o ao ser humano, criado para a comunh\u00e3o com o Pai. A ruptura gerada pelo pecado, de forma alguma poderia significar o fim deste projeto de amor. A hist\u00f3ria da salva\u00e7\u00e3o consistiu num cont\u00ednuo esfor\u00e7o de Deus para refazer os la\u00e7os rompidos. A iniciativa da reconcilia\u00e7\u00e3o, desde o in\u00edcio partiu de quem havia sido ofendido, e n\u00e3o do ser humano pecador, num sinal inequ\u00edvoco da benevol\u00eancia do Pai. A escolha de Israel como povo da predile\u00e7\u00e3o divina, bem como o envio de profetas e mensageiros apontam para a determina\u00e7\u00e3o de Deus de conduzir a humanidade \u00e0 reconcilia\u00e7\u00e3o consigo.<\/p>\n\n\n\n<p>A encarna\u00e7\u00e3o de Jesus \u00e9 o \u00e1pice desta hist\u00f3ria. Da\u00ed ter sido revestida com um carinho especial: o Filho de Deus foi concebido por obra do Esp\u00edrito Santo, sinal de que se tratava de um dom divino a ser acolhido por todo ser humano carente de salva\u00e7\u00e3o. O nome que lhe seria dado \u2013 Yeshua \u2013, que significa Jav\u00e9 \u00e9 Salva\u00e7\u00e3o, traria a marca de sua miss\u00e3o. Nele a humanidade haveria de encontrar o caminho da reconcilia\u00e7\u00e3o com o amor do Pai. Portanto, salvar-se significa voltar para a comunh\u00e3o com Deus e, por consequ\u00eancia, com o pr\u00f3ximo, de forma a superar as sequelas nefastas do pecado.<\/p>\n","protected":false},"excerpt":{"rendered":"<p>Evangelho &#8211;\u00a0Mateus 1,18-24 Ora\u00e7\u00e3o do dia Derramai, \u00f3 Deus, a vossa gra\u00e7a em nossos cora\u00e7\u00f5es para que, conhecendo pela mensagem do anjo a encarna\u00e7\u00e3o do vosso Filho, cheguemos, por sua paix\u00e3o e cruz,&#8230;<\/p>\n","protected":false},"author":2,"featured_media":19556,"comment_status":"open","ping_status":"open","sticky":false,"template":"","format":"standard","meta":[],"categories":[7],"tags":[],"_links":{"self":[{"href":"https:\/\/www.salvatorianas.org.br\/blog\/wp-json\/wp\/v2\/posts\/19555"}],"collection":[{"href":"https:\/\/www.salvatorianas.org.br\/blog\/wp-json\/wp\/v2\/posts"}],"about":[{"href":"https:\/\/www.salvatorianas.org.br\/blog\/wp-json\/wp\/v2\/types\/post"}],"author":[{"embeddable":true,"href":"https:\/\/www.salvatorianas.org.br\/blog\/wp-json\/wp\/v2\/users\/2"}],"replies":[{"embeddable":true,"href":"https:\/\/www.salvatorianas.org.br\/blog\/wp-json\/wp\/v2\/comments?post=19555"}],"version-history":[{"count":1,"href":"https:\/\/www.salvatorianas.org.br\/blog\/wp-json\/wp\/v2\/posts\/19555\/revisions"}],"predecessor-version":[{"id":19557,"href":"https:\/\/www.salvatorianas.org.br\/blog\/wp-json\/wp\/v2\/posts\/19555\/revisions\/19557"}],"wp:featuredmedia":[{"embeddable":true,"href":"https:\/\/www.salvatorianas.org.br\/blog\/wp-json\/wp\/v2\/media\/19556"}],"wp:attachment":[{"href":"https:\/\/www.salvatorianas.org.br\/blog\/wp-json\/wp\/v2\/media?parent=19555"}],"wp:term":[{"taxonomy":"category","embeddable":true,"href":"https:\/\/www.salvatorianas.org.br\/blog\/wp-json\/wp\/v2\/categories?post=19555"},{"taxonomy":"post_tag","embeddable":true,"href":"https:\/\/www.salvatorianas.org.br\/blog\/wp-json\/wp\/v2\/tags?post=19555"}],"curies":[{"name":"wp","href":"https:\/\/api.w.org\/{rel}","templated":true}]}}