{"id":19551,"date":"2022-12-17T01:00:00","date_gmt":"2022-12-17T01:00:00","guid":{"rendered":"https:\/\/www.salvatorianas.org.br\/blog\/?p=19551"},"modified":"2022-12-13T14:41:00","modified_gmt":"2022-12-13T14:41:00","slug":"3a-semana-do-advento-sabado","status":"publish","type":"post","link":"https:\/\/www.salvatorianas.org.br\/blog\/3a-semana-do-advento-sabado\/","title":{"rendered":"3\u00aa Semana do Advento | S\u00e1bado"},"content":{"rendered":"\n<p>Evangelho &#8211;\u00a0Mateus 1,1-17<\/p>\n\n\n\n<h3 class=\"wp-block-heading\">Ora\u00e7\u00e3o do dia<\/h3>\n\n\n\n<p>\u00d3 Deus, criador e redentor do g\u00eanero humano, quisestes que o vosso Verbo se encarnasse no seio da Virgem. Sede favor\u00e1vel \u00e0 nossa s\u00faplica, para que o vosso Filho unig\u00eanito, tendo recebido nossa humanidade, nos fa\u00e7a participar da sua vida divina. Por Nosso Senhor Jesus Cristo, Vosso Filho, na unidade do Esp\u00edrito Santo.<\/p>\n\n\n\n<h3 class=\"wp-block-heading\">Leitura &#8211;&nbsp;G\u00eanesis 49,2.8-10<\/h3>\n\n\n\n<p>Leitura do livro do G\u00eanesis.<\/p>\n\n\n\n<p>Naqueles dias, Jac\u00f3 chamou seus filhos e disse: 49 2 \u201cAjuntai-vos e ouvi, filhos de Jac\u00f3. Escutai Israel, vosso pai.<\/p>\n\n\n\n<p>8 Jud\u00e1, teus irm\u00e3os te louvar\u00e3o. Pegar\u00e1s pela nuca os inimigos; os filhos de teu pai se prostrar\u00e3o em tua presen\u00e7a.<\/p>\n\n\n\n<p>9 Filhote de le\u00e3o, Jud\u00e1: voltas trazendo a ca\u00e7a, meu filho. Dobra-se, deita-se como um le\u00e3o; como uma leoa: quem o despertar\u00e1?<\/p>\n\n\n\n<p>10 N\u00e3o se apartar\u00e1 o cetro de Jud\u00e1, nem o bast\u00e3o de comando dentre seus p\u00e9s, at\u00e9 que venha aquele a quem pertence por direito, e a quem devem obedi\u00eancia os povos\u201d.<\/p>\n\n\n\n<p>Palavra do Senhor.<\/p>\n\n\n\n<h3 class=\"wp-block-heading\">Salmo Responsorial &#8211;&nbsp;71\/72<\/h3>\n\n\n\n<p><strong>Nos seus dir\u00e1s a justi\u00e7a florir\u00e1<\/strong><\/p>\n\n\n\n<p><strong>e a paz em abund\u00e2ncia, para sempre.<\/strong><\/p>\n\n\n\n<p>Da\u00ed ao rei vossos poderes, Senhor Deus,<\/p>\n\n\n\n<p>vossa justi\u00e7a ao descendente da realeza!<\/p>\n\n\n\n<p>Com justi\u00e7a ele governe o vosso povo,<\/p>\n\n\n\n<p>com equidade ele julgue os vossos pobres.<\/p>\n\n\n\n<p>Das montanhas venha a paz a todo o povo,<\/p>\n\n\n\n<p>e des\u00e7a das colinas a justi\u00e7a!<\/p>\n\n\n\n<p>Este rei defender\u00e1 os que s\u00e3o pobres,<\/p>\n\n\n\n<p>os filhos dos humildes salvar\u00e1.<\/p>\n\n\n\n<p>Nos seus dias a justi\u00e7a florir\u00e1<\/p>\n\n\n\n<p>e grande paz, at\u00e9 que a lua perca o seu brilho!<\/p>\n\n\n\n<p>De mar a mar estender\u00e1 o seu dom\u00ednio,<\/p>\n\n\n\n<p>e desde o rio at\u00e9 os confins de toda a terra!<\/p>\n\n\n\n<p>Seja bendito o seu nome para sempre!<\/p>\n\n\n\n<p>E que dure como o sol sua mem\u00f3ria!<\/p>\n\n\n\n<p>Todos os povos ser\u00e3o nele aben\u00e7oados,<\/p>\n\n\n\n<p>todas as gentes cantar\u00e3o o seu louvor!<\/p>\n\n\n\n<h3 class=\"wp-block-heading\">Leitura &#8211;<\/h3>\n\n\n\n<h3 class=\"wp-block-heading\">Evangelho &#8211;&nbsp;Mateus 1,1-17<\/h3>\n\n\n\n<p>Aleluia, aleluia, aleluia.<\/p>\n\n\n\n<p>\u00d3 sabedoria do alt\u00edssimo, que tudo determina com do\u00e7ura e com vigor: oh, vem nos ensinar o caminho da prud\u00eancia!<\/p>\n\n\n\n<p>Proclama\u00e7\u00e3o do Evangelho de Jesus Cristo segundo Mateus.<\/p>\n\n\n\n<p>1 1 Genealogia de Jesus Cristo, filho de Davi, filho de Abra\u00e3o.<\/p>\n\n\n\n<p>2 Abra\u00e3o gerou Isaac. Isaac gerou Jac\u00f3. Jac\u00f3 gerou Jud\u00e1 e seus irm\u00e3os.<\/p>\n\n\n\n<p>3 Jud\u00e1 gerou, de Tamar, Far\u00e9s e Zara. Far\u00e9s gerou Esron. Esron gerou Ar\u00e3o.<\/p>\n\n\n\n<p>4 Ar\u00e3o gerou Aminadab. Aminadab gerou Naasson. Naasson gerou Salmon.<\/p>\n\n\n\n<p>5 Salmon gerou Booz, de Raab. Booz gerou Obed, de Rute. Obed gerou Jess\u00e9. Jess\u00e9 gerou o rei Davi.<\/p>\n\n\n\n<p>6 O rei Davi gerou Salom\u00e3o, daquela que fora mulher de Urias.<\/p>\n\n\n\n<p>7 Salom\u00e3o gerou Robo\u00e3o. Robo\u00e3o gerou Abias. Abias gerou Asa.<\/p>\n\n\n\n<p>8 Asa gerou Josaf\u00e1. Josaf\u00e1 gerou Jor\u00e3o. Jor\u00e3o gerou Ozias.<\/p>\n\n\n\n<p>9 Ozias gerou Joat\u00e3o. Joat\u00e3o gerou Acaz. Acaz gerou Ezequias.<\/p>\n\n\n\n<p>10 Ezequias gerou Manass\u00e9s. Manass\u00e9s gerou Amon. Amon gerou Josias.<\/p>\n\n\n\n<p>11 Josias gerou Jeconias e seus irm\u00e3os, no cativeiro de Babil\u00f4nia.<\/p>\n\n\n\n<p>12 E, depois do cativeiro de Babil\u00f4nia, Jeconias gerou Salatiel. Salatiel gerou Zorobabel.<\/p>\n\n\n\n<p>13 Zorobabel gerou Abiud. Abiud gerou Eliacim. Eliacim gerou Azor.<\/p>\n\n\n\n<p>14 Azor gerou Sadoc. Sadoc gerou Aquim. Aquim gerou Eliud.<\/p>\n\n\n\n<p>15 Eliud gerou Eleazar. Eleazar gerou Mat\u00e3. Mat\u00e3 gerou Jac\u00f3.<\/p>\n\n\n\n<p>16 Jac\u00f3 gerou Jos\u00e9, esposo de Maria, da qual nasceu Jesus, que \u00e9 chamado Cristo.<\/p>\n\n\n\n<p>17 Portanto, as gera\u00e7\u00f5es, desde Abra\u00e3o at\u00e9 Davi, s\u00e3o quatorze. Desde Davi at\u00e9 o cativeiro de Babil\u00f4nia, quatorze gera\u00e7\u00f5es. E, depois do cativeiro at\u00e9 Cristo, quatorze gera\u00e7\u00f5es.<\/p>\n\n\n\n<p>Palavra da Salva\u00e7\u00e3o.<\/p>\n\n\n\n<h3 class=\"wp-block-heading\">Coment\u00e1rio ao Evangelho<\/h3>\n\n\n\n<p>A PLENIFICA\u00c7\u00c3O DA HIST\u00d3RIA<\/p>\n\n\n\n<p>A genealogia visa mostrar a centralidade de Jesus na hist\u00f3ria do povo de Israel. Tudo converge para ele e nele tudo tem origem.<\/p>\n\n\n\n<p>Chamar Jesus de filho de Davi e filho de Abra\u00e3o corresponde a situ\u00e1-lo nos prim\u00f3rdios da Hist\u00f3ria. Enquanto filho de Davi, seria a realiza\u00e7\u00e3o das antigas promessas feitas ao grande rei, fundador da dinastia de Jud\u00e1, que recebera a promessa divina de perpetuidade. Seria, tamb\u00e9m, sinal da fidelidade de Deus, que jamais esquece uma palavra dada. Nele o povo de Israel teria seu definitivo l\u00edder.<\/p>\n\n\n\n<p>O t\u00edtulo filho de Abra\u00e3o faz dele mediador das b\u00ean\u00e7\u00e3os divinas, segundo a promessa feita, outrora, ao grande patriarca. Jav\u00e9 havia empenhado sua palavra, por ocasi\u00e3o da voca\u00e7\u00e3o de Abra\u00e3o: &#8220;Em teu nome, ser\u00e3o aben\u00e7oadas todas as fam\u00edlias da Terra&#8221;. Jesus, qual novo Isaac, apontava para a realiza\u00e7\u00e3o das promessas divinas, embora, \u00e0 primeira vista, pudessem parecer irrealiz\u00e1veis. Nele a humanidade reencontrava o caminho das b\u00ean\u00e7\u00e3os, ap\u00f3s ter vagado pelo caminho do pecado, e, por conseguinte, tamb\u00e9m do castigo.<\/p>\n\n\n\n<p>Portanto, Jesus une em si duas linhas de tradi\u00e7\u00e3o teol\u00f3gica do povo: a dav\u00eddica e a abra\u00e2mica. Em cada uma delas, frisa-se um aspecto de sua atua\u00e7\u00e3o. Enfim, as esperan\u00e7as foram realizadas! As promessas divinas encontraram seu ponto mais alto de realiza\u00e7\u00e3o.<\/p>\n","protected":false},"excerpt":{"rendered":"<p>Evangelho &#8211;\u00a0Mateus 1,1-17 Ora\u00e7\u00e3o do dia \u00d3 Deus, criador e redentor do g\u00eanero humano, quisestes que o vosso Verbo se encarnasse no seio da Virgem. Sede favor\u00e1vel \u00e0 nossa s\u00faplica, para que o&#8230;<\/p>\n","protected":false},"author":2,"featured_media":19552,"comment_status":"open","ping_status":"open","sticky":false,"template":"","format":"standard","meta":[],"categories":[7],"tags":[],"_links":{"self":[{"href":"https:\/\/www.salvatorianas.org.br\/blog\/wp-json\/wp\/v2\/posts\/19551"}],"collection":[{"href":"https:\/\/www.salvatorianas.org.br\/blog\/wp-json\/wp\/v2\/posts"}],"about":[{"href":"https:\/\/www.salvatorianas.org.br\/blog\/wp-json\/wp\/v2\/types\/post"}],"author":[{"embeddable":true,"href":"https:\/\/www.salvatorianas.org.br\/blog\/wp-json\/wp\/v2\/users\/2"}],"replies":[{"embeddable":true,"href":"https:\/\/www.salvatorianas.org.br\/blog\/wp-json\/wp\/v2\/comments?post=19551"}],"version-history":[{"count":1,"href":"https:\/\/www.salvatorianas.org.br\/blog\/wp-json\/wp\/v2\/posts\/19551\/revisions"}],"predecessor-version":[{"id":19553,"href":"https:\/\/www.salvatorianas.org.br\/blog\/wp-json\/wp\/v2\/posts\/19551\/revisions\/19553"}],"wp:featuredmedia":[{"embeddable":true,"href":"https:\/\/www.salvatorianas.org.br\/blog\/wp-json\/wp\/v2\/media\/19552"}],"wp:attachment":[{"href":"https:\/\/www.salvatorianas.org.br\/blog\/wp-json\/wp\/v2\/media?parent=19551"}],"wp:term":[{"taxonomy":"category","embeddable":true,"href":"https:\/\/www.salvatorianas.org.br\/blog\/wp-json\/wp\/v2\/categories?post=19551"},{"taxonomy":"post_tag","embeddable":true,"href":"https:\/\/www.salvatorianas.org.br\/blog\/wp-json\/wp\/v2\/tags?post=19551"}],"curies":[{"name":"wp","href":"https:\/\/api.w.org\/{rel}","templated":true}]}}