{"id":19547,"date":"2022-12-16T01:00:00","date_gmt":"2022-12-16T01:00:00","guid":{"rendered":"https:\/\/www.salvatorianas.org.br\/blog\/?p=19547"},"modified":"2022-12-13T14:32:18","modified_gmt":"2022-12-13T14:32:18","slug":"3a-semana-do-advento-sexta-feira","status":"publish","type":"post","link":"https:\/\/www.salvatorianas.org.br\/blog\/3a-semana-do-advento-sexta-feira\/","title":{"rendered":"3\u00aa Semana do Advento | Sexta-feira"},"content":{"rendered":"\n<p>Evangelho &#8211;\u00a0Jo\u00e3o 5,33-36<\/p>\n\n\n\n<h3 class=\"wp-block-heading\">Ora\u00e7\u00e3o do dia<\/h3>\n\n\n\n<p>N\u00f3s vos pedimos, \u00f3 Deus todo-poderoso, que a vossa gra\u00e7a sempre nos preceda e acompanhe, para que, esperando ansiosamente a vinda do vosso Filho, possamos obter a vossa ajuda nesta vida e na outra. Por Nosso Senhor Jesus Cristo, Vosso Filho, na unidade do Esp\u00edrito Santo.<\/p>\n\n\n\n<h3 class=\"wp-block-heading\">Leitura &#8211;&nbsp;Isa\u00edas 56,1-3.6-8<\/h3>\n\n\n\n<p>Leitura do livro do profeta Isa\u00edas.<\/p>\n\n\n\n<p>56 1 Eis o que diz o Senhor: &#8220;Respeitai o direito e praticai a justi\u00e7a, porque minha salva\u00e7\u00e3o n\u00e3o tarda a chegar e minha justi\u00e7a a revelar-se.<\/p>\n\n\n\n<p>2 Feliz do homem que assim se comporta, e o filho do homem que se at\u00e9m a isso, que observa o s\u00e1bado sem profan\u00e1-lo, e abst\u00e9m-se de toda m\u00e1 a\u00e7\u00e3o.<\/p>\n\n\n\n<p>3 Que o estrangeiro que deseja afei\u00e7oar-se ao Senhor n\u00e3o diga: \u00b4Certamente o Senhor vai excluir-me de seu povo\u00b4. Que o eunuco n\u00e3o diga: \u00b4Oh! sou apenas um lenho seco\u00b4.<\/p>\n\n\n\n<p>6 Quanto aos estrangeiros que desejam unir-se ao Senhor, para servi-lo e amar seu nome, para serem seus servos, se observarem o s\u00e1bado sem profan\u00e1-lo, e se se afei\u00e7oarem \u00e0 minha alian\u00e7a,<\/p>\n\n\n\n<p>7 eu os conduzirei ao meu monte santo e os cumularei de alegria na minha casa de ora\u00e7\u00e3o; seus holocaustos e sacrif\u00edcios ser\u00e3o aceitos sobre meu altar, pois minha casa chamar-se-\u00e1 Casa de Ora\u00e7\u00f5es para todos os povos&#8221;.<\/p>\n\n\n\n<p>8 Or\u00e1culo do Senhor Deus que re\u00fane os exilados de Israel: &#8220;eu lhes agregarei ainda outros junto aos seus j\u00e1 reunidos&#8221;.<\/p>\n\n\n\n<p>Palavra do Senhor.<\/p>\n\n\n\n<h3 class=\"wp-block-heading\">Salmo Responsorial &#8211;&nbsp;66\/67<\/h3>\n\n\n\n<p><strong>Que as na\u00e7\u00f5es vos glorifiquem, \u00f3 Senhor,<\/strong><\/p>\n\n\n\n<p><strong>que todas as na\u00e7\u00f5es vos glorifiquem.<\/strong><\/p>\n\n\n\n<p>Que Deus nos d\u00ea a sua gra\u00e7a e sua ben\u00e7\u00e3o,<\/p>\n\n\n\n<p>e sua face resplande\u00e7a sobre n\u00f3s!<\/p>\n\n\n\n<p>Que na terra se conhe\u00e7a o seu caminho<\/p>\n\n\n\n<p>e sua salva\u00e7\u00e3o por entre os povos.<\/p>\n\n\n\n<p>Exulte de alegria a terra inteira,<\/p>\n\n\n\n<p>pois julgais o universo com justi\u00e7a;<\/p>\n\n\n\n<p>os povos governais com retid\u00e3o<\/p>\n\n\n\n<p>e guiais, em toda a terra, as na\u00e7\u00f5es.<\/p>\n\n\n\n<p>A terra produziu sua colheita:<\/p>\n\n\n\n<p>o Senhor e nosso Deus nos aben\u00e7oe,<\/p>\n\n\n\n<p>e o respeitem os confins de toda a terra!<\/p>\n\n\n\n<h3 class=\"wp-block-heading\">Leitura &#8211;<\/h3>\n\n\n\n<h3 class=\"wp-block-heading\">Evangelho &#8211;&nbsp;Jo\u00e3o 5,33-36<\/h3>\n\n\n\n<p>Aleluia, aleluia, aleluia.<\/p>\n\n\n\n<p>Vinde visitar-nos, \u00f3 Senhor, em grande paz e seguran\u00e7a, para que nos alegremos ante v\u00f3s com reto cora\u00e7\u00e3o!<\/p>\n\n\n\n<p>Proclama\u00e7\u00e3o do Evangelho de Jesus Cristo segundo Jo\u00e3o.<\/p>\n\n\n\n<p>Naquele tempo, Jesus disse aos judeus: 5 33 &#8220;V\u00f3s enviastes mensageiros a Jo\u00e3o, e ele deu testemunho da verdade.<\/p>\n\n\n\n<p>34 N\u00e3o invoco, por\u00e9m, o testemunho de homem algum. Digo-vos essas coisas, a fim de que sejais salvos.<\/p>\n\n\n\n<p>35 Jo\u00e3o era uma l\u00e2mpada que arde e ilumina; v\u00f3s, por\u00e9m, s\u00f3 por uma hora quisestes alegrar-vos com a sua luz.<\/p>\n\n\n\n<p>36 Mas tenho maior testemunho do que o de Jo\u00e3o, porque as obras que meu Pai me deu para executar &#8211; essas mesmas obras que fa\u00e7o &#8211; testemunham a meu respeito que o Pai me enviou&#8221;.<\/p>\n\n\n\n<p>Palavra da Salva\u00e7\u00e3o.<\/p>\n\n\n\n<h3 class=\"wp-block-heading\">Coment\u00e1rio ao Evangelho<\/h3>\n\n\n\n<p>A LUZ PROVIS\u00d3RIA<\/p>\n\n\n\n<p>Por maior que tivesse sido Jo\u00e3o Batista, seu testemunho da verdade, mesmo v\u00e1lido, era provis\u00f3rio. Afinal, estava na depend\u00eancia de um. Outro, o Pai, e apontava para um Outro, o Messias. O testemunho definitivo seria dado por este Outro. Al\u00e9m disso, sua atua\u00e7\u00e3o estava bem delimitada no tempo. \u00c0 chegada do Messias, podia dar por encerrada a sua miss\u00e3o.<\/p>\n\n\n\n<p>Era preciso dar um passo adiante, sem se deixar encantar com o clar\u00e3o representado por Jo\u00e3o Batista. A luz verdadeira j\u00e1 havia despontado, o Messias Jesus.<\/p>\n\n\n\n<p>Diferentemente do Precursor, o testemunho de Jesus procede diretamente do Pai. E se realiza, n\u00e3o apenas por meio de palavras, mas tamb\u00e9m pelas obras que realiza. S\u00e3o elas que apontam para o car\u00e1ter divino de sua messianidade e d\u00e3o credibilidade \u00e0s suas palavras. Nelas \u00e9 poss\u00edvel perceber como o Pai, em sua bondade imensa, empenha-se em salvar a humanidade, conduzindo-a pelos caminhos do amor e da verdade.<\/p>\n\n\n\n<p>Portanto, \u00e9 sensato dar ouvidos ao testemunho de Jesus e deixar-se guiar por ele. Sem esta decis\u00e3o, a pessoa corre o risco de se p\u00f4r \u00e0 margem do projeto de Deus.<\/p>\n\n\n\n<p>Os judeus, por sua vez, pouco se importavam com o testemunho de Jo\u00e3o Batista e o de Jesus. Faltava-lhes uma vontade resoluta de abrir m\u00e3o de seus esquemas e aderir, com sinceridade, ao des\u00edgnio de Deus.<\/p>\n","protected":false},"excerpt":{"rendered":"<p>Evangelho &#8211;\u00a0Jo\u00e3o 5,33-36 Ora\u00e7\u00e3o do dia N\u00f3s vos pedimos, \u00f3 Deus todo-poderoso, que a vossa gra\u00e7a sempre nos preceda e acompanhe, para que, esperando ansiosamente a vinda do vosso Filho, possamos obter a&#8230;<\/p>\n","protected":false},"author":2,"featured_media":19548,"comment_status":"open","ping_status":"open","sticky":false,"template":"","format":"standard","meta":[],"categories":[7],"tags":[],"_links":{"self":[{"href":"https:\/\/www.salvatorianas.org.br\/blog\/wp-json\/wp\/v2\/posts\/19547"}],"collection":[{"href":"https:\/\/www.salvatorianas.org.br\/blog\/wp-json\/wp\/v2\/posts"}],"about":[{"href":"https:\/\/www.salvatorianas.org.br\/blog\/wp-json\/wp\/v2\/types\/post"}],"author":[{"embeddable":true,"href":"https:\/\/www.salvatorianas.org.br\/blog\/wp-json\/wp\/v2\/users\/2"}],"replies":[{"embeddable":true,"href":"https:\/\/www.salvatorianas.org.br\/blog\/wp-json\/wp\/v2\/comments?post=19547"}],"version-history":[{"count":2,"href":"https:\/\/www.salvatorianas.org.br\/blog\/wp-json\/wp\/v2\/posts\/19547\/revisions"}],"predecessor-version":[{"id":19550,"href":"https:\/\/www.salvatorianas.org.br\/blog\/wp-json\/wp\/v2\/posts\/19547\/revisions\/19550"}],"wp:featuredmedia":[{"embeddable":true,"href":"https:\/\/www.salvatorianas.org.br\/blog\/wp-json\/wp\/v2\/media\/19548"}],"wp:attachment":[{"href":"https:\/\/www.salvatorianas.org.br\/blog\/wp-json\/wp\/v2\/media?parent=19547"}],"wp:term":[{"taxonomy":"category","embeddable":true,"href":"https:\/\/www.salvatorianas.org.br\/blog\/wp-json\/wp\/v2\/categories?post=19547"},{"taxonomy":"post_tag","embeddable":true,"href":"https:\/\/www.salvatorianas.org.br\/blog\/wp-json\/wp\/v2\/tags?post=19547"}],"curies":[{"name":"wp","href":"https:\/\/api.w.org\/{rel}","templated":true}]}}