{"id":19542,"date":"2022-12-15T01:00:00","date_gmt":"2022-12-15T01:00:00","guid":{"rendered":"https:\/\/www.salvatorianas.org.br\/blog\/?p=19542"},"modified":"2022-12-13T14:23:03","modified_gmt":"2022-12-13T14:23:03","slug":"3a-semana-do-advento-quinta-feira","status":"publish","type":"post","link":"https:\/\/www.salvatorianas.org.br\/blog\/3a-semana-do-advento-quinta-feira\/","title":{"rendered":"3\u00aa Semana do Advento | Quinta-feira"},"content":{"rendered":"\n<p>Evangelho &#8211;\u00a0Lucas 7,24-30<\/p>\n\n\n\n<h3 class=\"wp-block-heading\">Ora\u00e7\u00e3o do dia<\/h3>\n\n\n\n<p>Senhor nosso Deus, somos servos indignos e reconhecemos com tristeza as nossas faltas. Dai-nos a alegria do advento do vosso Filho que vem para nos salvar. Por nosso Senhor Jesus Cristo, Vosso Filho, na unidade do Esp\u00edrito Santo.<\/p>\n\n\n\n<h3 class=\"wp-block-heading\">Leitura &#8211;&nbsp;Isa\u00edas 54,1-10<\/h3>\n\n\n\n<p>Leitura do livro do profeta Isa\u00edas.<\/p>\n\n\n\n<p>54 1 D\u00e1 gritos de alegria, est\u00e9ril, tu que n\u00e3o tens filhos; entoa c\u00e2nticos de j\u00fabilo, tu que n\u00e3o d\u00e1s \u00e0 luz, porque os filhos da desamparada ser\u00e3o mais numerosos do que os da mulher casada, declara o Senhor.<\/p>\n\n\n\n<p>2 Amplia o espa\u00e7o da tua tenda, desdobra sem constrangimento as telas que te abrigam, alonga tuas cordas, consolida tuas estacas,<\/p>\n\n\n\n<p>3 pois dever\u00e1s estender-te \u00e0 direita e \u00e0 esquerda; teus descendentes v\u00e3o invadir as na\u00e7\u00f5es, povoar as cidades desertas.<\/p>\n\n\n\n<p>4 Nada temas, n\u00e3o ser\u00e1s desapontada. N\u00e3o te sintas perturbada, n\u00e3o ter\u00e1s do que te envergonhar, porque vais esquecer-te da vileza de tua mocidade. J\u00e1 n\u00e3o te lembrar\u00e1s do opr\u00f3brio de tua viuvez,<\/p>\n\n\n\n<p>5 pois teu esposo \u00e9 o teu Criador: chama-se o Senhor dos ex\u00e9rcitos; teu Redentor \u00e9 o Santo de Israel: chama-se o Deus de toda a terra.<\/p>\n\n\n\n<p>6 Como uma mulher abandonada e aflita, eu te chamo. Pode-se repudiar uma mulher desposada na juventude? &#8211; diz o Senhor teu Deus.<\/p>\n\n\n\n<p>7 Por um momento eu te havia abandonado, mas com profunda afei\u00e7\u00e3o eu te recebo de novo.<\/p>\n\n\n\n<p>8 Num acesso de c\u00f3lera volvi de ti minha face. Mas no meu eterno amor, tenho compaix\u00e3o de ti.<\/p>\n\n\n\n<p>9 Vou fazer hoje como no tempo de No\u00e9: tal como jurei ent\u00e3o que o dil\u00favio de No\u00e9 n\u00e3o mais se abateria sobre a terra, do mesmo modo fa\u00e7o juramento de n\u00e3o mais me irritar contra ti, e de nunca mais te atemorizar.<\/p>\n\n\n\n<p>10 Mesmo que as montanhas oscilassem e as colinas se abalassem, jamais meu amor te abandonar\u00e1 e jamais meu pacto de paz vacilar\u00e1, diz o Senhor que se compadeceu de ti.<\/p>\n\n\n\n<p>Palavra do Senhor.<\/p>\n\n\n\n<h3 class=\"wp-block-heading\">Salmo Responsorial &#8211;&nbsp;29\/30<\/h3>\n\n\n\n<p><strong>Eu vos exalto, \u00f3 Senhor, porque v\u00f3s me livrastes!<\/strong><\/p>\n\n\n\n<p>Eu vos exalto, \u00f3 Senhor, pois me livrastes,<\/p>\n\n\n\n<p>e n\u00e3o deixastes rir de mim meus inimigos!<\/p>\n\n\n\n<p>V\u00f3s tirastes minha alma dos abismos<\/p>\n\n\n\n<p>e me salvastes quando estava j\u00e1 morrendo!<\/p>\n\n\n\n<p>Cantai salmos ao Senhor, povo fiel,<\/p>\n\n\n\n<p>dai-lhe gra\u00e7as e invocai seu santo nome!<\/p>\n\n\n\n<p>Pois sua ira dura apenas um momento,<\/p>\n\n\n\n<p>mas sua bondade permanece a vida inteira;<\/p>\n\n\n\n<p>se \u00e0 tarde vem o pranto visitar-nos,<\/p>\n\n\n\n<p>de manh\u00e3 vem saudar-nos a alegria.<\/p>\n\n\n\n<p>Escutai-me, Senhor Deus, tende piedade!<\/p>\n\n\n\n<p>Sede, Senhor, o meu abrigo protetor!<\/p>\n\n\n\n<p>Transformastes o meu pranto em uma festa,<\/p>\n\n\n\n<p>Senhor meu Deus, eternamente hei de louvar-vos!<\/p>\n\n\n\n<h3 class=\"wp-block-heading\">Leitura &#8211;<\/h3>\n\n\n\n<h3 class=\"wp-block-heading\">Evangelho &#8211;&nbsp;Lucas 7,24-30<\/h3>\n\n\n\n<p>ACLAMA\u00c7\u00c3O AO EVANGELHO<\/p>\n\n\n\n<p>Aleluia, aleluia, aleluia.<\/p>\n\n\n\n<p>Preparai o caminho do Senhor, endireitai suas veredas! Toda carne h\u00e1 de ver a salva\u00e7\u00e3o que vem de Deus! (Lc 3,4.6).<\/p>\n\n\n\n<p>Proclama\u00e7\u00e3o do Evangelho de Jesus Cristo segundo Lucas.<\/p>\n\n\n\n<p>7 24 Depois que se retiraram os mensageiros de Jo\u00e3o, ele come\u00e7ou a falar de Jo\u00e3o ao povo: &#8220;Que fostes ver no deserto? Um cani\u00e7o agitado pelo vento?<\/p>\n\n\n\n<p>25 Mas que fostes ver? Um homem vestido de roupas finas? Mas os que vestem roupas preciosas e vivem no luxo est\u00e3o nos pal\u00e1cios dos reis.<\/p>\n\n\n\n<p>26 Mas, enfim, que fostes ver? Um profeta? Sim, digo-vos, e mais do que profeta.<\/p>\n\n\n\n<p>27 Este \u00e9 aquele de quem est\u00e1 escrito: \u00b4Eis que envio o meu mensageiro ante a tua face; ele preparar\u00e1 o teu caminho diante de ti\u00b4.<\/p>\n\n\n\n<p>28 Pois vos digo: entre os nascidos de mulher n\u00e3o h\u00e1 maior que Jo\u00e3o. Entretanto, o menor no Reino de Deus \u00e9 maior do que ele&#8221;.<\/p>\n\n\n\n<p>29 Ouvindo-o todo o povo, e mesmo os publicanos, deram raz\u00e3o a Deus, fazendo-se batizar com o batismo de Jo\u00e3o.<\/p>\n\n\n\n<p>30 Os fariseus, por\u00e9m, e os doutores da lei, recusando o seu batismo, frustraram o des\u00edgnio de Deus a seu respeito.<\/p>\n\n\n\n<p>Palavra da Salva\u00e7\u00e3o.<\/p>\n\n\n\n<h3 class=\"wp-block-heading\">Coment\u00e1rio ao Evangelho<\/h3>\n\n\n\n<p>QUEM \u00c9 JO\u00c3O BATISTA?<\/p>\n\n\n\n<p>Embora n\u00e3o concordasse com a vis\u00e3o messi\u00e2nica transmitida por Jo\u00e3o Batista, Jesus reconhecia-lhes os m\u00e9ritos como tamb\u00e9m o papel relevante que Deus lhe confiara.<\/p>\n\n\n\n<p>A firmeza exemplar do Batista fazia dele um aut\u00eantico homem de Deus. Nada o movia a comportar-se como &#8220;um cani\u00e7o agitado pelo vento&#8221;, nem mesmo a viol\u00eancia de Herodes. Sem receio de desagradar, convocava as pessoas para a convers\u00e3o.<\/p>\n\n\n\n<p>Muito menos se comportava como um cortes\u00e3o, acostumado a ser bajulado, a viver no luxo e nos prazeres, a buscar o reconhecimento alheio.<\/p>\n\n\n\n<p>Sua figura era a de um profeta, como os grandes profetas da Tradi\u00e7\u00e3o, conhecidos por sua coragem, quando se tratava de defender o projeto de Deus. Ele se identificava com o &#8220;mensageiro&#8221; profetizado por Malaquias, enviado por Deus para preparar-lhe o caminho. Nisto consistia sua grandeza!<\/p>\n\n\n\n<p>A \u00fanica limita\u00e7\u00e3o de Jo\u00e3o Batista decorria da \u00e9poca hist\u00f3rica em que exerceu seu minist\u00e9rio. O fato de ser precursor do Messias impediu-o de beneficiar-se do Reino por ele anunciado. Por isso, &#8220;o menor no Reino de Deus \u00e9 maior do que ele&#8221;. A simples perten\u00e7a ao Reino confere ao disc\u00edpulo uma dignidade superior \u00e0 de Jo\u00e3o. Ele n\u00e3o chegou a conhecer o Reino anunciado e implantado por Jesus. Ali\u00e1s, n\u00e3o teve tempo de reformular seu conceito de Messias, incompat\u00edvel com o de Jesus.<\/p>\n","protected":false},"excerpt":{"rendered":"<p>Evangelho &#8211;\u00a0Lucas 7,24-30 Ora\u00e7\u00e3o do dia Senhor nosso Deus, somos servos indignos e reconhecemos com tristeza as nossas faltas. Dai-nos a alegria do advento do vosso Filho que vem para nos salvar. Por&#8230;<\/p>\n","protected":false},"author":2,"featured_media":19545,"comment_status":"open","ping_status":"open","sticky":false,"template":"","format":"standard","meta":[],"categories":[7],"tags":[],"_links":{"self":[{"href":"https:\/\/www.salvatorianas.org.br\/blog\/wp-json\/wp\/v2\/posts\/19542"}],"collection":[{"href":"https:\/\/www.salvatorianas.org.br\/blog\/wp-json\/wp\/v2\/posts"}],"about":[{"href":"https:\/\/www.salvatorianas.org.br\/blog\/wp-json\/wp\/v2\/types\/post"}],"author":[{"embeddable":true,"href":"https:\/\/www.salvatorianas.org.br\/blog\/wp-json\/wp\/v2\/users\/2"}],"replies":[{"embeddable":true,"href":"https:\/\/www.salvatorianas.org.br\/blog\/wp-json\/wp\/v2\/comments?post=19542"}],"version-history":[{"count":1,"href":"https:\/\/www.salvatorianas.org.br\/blog\/wp-json\/wp\/v2\/posts\/19542\/revisions"}],"predecessor-version":[{"id":19544,"href":"https:\/\/www.salvatorianas.org.br\/blog\/wp-json\/wp\/v2\/posts\/19542\/revisions\/19544"}],"wp:featuredmedia":[{"embeddable":true,"href":"https:\/\/www.salvatorianas.org.br\/blog\/wp-json\/wp\/v2\/media\/19545"}],"wp:attachment":[{"href":"https:\/\/www.salvatorianas.org.br\/blog\/wp-json\/wp\/v2\/media?parent=19542"}],"wp:term":[{"taxonomy":"category","embeddable":true,"href":"https:\/\/www.salvatorianas.org.br\/blog\/wp-json\/wp\/v2\/categories?post=19542"},{"taxonomy":"post_tag","embeddable":true,"href":"https:\/\/www.salvatorianas.org.br\/blog\/wp-json\/wp\/v2\/tags?post=19542"}],"curies":[{"name":"wp","href":"https:\/\/api.w.org\/{rel}","templated":true}]}}