{"id":19536,"date":"2022-12-14T01:00:00","date_gmt":"2022-12-14T01:00:00","guid":{"rendered":"https:\/\/www.salvatorianas.org.br\/blog\/?p=19536"},"modified":"2022-12-13T14:25:21","modified_gmt":"2022-12-13T14:25:21","slug":"sao-joao-da-cruz-presbitero-e-doutor-memoria-quarta-feira","status":"publish","type":"post","link":"https:\/\/www.salvatorianas.org.br\/blog\/sao-joao-da-cruz-presbitero-e-doutor-memoria-quarta-feira\/","title":{"rendered":"S\u00e3o Jo\u00e3o da Cruz, presb\u00edtero e doutor &#8211; Mem\u00f3ria | Quarta-feira"},"content":{"rendered":"\n<p><\/p>\n\n\n\n<h3 class=\"wp-block-heading\">Ora\u00e7\u00e3o do dia<\/h3>\n\n\n\n<p>\u00d3 Deus, que inspirastes ao presb\u00edtero s\u00e3o Jo\u00e3o da Cruz extraordin\u00e1rio amor pelo Cristo e total desapego de si mesmo, fazei que, imitando sempre o seu exemplo, cheguemos \u00e0 contempla\u00e7\u00e3o da vossa gl\u00f3ria. Por Nosso Senhor Jesus Cristo, Vosso Filho, na unidade do Esp\u00edrito Santo.<\/p>\n\n\n\n<h3 class=\"wp-block-heading\">Leitura &#8211;&nbsp;Isa\u00edas 45,6-8.18.21-25<\/h3>\n\n\n\n<p>Leitura do livro do profeta Isa\u00edas.<\/p>\n\n\n\n<p>45 6 &#8220;a fim de que se saiba, do levante ao poente, que nada h\u00e1 fora de mim. Eu sou o Senhor, sem rival;<\/p>\n\n\n\n<p>7 formei a luz e criei as trevas, busco a felicidade e suscito a infelicidade. Sou eu o Senhor, que fa\u00e7o todas essas coisas.<\/p>\n\n\n\n<p>8 Que os c\u00e9us, das alturas, derramem o seu orvalho, que as nuvens fa\u00e7am chover a vit\u00f3ria; abra-se a terra e brote a felicidade e ao mesmo tempo fa\u00e7a germinar a justi\u00e7a! Sou eu, o Senhor, a causa de tudo isso&#8221;.<\/p>\n\n\n\n<p>18 Eis o que diz o Senhor que criou os c\u00e9us, ele, o \u00fanico Deus que formou a terra e a estabilizou, que n\u00e3o a criou para que seja um caos, mas a organizou para que nela se viva: &#8220;eu sou o Senhor, e n\u00e3o tenho rival.<\/p>\n\n\n\n<p>21 Fazei valer vossos argumentos, consultai-vos uns aos outros: quem havia predito o que se passa, quem o tinha anunciado desde longa data? N\u00e3o fui eu, o Senhor, e nenhum outro? N\u00e3o h\u00e1 Deus fora de mim.<\/p>\n\n\n\n<p>22 Volvei-vos para mim, e sereis salvos, todos os confins da terra, porque eu sou Deus e sou o \u00fanico,<\/p>\n\n\n\n<p>23 juro-o por mim mesmo! A verdade sai de minha boca, minha palavra jamais ser\u00e1 revogada: todo joelho deve dobrar-se diante de mim, toda l\u00edngua deve jurar por mim,<\/p>\n\n\n\n<p>24 dizendo: \u00c9 s\u00f3 no Senhor que se encontra a vit\u00f3ria e a for\u00e7a&#8221;. A ele vir\u00e3o envergonhados todos aqueles que se tinham levantado contra ele;<\/p>\n\n\n\n<p>25 mas toda a ra\u00e7a de Israel achar\u00e1 no Senhor o triunfo e a gl\u00f3ria.<\/p>\n\n\n\n<p>Palavra do Senhor.<\/p>\n\n\n\n<h3 class=\"wp-block-heading\">Salmo Responsorial &#8211;&nbsp;84\/85<\/h3>\n\n\n\n<p><strong>Que os c\u00e9us l\u00e1 do alto derramem o orvalho,<\/strong><\/p>\n\n\n\n<p><strong>que chova das nuvens o justo esperado!<\/strong><\/p>\n\n\n\n<p>Quero ouvir o que o Senhor ir\u00e1 falar:<\/p>\n\n\n\n<p>\u00e9 a paz que ele vai anunciar;<\/p>\n\n\n\n<p>a paz para o seu povo e seus amigos,<\/p>\n\n\n\n<p>para os que voltam ao Senhor seu cora\u00e7\u00e3o.<\/p>\n\n\n\n<p>Est\u00e1 perto a salva\u00e7\u00e3o dos que o temem,<\/p>\n\n\n\n<p>e a gl\u00f3ria habitar\u00e1 em nossa terra.<\/p>\n\n\n\n<p>A verdade e o amor se encontrar\u00e3o,<\/p>\n\n\n\n<p>a justi\u00e7a e a paz se abra\u00e7ar\u00e3o;<\/p>\n\n\n\n<p>da terra brotar\u00e1 a fidelidade,<\/p>\n\n\n\n<p>e a justi\u00e7a olhar\u00e1 dos altos c\u00e9us.<\/p>\n\n\n\n<p>O Senhor nos dar\u00e1 tudo o que \u00e9 bom,<\/p>\n\n\n\n<p>e a nossa terra nos dar\u00e1 suas colheitas;<\/p>\n\n\n\n<p>a justi\u00e7a andar\u00e1 na sua frente<\/p>\n\n\n\n<p>e a salva\u00e7\u00e3o h\u00e1 de seguir os passos seus.<\/p>\n\n\n\n<h3 class=\"wp-block-heading\">Leitura &#8211;<\/h3>\n\n\n\n<h3 class=\"wp-block-heading\">Evangelho &#8211;&nbsp;Lucas 7,19-23<\/h3>\n\n\n\n<p>Aleluia, aleluia, aleluia.<\/p>\n\n\n\n<p>Tu que trazes boa-nova a Si\u00e3o, levanta tua voz e anuncia: eis que vem o Senhor Deus com poderio! (Is 40,9s).<\/p>\n\n\n\n<p>Proclama\u00e7\u00e3o do Evangelho de Jesus Cristo segundo Lucas.<\/p>\n\n\n\n<p>Naquele tempo, 7 19 Jo\u00e3o chamou dois dos seus disc\u00edpulos e enviou-os a Jesus, perguntando: &#8220;\u00c9s tu o que h\u00e1 de vir ou devemos esperar por outro?&#8221;<\/p>\n\n\n\n<p>20 Chegando estes homens a ele, disseram: &#8220;Jo\u00e3o Batista enviou-nos a ti, perguntando: \u00b4\u00c9s tu o que h\u00e1 de vir ou devemos esperar por outro?\u00b4&#8221;<\/p>\n\n\n\n<p>21 Ora, naquele momento Jesus havia curado muitas pessoas de enfermidades, de doen\u00e7as e de esp\u00edritos malignos, e dado a vista a muitos cegos.<\/p>\n\n\n\n<p>22 Respondeu-lhes ele: &#8220;Ide anunciar a Jo\u00e3o o que tendes visto e ouvido: os cegos veem, os coxos andam, os leprosos ficam limpos, os surdos ouvem, os mortos ressuscitam, aos pobres \u00e9 anunciado o Evangelho;<\/p>\n\n\n\n<p>23 e bem-aventurado \u00e9 aquele para quem eu n\u00e3o for ocasi\u00e3o de queda!&#8221;<\/p>\n\n\n\n<p>Palavra da Salva\u00e7\u00e3o.<\/p>\n\n\n\n<h3 class=\"wp-block-heading\">Coment\u00e1rio ao Evangelho<\/h3>\n\n\n\n<p>TESTEMUNHO DA LUZ<\/p>\n\n\n\n<p>A pessoa e a miss\u00e3o de Jesus \u00e9 que definiram a identidade de Jo\u00e3o Batista. Este fora enviado por Deus para ser testemunho da luz. Mediante sua prega\u00e7\u00e3o, muitas pessoas teriam a chance de chegar \u00e0 f\u00e9 e serem iluminadas pela luz, que \u00e9 Jesus. A atividade de Jo\u00e3o preparava a chegada de Jesus, predispondo as pessoas para receb\u00ea-lo.<\/p>\n\n\n\n<p>O pressuposto de seu minist\u00e9rio era que a humanidade estava mergulhada nas trevas e, por isso, vagava errante pelo caminho do pecado e da injusti\u00e7a. Se n\u00e3o lhes fosse oferecida uma luz, n\u00e3o teriam condi\u00e7\u00f5es de superar esta situa\u00e7\u00e3o. Entretanto, o Pai decidira resgatar o ser humano para a vida. E o fez, por meio de seu Filho Jesus, cujo minist\u00e9rio consistiria em ser luz para o ser humano, mostrando-lhe o caminho para o Pai.<\/p>\n\n\n\n<p>Jo\u00e3o Batista compreendeu este projeto de Deus e se colocou a servi\u00e7o dele. Sua condi\u00e7\u00e3o de servidor do Messias estava arraigada em sua consci\u00eancia. N\u00e3o cedeu \u00e0 tenta\u00e7\u00e3o de pensar de si mesmo, al\u00e9m do que correspondia ao plano de Deus. N\u00e3o lhe cabia nenhuma das identifica\u00e7\u00f5es do Messias, em voga na teologia popular. Ele n\u00e3o era nem o Messias, nem Elias, nem algum dos profetas. Era, simplesmente, um servo de Deus e do seu Messias. Este t\u00edtulo era suficiente para defini-lo. Tudo o mais n\u00e3o passava de especula\u00e7\u00e3o.<\/p>\n","protected":false},"excerpt":{"rendered":"<p>Ora\u00e7\u00e3o do dia \u00d3 Deus, que inspirastes ao presb\u00edtero s\u00e3o Jo\u00e3o da Cruz extraordin\u00e1rio amor pelo Cristo e total desapego de si mesmo, fazei que, imitando sempre o seu exemplo, cheguemos \u00e0 contempla\u00e7\u00e3o&#8230;<\/p>\n","protected":false},"author":2,"featured_media":19540,"comment_status":"open","ping_status":"open","sticky":false,"template":"","format":"standard","meta":[],"categories":[7],"tags":[],"_links":{"self":[{"href":"https:\/\/www.salvatorianas.org.br\/blog\/wp-json\/wp\/v2\/posts\/19536"}],"collection":[{"href":"https:\/\/www.salvatorianas.org.br\/blog\/wp-json\/wp\/v2\/posts"}],"about":[{"href":"https:\/\/www.salvatorianas.org.br\/blog\/wp-json\/wp\/v2\/types\/post"}],"author":[{"embeddable":true,"href":"https:\/\/www.salvatorianas.org.br\/blog\/wp-json\/wp\/v2\/users\/2"}],"replies":[{"embeddable":true,"href":"https:\/\/www.salvatorianas.org.br\/blog\/wp-json\/wp\/v2\/comments?post=19536"}],"version-history":[{"count":1,"href":"https:\/\/www.salvatorianas.org.br\/blog\/wp-json\/wp\/v2\/posts\/19536\/revisions"}],"predecessor-version":[{"id":19537,"href":"https:\/\/www.salvatorianas.org.br\/blog\/wp-json\/wp\/v2\/posts\/19536\/revisions\/19537"}],"wp:featuredmedia":[{"embeddable":true,"href":"https:\/\/www.salvatorianas.org.br\/blog\/wp-json\/wp\/v2\/media\/19540"}],"wp:attachment":[{"href":"https:\/\/www.salvatorianas.org.br\/blog\/wp-json\/wp\/v2\/media?parent=19536"}],"wp:term":[{"taxonomy":"category","embeddable":true,"href":"https:\/\/www.salvatorianas.org.br\/blog\/wp-json\/wp\/v2\/categories?post=19536"},{"taxonomy":"post_tag","embeddable":true,"href":"https:\/\/www.salvatorianas.org.br\/blog\/wp-json\/wp\/v2\/tags?post=19536"}],"curies":[{"name":"wp","href":"https:\/\/api.w.org\/{rel}","templated":true}]}}