{"id":19530,"date":"2022-12-13T13:16:07","date_gmt":"2022-12-13T13:16:07","guid":{"rendered":"https:\/\/www.salvatorianas.org.br\/blog\/?p=19530"},"modified":"2022-12-13T13:16:08","modified_gmt":"2022-12-13T13:16:08","slug":"santa-luzia-virgem-e-martir-memoria-terca-feira","status":"publish","type":"post","link":"https:\/\/www.salvatorianas.org.br\/blog\/santa-luzia-virgem-e-martir-memoria-terca-feira\/","title":{"rendered":"Santa Luzia, virgem e m\u00e1rtir &#8211; Mem\u00f3ria | Ter\u00e7a-feira"},"content":{"rendered":"\n<h3 class=\"wp-block-heading\">Ora\u00e7\u00e3o do dia<\/h3>\n\n\n\n<p>\u00d3 Deus, que a intercess\u00e3o da gloriosa virgem santa Luzia reanime o nosso fervor, para que possamos hoje celebrar o seu mart\u00edrio e contemplar, um dia, a sua gl\u00f3ria. Por Nosso Senhor Jesus Cristo, Vosso Filho, na unidade do Esp\u00edrito Santo.<\/p>\n\n\n\n<h3 class=\"wp-block-heading\">Leitura &#8211;&nbsp;Sofonias 3,1-2.9-13<\/h3>\n\n\n\n<p>Leitura da profecia de Sofonias.<\/p>\n\n\n\n<p>Assim fala ao Senhor: 3 1 &#8220;Ai da (cidade) rebelde e abjeta, da cidade tir\u00e2nica!<\/p>\n\n\n\n<p>2 Ela n\u00e3o ouviu a voz, nem aceitou o aviso; n\u00e3o confiou no Senhor, nem se aproximou do Senhor seu Deus.<\/p>\n\n\n\n<p>9 Ent\u00e3o darei aos povos l\u00e1bios puros, para que invoquem todos o nome do Senhor, e o sirvam num mesmo esp\u00edrito de zelo.<\/p>\n\n\n\n<p>10 De al\u00e9m dos rios da Eti\u00f3pia vir\u00e3o os meus adoradores, meus filhos dispersos, trazer-me a sua oferta.<\/p>\n\n\n\n<p>11 Naquele dia, n\u00e3o ser\u00e1s mais confundida por causa de todos os pecados que cometeste contra mim, porque ent\u00e3o tirarei do meio de ti teus fanfarr\u00f5es arrogantes; n\u00e3o te orgulhar\u00e1s mais no meu santo monte.<\/p>\n\n\n\n<p>12 Deixarei subsistir no meio de ti um povo humilde e modesto, que por\u00e1 sua confian\u00e7a no nome do Senhor&#8221;.<\/p>\n\n\n\n<p>13 Os que restarem de Israel se abster\u00e3o do mal, e n\u00e3o proferir\u00e3o a mentira; n\u00e3o se achar\u00e1 mais em sua boca l\u00edngua enganosa, porque ser\u00e3o apascentados e repousar\u00e3o, sem haver quem os inquiete.<\/p>\n\n\n\n<p>Palavra do Senhor.<\/p>\n\n\n\n<h3 class=\"wp-block-heading\">Salmo Responsorial &#8211;&nbsp;33\/34<\/h3>\n\n\n\n<p><strong>Este infeliz gritou a Deus e foi ouvido.<\/strong><\/p>\n\n\n\n<p>Bendirei o Senhor Deus em todo o tempo,<\/p>\n\n\n\n<p>Seu louvor estar\u00e1 sempre em minha boca.<\/p>\n\n\n\n<p>Minha alma se gloria no Senhor;<\/p>\n\n\n\n<p>Que ou\u00e7am os humildes e se alegrem!<\/p>\n\n\n\n<p>Contemplai a sua face e alegrai-vos,<\/p>\n\n\n\n<p>e vosso rosto n\u00e3o se cubra de vergonha!<\/p>\n\n\n\n<p>Este infeliz gritou a Deus e foi ouvido,<\/p>\n\n\n\n<p>E o Senhor o libertou de toda ang\u00fastia.<\/p>\n\n\n\n<p>Mas ele volta a sua face contra os maus,<\/p>\n\n\n\n<p>Para da terra apagar sua lembran\u00e7a.<\/p>\n\n\n\n<p>Clamam os justos, e o Senhor bondoso escuta<\/p>\n\n\n\n<p>E de todas as ang\u00fastias os liberta.<\/p>\n\n\n\n<p>Do cora\u00e7\u00e3o atribulado ele est\u00e1 perto<\/p>\n\n\n\n<p>E conforta os de esp\u00edrito abatido.<\/p>\n\n\n\n<p>Mas o Senhor liberta a vida dos seus servos,<\/p>\n\n\n\n<p>E castigado n\u00e3o ser\u00e1 quem nele espera.<\/p>\n\n\n\n<h3 class=\"wp-block-heading\">Leitura &#8211;<\/h3>\n\n\n\n<h3 class=\"wp-block-heading\">Evangelho &#8211;&nbsp;Mateus 21,28-32<\/h3>\n\n\n\n<p>Aleluia, aleluia, aleluia.<\/p>\n\n\n\n<p>Vinde, \u00f3 Senhor, n\u00e3o tardeis mais; fazei o povo acabar com os seus crimes.<\/p>\n\n\n\n<p>Proclama\u00e7\u00e3o do Evangelho de Jesus Cristo segundo Mateus.<\/p>\n\n\n\n<p>Naquele tempo, disse Jesus aos chefes dos sacerdotes e aos anci\u00e3os do povo: 21 28 &#8220;Que vos parece? Um homem tinha dois filhos. Dirigindo-se ao primeiro, disse-lhe: &#8211; \u00b4Meu filho, vai trabalhar hoje na vinha\u00b4.<\/p>\n\n\n\n<p>29 Respondeu ele: &#8211; \u00b4N\u00e3o quero\u00b4. Mas, em seguida, tocado de arrependimento, foi.<\/p>\n\n\n\n<p>30 Dirigindo-se depois ao outro, disse-lhe a mesma coisa. O filho respondeu: &#8211; \u00b4Sim, pai!\u00b4 Mas n\u00e3o foi.<\/p>\n\n\n\n<p>31 Qual dos dois fez a vontade do pai?&#8221; &#8220;O primeiro&#8221;, responderam-lhe. E Jesus disse-lhes: &#8220;Em verdade vos digo: os publicanos e as meretrizes vos precedem no Reino de Deus!<\/p>\n\n\n\n<p>32 Jo\u00e3o veio a v\u00f3s no caminho da justi\u00e7a e n\u00e3o crestes nele. Os publicanos, por\u00e9m, e as prostitutas creram nele. E v\u00f3s, vendo isto, nem fostes tocados de arrependimento para crerdes nele&#8221;.<\/p>\n\n\n\n<p>Palavra da Salva\u00e7\u00e3o.<\/p>\n\n\n\n<h3 class=\"wp-block-heading\">Coment\u00e1rio ao Evangelho<\/h3>\n\n\n\n<p>AFINAL, QUEM \u00c9 JUSTO?<\/p>\n\n\n\n<p>A religi\u00e3o de Israel, fundada numa Alian\u00e7a, distinguia duas categorias de pessoas: de um lado, os bons e justos, identificados por sua fidelidade a Deus; de outro lado, os \u00edmpios e maus, cujo modo de proceder estava em aberto contraste com a vontade divina. Alguns grupos religiosos, no tempo de Jesus, votavam ao desprezo e \u00e0 condena\u00e7\u00e3o certas categorias de pessoas, taxando-as de pecadoras e recusando-se a conviver com elas.<\/p>\n\n\n\n<p>A par\u00e1bola de Jesus leva em considera\u00e7\u00e3o este fato. Entretanto, inverte os p\u00f3los da aplica\u00e7\u00e3o dos t\u00edtulos de justos e pecadores. Os destinat\u00e1rios da par\u00e1bola evang\u00e9lica eram os l\u00edderes religiosos de Jerusal\u00e9m. Soberbamente, estes se consideravam salvos por se terem na conta de fi\u00e9is aos ditames da religi\u00e3o, longe do contato com os infi\u00e9is.<\/p>\n\n\n\n<p>Jesus, por\u00e9m, mostrou que a realidade era bem outra. Eles eram como o filho que se predisp\u00f4s a trabalhar na vinha de seu pai, e acabou n\u00e3o indo. Sua fidelidade n\u00e3o era feita de sinais concretos de obedi\u00eancia \u00e0 vontade divina. Viviam uma religi\u00e3o baseada em exterioridades, surdos aos apelos de Deus. Por isso, os cobradores de impostos e as meretrizes preced\u00ea-los-iam no Reino de Deus. Estes, por se reconhecerem pecadores e necessitados da miseric\u00f3rdia divina, mostravam-se mais dispostos a acolher os apelos do Batista e os de Jesus do que os chefes religiosos. E, assim, tornavam-se mais justos e dignos de salva\u00e7\u00e3o do que quem os desprezava.<\/p>\n","protected":false},"excerpt":{"rendered":"<p>Ora\u00e7\u00e3o do dia \u00d3 Deus, que a intercess\u00e3o da gloriosa virgem santa Luzia reanime o nosso fervor, para que possamos hoje celebrar o seu mart\u00edrio e contemplar, um dia, a sua gl\u00f3ria. Por&#8230;<\/p>\n","protected":false},"author":2,"featured_media":19531,"comment_status":"open","ping_status":"open","sticky":false,"template":"","format":"standard","meta":[],"categories":[7],"tags":[],"_links":{"self":[{"href":"https:\/\/www.salvatorianas.org.br\/blog\/wp-json\/wp\/v2\/posts\/19530"}],"collection":[{"href":"https:\/\/www.salvatorianas.org.br\/blog\/wp-json\/wp\/v2\/posts"}],"about":[{"href":"https:\/\/www.salvatorianas.org.br\/blog\/wp-json\/wp\/v2\/types\/post"}],"author":[{"embeddable":true,"href":"https:\/\/www.salvatorianas.org.br\/blog\/wp-json\/wp\/v2\/users\/2"}],"replies":[{"embeddable":true,"href":"https:\/\/www.salvatorianas.org.br\/blog\/wp-json\/wp\/v2\/comments?post=19530"}],"version-history":[{"count":1,"href":"https:\/\/www.salvatorianas.org.br\/blog\/wp-json\/wp\/v2\/posts\/19530\/revisions"}],"predecessor-version":[{"id":19532,"href":"https:\/\/www.salvatorianas.org.br\/blog\/wp-json\/wp\/v2\/posts\/19530\/revisions\/19532"}],"wp:featuredmedia":[{"embeddable":true,"href":"https:\/\/www.salvatorianas.org.br\/blog\/wp-json\/wp\/v2\/media\/19531"}],"wp:attachment":[{"href":"https:\/\/www.salvatorianas.org.br\/blog\/wp-json\/wp\/v2\/media?parent=19530"}],"wp:term":[{"taxonomy":"category","embeddable":true,"href":"https:\/\/www.salvatorianas.org.br\/blog\/wp-json\/wp\/v2\/categories?post=19530"},{"taxonomy":"post_tag","embeddable":true,"href":"https:\/\/www.salvatorianas.org.br\/blog\/wp-json\/wp\/v2\/tags?post=19530"}],"curies":[{"name":"wp","href":"https:\/\/api.w.org\/{rel}","templated":true}]}}