{"id":19527,"date":"2022-12-12T16:20:45","date_gmt":"2022-12-12T16:20:45","guid":{"rendered":"https:\/\/www.salvatorianas.org.br\/blog\/?p=19527"},"modified":"2022-12-12T16:24:30","modified_gmt":"2022-12-12T16:24:30","slug":"nossa-senhora-de-guadalupe-padroeira-da-america-latina-festa-segunda-feira-2","status":"publish","type":"post","link":"https:\/\/www.salvatorianas.org.br\/blog\/nossa-senhora-de-guadalupe-padroeira-da-america-latina-festa-segunda-feira-2\/","title":{"rendered":"Nossa Senhora de Guadalupe, Padroeira da Am\u00e9rica Latina &#8211; Festa | Segunda-feira"},"content":{"rendered":"\n<h3 class=\"wp-block-heading\">Ora\u00e7\u00e3o do dia<\/h3>\n\n\n\n<p>\u00d3 Deus, que nos destes a santa virgem Maria para amparar-nos como m\u00e3e sol\u00edcita, concedei aos povos da Am\u00e9rica Latina, que hoje se alegram com sua prote\u00e7\u00e3o, crescer constantemente na f\u00e9 e alcan\u00e7ar o desejado progresso no caminho da justi\u00e7a e da paz. Por Nosso Senhor Jesus Cristo, Vosso Filho, na unidade do Esp\u00edrito Santo.<\/p>\n\n\n\n<h3 class=\"wp-block-heading\">Leitura &#8211;&nbsp;G\u00e1latas 4,4-7<\/h3>\n\n\n\n<p>Leitura da carta de S\u00e3o Paulo aos G\u00e1latas.<\/p>\n\n\n\n<p>4 4 Mas quando veio a plenitude dos tempos, Deus enviou seu Filho, que nasceu de uma mulher e nasceu submetido a uma lei,<\/p>\n\n\n\n<p>5 a fim de remir os que estavam sob a lei, para que receb\u00eassemos a sua ado\u00e7\u00e3o.<\/p>\n\n\n\n<p>6 A prova de que sois filhos \u00e9 que Deus enviou aos vossos cora\u00e7\u00f5es o Esp\u00edrito de seu Filho, que clama: Aba, Pai!<\/p>\n\n\n\n<p>7 Portanto j\u00e1 n\u00e3o \u00e9s escravo, mas filho. E, se \u00e9s filho, ent\u00e3o tamb\u00e9m herdeiro por Deus.<\/p>\n\n\n\n<p>Palavra do Senhor.<\/p>\n\n\n\n<h3 class=\"wp-block-heading\">Salmo Responsorial &#8211;&nbsp;95\/96<\/h3>\n\n\n\n<p>Manifestai a sua gl\u00f3ria entre as na\u00e7\u00f5es.<\/p>\n\n\n\n<p>Cantai ao Senhor Deus um canto novo,<\/p>\n\n\n\n<p>cantai ao Senhor Deus, \u00f3 terra inteira!<\/p>\n\n\n\n<p>Cantai e bendizei se santo nome!<\/p>\n\n\n\n<p>Dia ap\u00f3s dia anunciai sua salva\u00e7\u00e3o,<\/p>\n\n\n\n<p>manifestai a sua gl\u00f3ria entre as na\u00e7\u00f5es<\/p>\n\n\n\n<p>e, entre os povos do universo, seus prod\u00edgios!<\/p>\n\n\n\n<p>Publicai entre as na\u00e7\u00f5es: Reina o Senhor!<\/p>\n\n\n\n<p>Ele firmou o universo inabal\u00e1vel,<\/p>\n\n\n\n<p>e os povos ele julga com justi\u00e7a\u201d.<\/p>\n\n\n\n<h3 class=\"wp-block-heading\">Leitura &#8211;<\/h3>\n\n\n\n<h3 class=\"wp-block-heading\">Evangelho &#8211;&nbsp;Lucas 1,39-47<\/h3>\n\n\n\n<p>Aleluia, aleluia, aleluia.<\/p>\n\n\n\n<p>Maria, alegra-te, \u00f3 cheia de gra\u00e7a, o Senhor \u00e9 contigo; \u00e9s bendita entre todas as mulheres da terra! (Lc 1,28)<\/p>\n\n\n\n<p>Proclama\u00e7\u00e3o do Evangelho de Jesus Cristo segundo Lucas.<\/p>\n\n\n\n<p>1 39 Naqueles dias, Maria se levantou e foi \u00e0s pressas \u00e0s montanhas, a uma cidade de Jud\u00e1.<\/p>\n\n\n\n<p>40 Entrou em casa de Zacarias e saudou Isabel.<\/p>\n\n\n\n<p>41 Ora, apenas Isabel ouviu a sauda\u00e7\u00e3o de Maria, a crian\u00e7a estremeceu no seu seio; e Isabel ficou cheia do Esp\u00edrito Santo.<\/p>\n\n\n\n<p>42 E exclamou em alta voz: \u201cBendita \u00e9s tu entre as mulheres e bendito \u00e9 o fruto do teu ventre.<\/p>\n\n\n\n<p>43 Donde me vem esta honra de vir a mim a m\u00e3e de meu Senhor?<\/p>\n\n\n\n<p>44 Pois assim que a voz de tua sauda\u00e7\u00e3o chegou aos meus ouvidos, a crian\u00e7a estremeceu de alegria no meu seio.<\/p>\n\n\n\n<p>45 Bem-aventurada \u00e9s tu que creste, pois se h\u00e3o de cumprir as coisas que da parte do Senhor te foram ditas!\u201d<\/p>\n\n\n\n<p>46 E Maria disse: \u201cMinha alma glorifica ao Senhor,<\/p>\n\n\n\n<p>47 meu esp\u00edrito exulta de alegria em Deus, meu Salvador\u201d.<\/p>\n\n\n\n<p>Palavra da Salva\u00e7\u00e3o.<\/p>\n\n\n\n<h3 class=\"wp-block-heading\">Coment\u00e1rio ao Evangelho<\/h3>\n\n\n\n<p>A GLORIFICA\u00c7\u00c3O DE MARIA<\/p>\n\n\n\n<p>A festa da assun\u00e7\u00e3o de Nossa Senhora leva-nos a repensar todo o seu peregrinar neste nosso mundo, pois se trata de celebrar o desfecho de sua caminhada. O fim da exist\u00eancia terrena de Maria consistiu na plenifica\u00e7\u00e3o de todos os seus anseios de mulher de f\u00e9 e dispon\u00edvel para servir. A express\u00e3o \u201crepleta de gra\u00e7a\u201d, dita pelo anjo, encontrou sua express\u00e3o consumada na exalta\u00e7\u00e3o dela junto de Deus.<\/p>\n\n\n\n<p>A estreita conex\u00e3o entre a exist\u00eancia terrena de Maria e a sua sorte eterna foi percebida desde cedo pela comunidade crist\u00e3, apesar de a B\u00edblia n\u00e3o contar os detalhes de sua vida e de sua morte. A comunidade deu-se conta de que Deus assumiu e transformou toda a sua hist\u00f3ria, suas a\u00e7\u00f5es e seu corpo.<\/p>\n\n\n\n<p>O relato evang\u00e9lico \u00e9 um pequeno retrato de Maria. Sua condi\u00e7\u00e3o de m\u00e3e do Messias, o \u201cSenhor\u201d esperado pelo povo, proveio da profunda comunh\u00e3o com Deus e da disponibilidade total em fazer-se sua servidora. Expressou sua f\u00e9 no canto de louvor \u2013 o Magnificat \u2013, no qual proclamou as maravilhas do Deus e as grandezas de seus feitos em favor dos fracos e pequeninos.<\/p>\n\n\n\n<p>A comunh\u00e3o com Deus desdobrava-se, na vida de Maria, na sua disponibilidade a servir o pr\u00f3ximo. A ajuda prestada \u00e0 prima Isabel \u00e9 uma pequena amostra do que era a M\u00e3e de Deus no seu dia a dia.<\/p>\n\n\n\n<p>Assunta ao c\u00e9u, Maria experimentou, em plenitude, a comunh\u00e3o vivida na Terra.<\/p>\n","protected":false},"excerpt":{"rendered":"<p>Ora\u00e7\u00e3o do dia \u00d3 Deus, que nos destes a santa virgem Maria para amparar-nos como m\u00e3e sol\u00edcita, concedei aos povos da Am\u00e9rica Latina, que hoje se alegram com sua prote\u00e7\u00e3o, crescer constantemente na&#8230;<\/p>\n","protected":false},"author":2,"featured_media":19523,"comment_status":"open","ping_status":"open","sticky":false,"template":"","format":"standard","meta":[],"categories":[7],"tags":[],"_links":{"self":[{"href":"https:\/\/www.salvatorianas.org.br\/blog\/wp-json\/wp\/v2\/posts\/19527"}],"collection":[{"href":"https:\/\/www.salvatorianas.org.br\/blog\/wp-json\/wp\/v2\/posts"}],"about":[{"href":"https:\/\/www.salvatorianas.org.br\/blog\/wp-json\/wp\/v2\/types\/post"}],"author":[{"embeddable":true,"href":"https:\/\/www.salvatorianas.org.br\/blog\/wp-json\/wp\/v2\/users\/2"}],"replies":[{"embeddable":true,"href":"https:\/\/www.salvatorianas.org.br\/blog\/wp-json\/wp\/v2\/comments?post=19527"}],"version-history":[{"count":1,"href":"https:\/\/www.salvatorianas.org.br\/blog\/wp-json\/wp\/v2\/posts\/19527\/revisions"}],"predecessor-version":[{"id":19528,"href":"https:\/\/www.salvatorianas.org.br\/blog\/wp-json\/wp\/v2\/posts\/19527\/revisions\/19528"}],"wp:featuredmedia":[{"embeddable":true,"href":"https:\/\/www.salvatorianas.org.br\/blog\/wp-json\/wp\/v2\/media\/19523"}],"wp:attachment":[{"href":"https:\/\/www.salvatorianas.org.br\/blog\/wp-json\/wp\/v2\/media?parent=19527"}],"wp:term":[{"taxonomy":"category","embeddable":true,"href":"https:\/\/www.salvatorianas.org.br\/blog\/wp-json\/wp\/v2\/categories?post=19527"},{"taxonomy":"post_tag","embeddable":true,"href":"https:\/\/www.salvatorianas.org.br\/blog\/wp-json\/wp\/v2\/tags?post=19527"}],"curies":[{"name":"wp","href":"https:\/\/api.w.org\/{rel}","templated":true}]}}