{"id":19474,"date":"2022-12-09T13:34:41","date_gmt":"2022-12-09T13:34:41","guid":{"rendered":"https:\/\/www.salvatorianas.org.br\/blog\/?p=19474"},"modified":"2022-12-09T23:17:04","modified_gmt":"2022-12-09T23:17:04","slug":"primeira-profissao-religiosa-2","status":"publish","type":"post","link":"https:\/\/www.salvatorianas.org.br\/blog\/primeira-profissao-religiosa-2\/","title":{"rendered":"PRIMEIRA PROFISS\u00c3O RELIGIOSA"},"content":{"rendered":"\n<p>Aconteceu no dia 08 de dezembro de 2022, festa da Imaculada Concei\u00e7\u00e3o, na Par\u00f3quia S\u00e3o Jos\u00e9, em Duque Bacelar\/MA, a Primeira Profiss\u00e3o Religiosa, da Novi\u00e7a Kalene Leite Alves, como Irm\u00e3 do Divino Salvador, Salvatoriana.<\/p>\n\n\n\n<p>A Celebra\u00e7\u00e3o Eucar\u00edstica foi presidida pelo Padre Antonio de P\u00e1dua e concelebrada pelo Padre Jos\u00e9 Sharles Faria dos Santos (Morpar\u00e1\/BA &#8211; Diocese de Barra), onde estiveram presentes Ir. Sandra Regina Alves de Souza (Coordenadora Provincial), Ir. Lisete Buganti (Conselheira da Forma\u00e7\u00e3o), Irm\u00e3s, Postulante, Leigas\/os Salvatorianos, familiares da Irm\u00e3 neo-professa, amigos, lideran\u00e7as e o povo da par\u00f3quia.<\/p>\n\n\n\n<p>Com muita f\u00e9 e alegria a Novi\u00e7a Kalene confirma o seu SIM no Seguimento de Jesus Salvador, na entrega livre e alegre a Deus para servir ao povo, colaborando no an\u00fancio da Boa Nova, para que Jesus Cristo seja conhecido e amado por todos.<\/p>\n\n\n\n<p>Como lema deste momento especial da caminhada, a Irm\u00e3 Kalene escolheu: <strong>PERMANECEI EM MEU AMOR<\/strong> (Jo 15, 9). Jesus Salvador \u00e9 o centro e a fonte da vida de uma consagrada, \u00e9 o amor de Deus feito vis\u00edvel. Ele, o Divino Salvador, que a escolheu para participar, de um modo particular, do seu projeto de salva\u00e7\u00e3o. Irm\u00e3 Kalene foi chamada do meio do povo para ser consagrada e enviada ao povo para servir. E a sua resposta a esse chamado foi: \u201cConfiante na presen\u00e7a e no amor de Jesus Salvador, estou disposta a cooperar na miss\u00e3o apost\u00f3lica em comunh\u00e3o com a Igreja e a Congrega\u00e7\u00e3o\u201d.<\/p>\n\n\n\n<p>Ap\u00f3s a sua consagra\u00e7\u00e3o, Irm\u00e3 Kalene recebe com rever\u00eancia a Regra de Vida das Irm\u00e3s do Divino Salvador, que nela est\u00e1 contido o modo de viver a Vida Religiosa Apost\u00f3lica Salvatoriana. Ao mesmo tempo, recebe a Cruz Mission\u00e1ria, s\u00edmbolo do seguimento do Salvador, com o mandato que o Bem-aventurado Francisco Jordan fez ao enviar os primeiros mission\u00e1rios salvatorianos para a miss\u00e3o de Assam, na \u00cdndia: \u201cNosso Divino Salvador nos precedeu, abra\u00e7ando a cruz. Assim tamb\u00e9m n\u00f3s haveremos de vencer pela cruz e pelo sofrimento: As obras de Deus florescem \u00e0 sombra da cruz. \u00c9 preciso carregar pacientemente a cruz de cada dia\u201d.<\/p>\n\n\n\n<p>Em a\u00e7\u00e3o de gra\u00e7as, Irm\u00e3 Kalene agradece a todas as pessoas &nbsp;que a acompanharam e contribu\u00edram no seu processo do despertar vocacional e do seu processo formativo. No final de seu agradecimento destacou:<\/p>\n\n\n\n<p>\u201cConvido que repitam comigo <strong>\u2018Permanecei no meu amor\u2019<\/strong>, e \u00e9 assim que desejo e pe\u00e7o a Deus que todos permane\u00e7am em seu amor, para que nunca lhes faltem o desejo de tornar o Salvador conhecido e amado por todos. Agora que sou enviada a uma outra miss\u00e3o, acredito que apenas ser\u00e1 a geografia que nos distanciar\u00e1, pe\u00e7o que quando lembrar de mim, rezem para que eu seja fiel ao SIM que hoje proclamei. Minha eterna gratid\u00e3o\u201d.<\/p>\n\n\n\n<p>Irm\u00e3 Kalene, que Deus conceda a voc\u00ea a gra\u00e7a de responder todos os dias ao seu chamado com generosidade, fidelidade e amor.<\/p>\n\n\n\n<p><\/p>\n\n\n\n<figure class=\"wp-block-image size-large\"><img decoding=\"async\" loading=\"lazy\" width=\"1024\" height=\"1024\" src=\"https:\/\/www.salvatorianas.org.br\/blog\/wp-content\/uploads\/2022\/12\/02-2-1024x1024.jpg\" alt=\"\" class=\"wp-image-19475\" srcset=\"https:\/\/www.salvatorianas.org.br\/blog\/wp-content\/uploads\/2022\/12\/02-2-1024x1024.jpg 1024w, https:\/\/www.salvatorianas.org.br\/blog\/wp-content\/uploads\/2022\/12\/02-2-300x300.jpg 300w, https:\/\/www.salvatorianas.org.br\/blog\/wp-content\/uploads\/2022\/12\/02-2-150x150.jpg 150w, https:\/\/www.salvatorianas.org.br\/blog\/wp-content\/uploads\/2022\/12\/02-2-768x768.jpg 768w, https:\/\/www.salvatorianas.org.br\/blog\/wp-content\/uploads\/2022\/12\/02-2.jpg 1080w\" sizes=\"(max-width: 1024px) 100vw, 1024px\" \/><\/figure>\n\n\n\n<figure class=\"wp-block-image size-large\"><img decoding=\"async\" loading=\"lazy\" width=\"1024\" height=\"1024\" src=\"https:\/\/www.salvatorianas.org.br\/blog\/wp-content\/uploads\/2022\/12\/03-1-1024x1024.jpg\" alt=\"\" class=\"wp-image-19476\" srcset=\"https:\/\/www.salvatorianas.org.br\/blog\/wp-content\/uploads\/2022\/12\/03-1-1024x1024.jpg 1024w, https:\/\/www.salvatorianas.org.br\/blog\/wp-content\/uploads\/2022\/12\/03-1-300x300.jpg 300w, https:\/\/www.salvatorianas.org.br\/blog\/wp-content\/uploads\/2022\/12\/03-1-150x150.jpg 150w, https:\/\/www.salvatorianas.org.br\/blog\/wp-content\/uploads\/2022\/12\/03-1-768x768.jpg 768w, https:\/\/www.salvatorianas.org.br\/blog\/wp-content\/uploads\/2022\/12\/03-1.jpg 1080w\" sizes=\"(max-width: 1024px) 100vw, 1024px\" \/><\/figure>\n\n\n\n<figure class=\"wp-block-image size-large\"><img decoding=\"async\" loading=\"lazy\" width=\"1024\" height=\"1024\" src=\"https:\/\/www.salvatorianas.org.br\/blog\/wp-content\/uploads\/2022\/12\/04-1-1024x1024.jpg\" alt=\"\" class=\"wp-image-19477\" srcset=\"https:\/\/www.salvatorianas.org.br\/blog\/wp-content\/uploads\/2022\/12\/04-1-1024x1024.jpg 1024w, https:\/\/www.salvatorianas.org.br\/blog\/wp-content\/uploads\/2022\/12\/04-1-300x300.jpg 300w, https:\/\/www.salvatorianas.org.br\/blog\/wp-content\/uploads\/2022\/12\/04-1-150x150.jpg 150w, https:\/\/www.salvatorianas.org.br\/blog\/wp-content\/uploads\/2022\/12\/04-1-768x768.jpg 768w, https:\/\/www.salvatorianas.org.br\/blog\/wp-content\/uploads\/2022\/12\/04-1.jpg 1080w\" sizes=\"(max-width: 1024px) 100vw, 1024px\" \/><\/figure>\n\n\n\n<figure class=\"wp-block-image size-large\"><img decoding=\"async\" loading=\"lazy\" width=\"1024\" height=\"1024\" src=\"https:\/\/www.salvatorianas.org.br\/blog\/wp-content\/uploads\/2022\/12\/05-1-1024x1024.jpg\" alt=\"\" class=\"wp-image-19478\" srcset=\"https:\/\/www.salvatorianas.org.br\/blog\/wp-content\/uploads\/2022\/12\/05-1-1024x1024.jpg 1024w, https:\/\/www.salvatorianas.org.br\/blog\/wp-content\/uploads\/2022\/12\/05-1-300x300.jpg 300w, https:\/\/www.salvatorianas.org.br\/blog\/wp-content\/uploads\/2022\/12\/05-1-150x150.jpg 150w, https:\/\/www.salvatorianas.org.br\/blog\/wp-content\/uploads\/2022\/12\/05-1-768x768.jpg 768w, https:\/\/www.salvatorianas.org.br\/blog\/wp-content\/uploads\/2022\/12\/05-1.jpg 1080w\" sizes=\"(max-width: 1024px) 100vw, 1024px\" \/><\/figure>\n\n\n\n<figure class=\"wp-block-image size-large\"><img decoding=\"async\" loading=\"lazy\" width=\"1024\" height=\"1024\" src=\"https:\/\/www.salvatorianas.org.br\/blog\/wp-content\/uploads\/2022\/12\/06-1-1024x1024.jpg\" alt=\"\" class=\"wp-image-19479\" srcset=\"https:\/\/www.salvatorianas.org.br\/blog\/wp-content\/uploads\/2022\/12\/06-1-1024x1024.jpg 1024w, https:\/\/www.salvatorianas.org.br\/blog\/wp-content\/uploads\/2022\/12\/06-1-300x300.jpg 300w, https:\/\/www.salvatorianas.org.br\/blog\/wp-content\/uploads\/2022\/12\/06-1-150x150.jpg 150w, https:\/\/www.salvatorianas.org.br\/blog\/wp-content\/uploads\/2022\/12\/06-1-768x768.jpg 768w, https:\/\/www.salvatorianas.org.br\/blog\/wp-content\/uploads\/2022\/12\/06-1.jpg 1080w\" sizes=\"(max-width: 1024px) 100vw, 1024px\" \/><\/figure>\n\n\n\n<figure class=\"wp-block-image size-large\"><img decoding=\"async\" loading=\"lazy\" width=\"1024\" height=\"1024\" src=\"https:\/\/www.salvatorianas.org.br\/blog\/wp-content\/uploads\/2022\/12\/07-1024x1024.jpg\" alt=\"\" class=\"wp-image-19480\" srcset=\"https:\/\/www.salvatorianas.org.br\/blog\/wp-content\/uploads\/2022\/12\/07-1024x1024.jpg 1024w, https:\/\/www.salvatorianas.org.br\/blog\/wp-content\/uploads\/2022\/12\/07-300x300.jpg 300w, https:\/\/www.salvatorianas.org.br\/blog\/wp-content\/uploads\/2022\/12\/07-150x150.jpg 150w, https:\/\/www.salvatorianas.org.br\/blog\/wp-content\/uploads\/2022\/12\/07-768x768.jpg 768w, https:\/\/www.salvatorianas.org.br\/blog\/wp-content\/uploads\/2022\/12\/07.jpg 1080w\" sizes=\"(max-width: 1024px) 100vw, 1024px\" \/><\/figure>\n\n\n\n<figure class=\"wp-block-image size-large\"><img decoding=\"async\" loading=\"lazy\" width=\"1024\" height=\"1024\" src=\"https:\/\/www.salvatorianas.org.br\/blog\/wp-content\/uploads\/2022\/12\/08-1-1024x1024.jpg\" alt=\"\" class=\"wp-image-19481\" srcset=\"https:\/\/www.salvatorianas.org.br\/blog\/wp-content\/uploads\/2022\/12\/08-1-1024x1024.jpg 1024w, https:\/\/www.salvatorianas.org.br\/blog\/wp-content\/uploads\/2022\/12\/08-1-300x300.jpg 300w, https:\/\/www.salvatorianas.org.br\/blog\/wp-content\/uploads\/2022\/12\/08-1-150x150.jpg 150w, https:\/\/www.salvatorianas.org.br\/blog\/wp-content\/uploads\/2022\/12\/08-1-768x768.jpg 768w, https:\/\/www.salvatorianas.org.br\/blog\/wp-content\/uploads\/2022\/12\/08-1.jpg 1080w\" sizes=\"(max-width: 1024px) 100vw, 1024px\" \/><\/figure>\n\n\n\n<figure class=\"wp-block-image size-large\"><img decoding=\"async\" loading=\"lazy\" width=\"1024\" height=\"1024\" src=\"https:\/\/www.salvatorianas.org.br\/blog\/wp-content\/uploads\/2022\/12\/09-1-1024x1024.jpg\" alt=\"\" class=\"wp-image-19482\" srcset=\"https:\/\/www.salvatorianas.org.br\/blog\/wp-content\/uploads\/2022\/12\/09-1-1024x1024.jpg 1024w, https:\/\/www.salvatorianas.org.br\/blog\/wp-content\/uploads\/2022\/12\/09-1-300x300.jpg 300w, https:\/\/www.salvatorianas.org.br\/blog\/wp-content\/uploads\/2022\/12\/09-1-150x150.jpg 150w, https:\/\/www.salvatorianas.org.br\/blog\/wp-content\/uploads\/2022\/12\/09-1-768x768.jpg 768w, https:\/\/www.salvatorianas.org.br\/blog\/wp-content\/uploads\/2022\/12\/09-1.jpg 1080w\" sizes=\"(max-width: 1024px) 100vw, 1024px\" \/><\/figure>\n\n\n\n<figure class=\"wp-block-image size-large\"><img decoding=\"async\" loading=\"lazy\" width=\"1024\" height=\"1024\" src=\"https:\/\/www.salvatorianas.org.br\/blog\/wp-content\/uploads\/2022\/12\/10-1-1024x1024.jpg\" alt=\"\" class=\"wp-image-19483\" srcset=\"https:\/\/www.salvatorianas.org.br\/blog\/wp-content\/uploads\/2022\/12\/10-1-1024x1024.jpg 1024w, https:\/\/www.salvatorianas.org.br\/blog\/wp-content\/uploads\/2022\/12\/10-1-300x300.jpg 300w, https:\/\/www.salvatorianas.org.br\/blog\/wp-content\/uploads\/2022\/12\/10-1-150x150.jpg 150w, https:\/\/www.salvatorianas.org.br\/blog\/wp-content\/uploads\/2022\/12\/10-1-768x768.jpg 768w, https:\/\/www.salvatorianas.org.br\/blog\/wp-content\/uploads\/2022\/12\/10-1.jpg 1080w\" sizes=\"(max-width: 1024px) 100vw, 1024px\" \/><\/figure>\n","protected":false},"excerpt":{"rendered":"<p>Aconteceu no dia 08 de dezembro de 2022, festa da Imaculada Concei\u00e7\u00e3o, na Par\u00f3quia S\u00e3o Jos\u00e9, em Duque Bacelar\/MA, a Primeira Profiss\u00e3o Religiosa, da Novi\u00e7a Kalene Leite Alves, como Irm\u00e3 do Divino Salvador,&#8230;<\/p>\n","protected":false},"author":2,"featured_media":19484,"comment_status":"open","ping_status":"open","sticky":false,"template":"","format":"standard","meta":[],"categories":[1],"tags":[],"_links":{"self":[{"href":"https:\/\/www.salvatorianas.org.br\/blog\/wp-json\/wp\/v2\/posts\/19474"}],"collection":[{"href":"https:\/\/www.salvatorianas.org.br\/blog\/wp-json\/wp\/v2\/posts"}],"about":[{"href":"https:\/\/www.salvatorianas.org.br\/blog\/wp-json\/wp\/v2\/types\/post"}],"author":[{"embeddable":true,"href":"https:\/\/www.salvatorianas.org.br\/blog\/wp-json\/wp\/v2\/users\/2"}],"replies":[{"embeddable":true,"href":"https:\/\/www.salvatorianas.org.br\/blog\/wp-json\/wp\/v2\/comments?post=19474"}],"version-history":[{"count":3,"href":"https:\/\/www.salvatorianas.org.br\/blog\/wp-json\/wp\/v2\/posts\/19474\/revisions"}],"predecessor-version":[{"id":19498,"href":"https:\/\/www.salvatorianas.org.br\/blog\/wp-json\/wp\/v2\/posts\/19474\/revisions\/19498"}],"wp:featuredmedia":[{"embeddable":true,"href":"https:\/\/www.salvatorianas.org.br\/blog\/wp-json\/wp\/v2\/media\/19484"}],"wp:attachment":[{"href":"https:\/\/www.salvatorianas.org.br\/blog\/wp-json\/wp\/v2\/media?parent=19474"}],"wp:term":[{"taxonomy":"category","embeddable":true,"href":"https:\/\/www.salvatorianas.org.br\/blog\/wp-json\/wp\/v2\/categories?post=19474"},{"taxonomy":"post_tag","embeddable":true,"href":"https:\/\/www.salvatorianas.org.br\/blog\/wp-json\/wp\/v2\/tags?post=19474"}],"curies":[{"name":"wp","href":"https:\/\/api.w.org\/{rel}","templated":true}]}}