{"id":19463,"date":"2022-12-08T13:53:31","date_gmt":"2022-12-08T13:53:31","guid":{"rendered":"https:\/\/www.salvatorianas.org.br\/blog\/?p=19463"},"modified":"2022-12-08T13:53:32","modified_gmt":"2022-12-08T13:53:32","slug":"festa-da-fundacao-da-familia-salvatoriana-4","status":"publish","type":"post","link":"https:\/\/www.salvatorianas.org.br\/blog\/festa-da-fundacao-da-familia-salvatoriana-4\/","title":{"rendered":"Festa da Funda\u00e7\u00e3o da Fam\u00edlia Salvatoriana"},"content":{"rendered":"\n<p>Nesta data, 08 de dezembro, temos muitos motivos para celebrar: festa da Imaculada Concei\u00e7\u00e3o; festa da Funda\u00e7\u00e3o da Fam\u00edlia Salvatoriana composta pelas Irm\u00e3s, Irm\u00e3os, leigas, leigos e padres. \u00c9 dia de a\u00e7\u00e3o de gra\u00e7as e de alegria pela heran\u00e7a carism\u00e1tica recebida de nossos Bem-aventurados Francisco Jordan e Maria dos Ap\u00f3stolos &#8211; tornar Jesus Salvador conhecido e amado a todos, em todos os lugares e de todos os modos que o amor inspirar.<\/p>\n\n\n\n<p>O que nos move neste projeto mission\u00e1rio \u00e9 a f\u00e9, a esperan\u00e7a, a bondade e a infinita miseric\u00f3rdia de Deus Salvador. Em Maria, Imaculada Concei\u00e7\u00e3o, confiamos nossa Vida Salvatoriana em miss\u00e3o onde a vida clama.<\/p>\n\n\n\n<p><\/p>\n","protected":false},"excerpt":{"rendered":"<p>Nesta data, 08 de dezembro, temos muitos motivos para celebrar: festa da Imaculada Concei\u00e7\u00e3o; festa da Funda\u00e7\u00e3o da Fam\u00edlia Salvatoriana composta pelas Irm\u00e3s, Irm\u00e3os, leigas, leigos e padres. \u00c9 dia de a\u00e7\u00e3o de&#8230;<\/p>\n","protected":false},"author":2,"featured_media":19464,"comment_status":"open","ping_status":"open","sticky":false,"template":"","format":"standard","meta":[],"categories":[1],"tags":[],"_links":{"self":[{"href":"https:\/\/www.salvatorianas.org.br\/blog\/wp-json\/wp\/v2\/posts\/19463"}],"collection":[{"href":"https:\/\/www.salvatorianas.org.br\/blog\/wp-json\/wp\/v2\/posts"}],"about":[{"href":"https:\/\/www.salvatorianas.org.br\/blog\/wp-json\/wp\/v2\/types\/post"}],"author":[{"embeddable":true,"href":"https:\/\/www.salvatorianas.org.br\/blog\/wp-json\/wp\/v2\/users\/2"}],"replies":[{"embeddable":true,"href":"https:\/\/www.salvatorianas.org.br\/blog\/wp-json\/wp\/v2\/comments?post=19463"}],"version-history":[{"count":1,"href":"https:\/\/www.salvatorianas.org.br\/blog\/wp-json\/wp\/v2\/posts\/19463\/revisions"}],"predecessor-version":[{"id":19465,"href":"https:\/\/www.salvatorianas.org.br\/blog\/wp-json\/wp\/v2\/posts\/19463\/revisions\/19465"}],"wp:featuredmedia":[{"embeddable":true,"href":"https:\/\/www.salvatorianas.org.br\/blog\/wp-json\/wp\/v2\/media\/19464"}],"wp:attachment":[{"href":"https:\/\/www.salvatorianas.org.br\/blog\/wp-json\/wp\/v2\/media?parent=19463"}],"wp:term":[{"taxonomy":"category","embeddable":true,"href":"https:\/\/www.salvatorianas.org.br\/blog\/wp-json\/wp\/v2\/categories?post=19463"},{"taxonomy":"post_tag","embeddable":true,"href":"https:\/\/www.salvatorianas.org.br\/blog\/wp-json\/wp\/v2\/tags?post=19463"}],"curies":[{"name":"wp","href":"https:\/\/api.w.org\/{rel}","templated":true}]}}