{"id":19460,"date":"2022-12-01T13:42:00","date_gmt":"2022-12-01T13:42:00","guid":{"rendered":"https:\/\/www.salvatorianas.org.br\/blog\/?p=19460"},"modified":"2022-12-08T13:48:48","modified_gmt":"2022-12-08T13:48:48","slug":"francisco-o-mundo-precisa-de-voluntarios-comprometidos-com-o-bem-comum","status":"publish","type":"post","link":"https:\/\/www.salvatorianas.org.br\/blog\/francisco-o-mundo-precisa-de-voluntarios-comprometidos-com-o-bem-comum\/","title":{"rendered":"Francisco: o mundo precisa de volunt\u00e1rios comprometidos com o bem comum"},"content":{"rendered":"\n<p>A inten\u00e7\u00e3o de ora\u00e7\u00e3o do m\u00eas de dezembro que o Santo Padre confia \u00e0 Igreja Cat\u00f3lica atrav\u00e9s da Rede Mundial de Ora\u00e7\u00e3o do Papa \u00e9 para as organiza\u00e7\u00f5es de voluntariado e todas as pessoas nelas envolvidas. O V\u00eddeo do Papa deste m\u00eas mostra os volunt\u00e1rios ao lado das v\u00edtimas de cat\u00e1strofes naturais, dos pobres que sofrem as consequ\u00eancias da crise econ\u00f4mica, de crian\u00e7as desnutridas, refugiados em fuga por causa da guerra, jovens e mulheres \u00e0 procura de trabalho.<\/p>\n\n\n\n<p>O Papa Francisco recorda na inten\u00e7\u00e3o de ora\u00e7\u00e3o para o m\u00eas de dezembro as organiza\u00e7\u00f5es de voluntariado, atores-chave na sociedade devido ao seu compromisso na promo\u00e7\u00e3o humana e no bem comum.<\/p>\n\n\n\n<p>&#8220;O mundo precisa de volunt\u00e1rios e de organiza\u00e7\u00f5es que queiram comprometer-se com o bem comum. Sim, essa \u00e9 a palavra que muitos hoje em dia querem apagar: &#8216;compromisso&#8217;. E o mundo precisa de volunt\u00e1rios comprometidos com o bem comum&#8221;, destaca o Pont\u00edfice na mensagem de v\u00eddeo, divulgada nesta quinta-feira (1\u00b0\/12).<\/p>\n\n\n\n<p>O V\u00eddeo do Papa deste m\u00eas mostra os volunt\u00e1rios ao lado das v\u00edtimas de cat\u00e1strofes naturais, dos pobres que sofrem as consequ\u00eancias da crise econ\u00f4mica, de crian\u00e7as desnutridas, refugiados em fuga por causa da guerra, jovens e mulheres \u00e0 procura de trabalho.<\/p>\n\n\n\n<h2 class=\"wp-block-heading\">Ser artes\u00e3os de miseric\u00f3rdia<\/h2>\n\n\n\n<p>Segundo o Papa, &#8220;ser um volunt\u00e1rio solid\u00e1rio \u00e9 uma escolha que nos torna livres; torna-nos abertos \u00e0s necessidades dos outros, \u00e0s exig\u00eancias da justi\u00e7a, \u00e0 defesa dos pobres, ao cuidado da cria\u00e7\u00e3o&#8221;.<\/p>\n\n\n\n<p><em>\u00c9 ser artes\u00e3os de miseric\u00f3rdia: com as m\u00e3os, com os olhos, com o ouvido atento, com a proximidade. E ser volunt\u00e1rio \u00e9 trabalhar com as pessoas a quem se serve. N\u00e3o s\u00f3 para o povo, mas tamb\u00e9m com o povo. Trabalhar com pessoas.<\/em><\/p>\n\n\n\n<h2 class=\"wp-block-heading\">Precisamos multiplicar a esperan\u00e7a<\/h2>\n\n\n\n<p>De acordo com Francisco, &#8220;o trabalho das organiza\u00e7\u00f5es volunt\u00e1rias \u00e9 muito mais eficaz quando elas colaboram entre si e tamb\u00e9m com os Estados. Trabalhando em conjunto, apesar dos poucos recursos que possam ter, d\u00e3o o seu melhor e fazem do milagre da multiplica\u00e7\u00e3o da esperan\u00e7a uma realidade. Precisamos tanto multiplicar a esperan\u00e7a&#8221;!<\/p>\n\n\n\n<p><em>Rezemos para que as organiza\u00e7\u00f5es de voluntariado e de promo\u00e7\u00e3o humana encontrem pessoas dispostas a comprometer-se com o bem comum e a buscar novas formas de colabora\u00e7\u00e3o a n\u00edvel internacional.<\/em><\/p>\n\n\n\n<p>Este apelo do Santo Padre destaca o trabalho de milh\u00f5es de organiza\u00e7\u00f5es e associa\u00e7\u00f5es volunt\u00e1rias em todo o mundo, a maioria delas frequentemente sem visibilidade ou estatuto legal.<\/p>\n\n\n\n<h2 class=\"wp-block-heading\">Voluntariado de inspira\u00e7\u00e3o crist\u00e3<\/h2>\n\n\n\n<p>De acordo com o programa Volunt\u00e1rios das Na\u00e7\u00f5es Unidas (UNV), uma a cada nove pessoas no mundo faz trabalho volunt\u00e1rio, num total de 862,4 milh\u00f5es de volunt\u00e1rios nos cinco continentes.<\/p>\n\n\n\n<p>Muitas organiza\u00e7\u00f5es de voluntariado do mundo s\u00e3o de inspira\u00e7\u00e3o crist\u00e3 e o seu trabalho procura dar testemunho do Evangelho nas situa\u00e7\u00f5es mais dif\u00edceis. Do L\u00edbano \u00e0s Filipinas, do M\u00e9xico \u00e0 Ucr\u00e2nia, da Venezuela a Uganda.<\/p>\n\n\n\n<figure class=\"wp-block-embed is-type-video is-provider-youtube wp-block-embed-youtube wp-embed-aspect-16-9 wp-has-aspect-ratio\"><div class=\"wp-block-embed__wrapper\">\n<iframe loading=\"lazy\" title=\"DEZEMBRO: PELAS ORGANIZA\u00c7\u00d5ES DE VOLUNTARIADO\" width=\"500\" height=\"281\" src=\"https:\/\/www.youtube.com\/embed\/IT9AxFP9wlk?feature=oembed\" frameborder=\"0\" allow=\"accelerometer; autoplay; clipboard-write; encrypted-media; gyroscope; picture-in-picture\" allowfullscreen><\/iframe>\n<\/div><\/figure>\n","protected":false},"excerpt":{"rendered":"<p>A inten\u00e7\u00e3o de ora\u00e7\u00e3o do m\u00eas de dezembro que o Santo Padre confia \u00e0 Igreja Cat\u00f3lica atrav\u00e9s da Rede Mundial de Ora\u00e7\u00e3o do Papa \u00e9 para as organiza\u00e7\u00f5es de voluntariado e todas as&#8230;<\/p>\n","protected":false},"author":2,"featured_media":19461,"comment_status":"open","ping_status":"open","sticky":false,"template":"","format":"standard","meta":[],"categories":[1],"tags":[],"_links":{"self":[{"href":"https:\/\/www.salvatorianas.org.br\/blog\/wp-json\/wp\/v2\/posts\/19460"}],"collection":[{"href":"https:\/\/www.salvatorianas.org.br\/blog\/wp-json\/wp\/v2\/posts"}],"about":[{"href":"https:\/\/www.salvatorianas.org.br\/blog\/wp-json\/wp\/v2\/types\/post"}],"author":[{"embeddable":true,"href":"https:\/\/www.salvatorianas.org.br\/blog\/wp-json\/wp\/v2\/users\/2"}],"replies":[{"embeddable":true,"href":"https:\/\/www.salvatorianas.org.br\/blog\/wp-json\/wp\/v2\/comments?post=19460"}],"version-history":[{"count":1,"href":"https:\/\/www.salvatorianas.org.br\/blog\/wp-json\/wp\/v2\/posts\/19460\/revisions"}],"predecessor-version":[{"id":19462,"href":"https:\/\/www.salvatorianas.org.br\/blog\/wp-json\/wp\/v2\/posts\/19460\/revisions\/19462"}],"wp:featuredmedia":[{"embeddable":true,"href":"https:\/\/www.salvatorianas.org.br\/blog\/wp-json\/wp\/v2\/media\/19461"}],"wp:attachment":[{"href":"https:\/\/www.salvatorianas.org.br\/blog\/wp-json\/wp\/v2\/media?parent=19460"}],"wp:term":[{"taxonomy":"category","embeddable":true,"href":"https:\/\/www.salvatorianas.org.br\/blog\/wp-json\/wp\/v2\/categories?post=19460"},{"taxonomy":"post_tag","embeddable":true,"href":"https:\/\/www.salvatorianas.org.br\/blog\/wp-json\/wp\/v2\/tags?post=19460"}],"curies":[{"name":"wp","href":"https:\/\/api.w.org\/{rel}","templated":true}]}}