{"id":19452,"date":"2022-12-11T01:35:00","date_gmt":"2022-12-11T01:35:00","guid":{"rendered":"https:\/\/www.salvatorianas.org.br\/blog\/?p=19452"},"modified":"2022-12-07T14:38:01","modified_gmt":"2022-12-07T14:38:01","slug":"3o-domingo-do-advento","status":"publish","type":"post","link":"https:\/\/www.salvatorianas.org.br\/blog\/3o-domingo-do-advento\/","title":{"rendered":"3\u00ba Domingo do Advento"},"content":{"rendered":"\n<h3 class=\"wp-block-heading\">Ora\u00e7\u00e3o do dia<\/h3>\n\n\n\n<p>\u00d3 Deus de bondade, que vedes o vosso povo esperando fervoroso o natal do Senhor, da\u00ed chegarmos \u00e0s alegrias da salva\u00e7\u00e3o e celebr\u00e1-las sempre com intenso j\u00fabilo na solene liturgia. Por Nosso Senhor Jesus Cristo, Vosso Filho, na unidade do Esp\u00edrito Santo.<\/p>\n\n\n\n<h3 class=\"wp-block-heading\">Leitura &#8211;&nbsp;Isa\u00edas 35, 1-6.10<\/h3>\n\n\n\n<p>Leitura do livro do profeta Isa\u00edas<\/p>\n\n\n\n<p>35 1 O deserto e a terra \u00e1rida regozijar-se-\u00e3o. A estepe vai alegrar-se e florir. Como o l\u00edrio<\/p>\n\n\n\n<p>2 ela florir\u00e1, exultar\u00e1 de j\u00fabilo e gritar\u00e1 de alegria. A gl\u00f3ria do L\u00edbano lhe ser\u00e1 dada, o esplendor do Carmelo e de Saron; ser\u00e1 vista a gl\u00f3ria do Senhor e a magnific\u00eancia do nosso Deus.<\/p>\n\n\n\n<p>3 Fortificai as m\u00e3os desfalecidas, robustecei os joelhos vacilantes.<\/p>\n\n\n\n<p>4 Dizei \u00e0queles que t\u00eam o cora\u00e7\u00e3o perturbado: &#8220;Tomai \u00e2nimo, n\u00e3o temais! Eis o vosso Deus! Ele vem executar a vingan\u00e7a. Eis que chega a retribui\u00e7\u00e3o de Deus: ele mesmo vem salvar-vos&#8221;.<\/p>\n\n\n\n<p>5 Ent\u00e3o se abrir\u00e3o os olhos do cego. E se desimpedir\u00e3o os ouvidos dos surdos;<\/p>\n\n\n\n<p>6 ent\u00e3o o coxo saltar\u00e1 como um cervo, e a l\u00edngua do mudo dar\u00e1 gritos alegres. Porque \u00e1guas jorrar\u00e3o no deserto e torrentes, na estepe.<\/p>\n\n\n\n<p>10 por ali voltar\u00e3o aqueles que o Senhor tiver libertado. Eles chegar\u00e3o a Si\u00e3o com c\u00e2nticos de triunfo, e uma alegria eterna coroar\u00e1 sua cabe\u00e7a; a alegria e o gozo possu\u00ed-los-\u00e3o; a tristeza e os queixumes fugir\u00e3o.<\/p>\n\n\n\n<p>Palavra do Senhor.<\/p>\n\n\n\n<h3 class=\"wp-block-heading\">Salmo Responsorial &#8211;&nbsp;145\/146<\/h3>\n\n\n\n<p><strong>Vinde, Senhor, para salvar o vosso povo!<\/strong><\/p>\n\n\n\n<p>O Senhor \u00e9 fiel para sempre,<\/p>\n\n\n\n<p>faz justi\u00e7a aos que s\u00e3o oprimidos;<\/p>\n\n\n\n<p>ele d\u00e1 alimento aos famintos,<\/p>\n\n\n\n<p>\u00e9 o Senhor quem liberta os cativos.<\/p>\n\n\n\n<p>O Senhor abre os olhos aos cegos,<\/p>\n\n\n\n<p>o Senhor faz erguer-se o ca\u00eddo,<\/p>\n\n\n\n<p>o Senhor ama aquele que \u00e9 justo.<\/p>\n\n\n\n<p>\u00c9 o Senhor quem protege o estrangeiro.<\/p>\n\n\n\n<p>Ele ampara a vi\u00fava e o \u00f3rf\u00e3o,<\/p>\n\n\n\n<p>mas confunde os caminhos dos maus.<\/p>\n\n\n\n<p>O Senhor reinar\u00e1 para sempre!<\/p>\n\n\n\n<p>\u00d3 Si\u00e3o, o teu Deus reinar\u00e1.<\/p>\n\n\n\n<h3 class=\"wp-block-heading\">Leitura &#8211;&nbsp;Tiago 5,7-10<\/h3>\n\n\n\n<p>Leitura da carta de s\u00e3o Tiago<\/p>\n\n\n\n<p>Irm\u00e3os, 5 7 tende, pois, paci\u00eancia, meus irm\u00e3os, at\u00e9 a vinda do Senhor. Vede o lavrador: ele aguarda o precioso fruto da terra e tem paci\u00eancia at\u00e9 receber a chuva do outono e a da primavera.<\/p>\n\n\n\n<p>8 Tende tamb\u00e9m v\u00f3s paci\u00eancia e fortalecei os vossos cora\u00e7\u00f5es, porque a vinda do Senhor est\u00e1 pr\u00f3xima.<\/p>\n\n\n\n<p>9 N\u00e3o vos queixeis uns dos outros, para que n\u00e3o sejais julgados. Eis que o juiz est\u00e1 \u00e0 porta.<\/p>\n\n\n\n<p>10 Tomai, irm\u00e3os, por modelo de paci\u00eancia e de coragem os profetas, que falaram em nome do Senhor.<\/p>\n\n\n\n<p>Palavra do Senhor.<\/p>\n\n\n\n<h3 class=\"wp-block-heading\">Evangelho &#8211;&nbsp;Mateus 11, 2-11<\/h3>\n\n\n\n<p>Aleluia, aleluia, aleluia.<\/p>\n\n\n\n<p>O Esp\u00edrito do Senhor sobre mim fez a sua un\u00e7\u00e3o, enviou-me aos empobrecidos a fazer feliz proclama\u00e7\u00e3o! (Is 61,1).<\/p>\n\n\n\n<p>Proclama\u00e7\u00e3o do Evangelho de Jesus Cristo segundo Mateus.<\/p>\n\n\n\n<p>Naquele tempo, 11 2 Tendo Jo\u00e3o, em sua pris\u00e3o, ouvido falar das obras de Cristo, mandou-lhe dizer pelos seus disc\u00edpulos:<\/p>\n\n\n\n<p>3 &#8220;Sois v\u00f3s aquele que deve vir, ou devemos esperar por outro?&#8221;<\/p>\n\n\n\n<p>4 Respondeu-lhes Jesus: &#8220;Ide e contai a Jo\u00e3o o que ouvistes e o que vistes:<\/p>\n\n\n\n<p>5 os cegos veem, os coxos andam, os leprosos s\u00e3o limpos, os surdos ouvem, os mortos ressuscitam, o Evangelho \u00e9 anunciado aos pobres.<\/p>\n\n\n\n<p>6 Bem-aventurado aquele para quem eu n\u00e3o for ocasi\u00e3o de queda!&#8221;<\/p>\n\n\n\n<p>7 Tendo eles partido, disse Jesus \u00e0 multid\u00e3o a respeito de Jo\u00e3o: &#8220;Que fostes ver no deserto? Um cani\u00e7o agitado pelo vento?<\/p>\n\n\n\n<p>8 Que fostes ver, ent\u00e3o? Um homem vestido com roupas luxuosas? Mas os que est\u00e3o revestidos de tais roupas vivem nos pal\u00e1cios dos reis.<\/p>\n\n\n\n<p>9 Ent\u00e3o por que fostes para l\u00e1? Para ver um profeta? Sim, digo-vos eu, mais que um profeta.<\/p>\n\n\n\n<p>10 \u00c9 dele que est\u00e1 escrito: \u2018Eis que eu envio meu mensageiro diante de ti para te preparar o caminho\u2019.<\/p>\n\n\n\n<p>11 Em verdade vos digo: entre os filhos das mulheres, n\u00e3o surgiu outro maior que Jo\u00e3o Batista. No entanto, o menor no Reino dos c\u00e9us \u00e9 maior do que ele&#8221;.<\/p>\n\n\n\n<p>Palavra da Salva\u00e7\u00e3o.<\/p>\n\n\n\n<h3 class=\"wp-block-heading\">Coment\u00e1rio ao Evangelho<\/h3>\n\n\n\n<p>AS OBRAS DO MESSIAS<\/p>\n\n\n\n<p>Ao ser interrogado a respeito de sua condi\u00e7\u00e3o messi\u00e2nica, Jesus n\u00e3o se perdeu em longas considera\u00e7\u00f5es te\u00f3ricas para justificar sua identidade e miss\u00e3o de Messias. Sugeriu que referissem a Jo\u00e3o Batista, cujos emiss\u00e1rios tinham sido enviados para question\u00e1-lo, tudo quanto estava realizando e que era de conhecimento p\u00fablico. Por obra sua, os cegos recuperavam a vista, os paral\u00edticos punham-se a caminhar, os leprosos viam-se livres de sua enfermidade, os surdos passavam a ouvir, os mortos voltavam \u00e0 vida, os pobres escutavam a Boa-Nova do Reino.<\/p>\n\n\n\n<p>Tratava-se, portanto, de fazer um discernimento sobre a pr\u00e1tica de Jesus e reconhecer sua verdadeira identidade. Uma simples resposta positiva, mesmo saindo da boca de Jesus, seria insuficiente. Outros, antes dele, j\u00e1 haviam se apresentado com pretens\u00f5es messi\u00e2nicas, autoproclamando-se messias. E todos falsos messias. Jesus seguiu um caminho contr\u00e1rio: revelava sua condi\u00e7\u00e3o messi\u00e2nica com suas obras.<\/p>\n\n\n\n<p>Os fatos indicados aos disc\u00edpulos do Batista eram simbolicamente importantes, pois correspondiam \u00e0s obras atribu\u00eddas pelos antigos profetas ao Messias vindouro. Todos eles tinham a ver com a restaura\u00e7\u00e3o da vida e da dignidade humana, com a supera\u00e7\u00e3o da marginaliza\u00e7\u00e3o social e religiosa, com a recupera\u00e7\u00e3o da esperan\u00e7a nos cora\u00e7\u00f5es abatidos. Tudo isto era sinal de que o Reino estava irrompendo na hist\u00f3ria humana, por obra do enviado de Deus.<\/p>\n","protected":false},"excerpt":{"rendered":"<p>Ora\u00e7\u00e3o do dia \u00d3 Deus de bondade, que vedes o vosso povo esperando fervoroso o natal do Senhor, da\u00ed chegarmos \u00e0s alegrias da salva\u00e7\u00e3o e celebr\u00e1-las sempre com intenso j\u00fabilo na solene liturgia&#8230;.<\/p>\n","protected":false},"author":2,"featured_media":19453,"comment_status":"open","ping_status":"open","sticky":false,"template":"","format":"standard","meta":[],"categories":[7],"tags":[],"_links":{"self":[{"href":"https:\/\/www.salvatorianas.org.br\/blog\/wp-json\/wp\/v2\/posts\/19452"}],"collection":[{"href":"https:\/\/www.salvatorianas.org.br\/blog\/wp-json\/wp\/v2\/posts"}],"about":[{"href":"https:\/\/www.salvatorianas.org.br\/blog\/wp-json\/wp\/v2\/types\/post"}],"author":[{"embeddable":true,"href":"https:\/\/www.salvatorianas.org.br\/blog\/wp-json\/wp\/v2\/users\/2"}],"replies":[{"embeddable":true,"href":"https:\/\/www.salvatorianas.org.br\/blog\/wp-json\/wp\/v2\/comments?post=19452"}],"version-history":[{"count":1,"href":"https:\/\/www.salvatorianas.org.br\/blog\/wp-json\/wp\/v2\/posts\/19452\/revisions"}],"predecessor-version":[{"id":19454,"href":"https:\/\/www.salvatorianas.org.br\/blog\/wp-json\/wp\/v2\/posts\/19452\/revisions\/19454"}],"wp:featuredmedia":[{"embeddable":true,"href":"https:\/\/www.salvatorianas.org.br\/blog\/wp-json\/wp\/v2\/media\/19453"}],"wp:attachment":[{"href":"https:\/\/www.salvatorianas.org.br\/blog\/wp-json\/wp\/v2\/media?parent=19452"}],"wp:term":[{"taxonomy":"category","embeddable":true,"href":"https:\/\/www.salvatorianas.org.br\/blog\/wp-json\/wp\/v2\/categories?post=19452"},{"taxonomy":"post_tag","embeddable":true,"href":"https:\/\/www.salvatorianas.org.br\/blog\/wp-json\/wp\/v2\/tags?post=19452"}],"curies":[{"name":"wp","href":"https:\/\/api.w.org\/{rel}","templated":true}]}}