{"id":19449,"date":"2022-12-10T01:28:00","date_gmt":"2022-12-10T01:28:00","guid":{"rendered":"https:\/\/www.salvatorianas.org.br\/blog\/?p=19449"},"modified":"2022-12-07T14:33:36","modified_gmt":"2022-12-07T14:33:36","slug":"2a-semana-do-advento-sabado","status":"publish","type":"post","link":"https:\/\/www.salvatorianas.org.br\/blog\/2a-semana-do-advento-sabado\/","title":{"rendered":"2\u00aa Semana do Advento | S\u00e1bado"},"content":{"rendered":"\n<h3 class=\"wp-block-heading\">Ora\u00e7\u00e3o do dia<\/h3>\n\n\n\n<p>Concedei-nos, \u00f3 Deus todo-poderoso, que desponte em nossos cora\u00e7\u00f5es o esplendor da vossa gl\u00f3ria, para que, vencidas as trevas do pecado, a vinda do vosso unig\u00eanito revel que somos filhos da luz. Por nosso Senhor Jesus Cristo, Vosso Filho, na unidade do Esp\u00edrito Santo.<\/p>\n\n\n\n<h3 class=\"wp-block-heading\">Leitura &#8211;&nbsp;Eclesi\u00e1stico 48,1-4.9-11<\/h3>\n\n\n\n<p>48 1 Suas palavras queimavam como uma tocha ardente. Elias, o profeta, levantou-se em breve como um fogo.<\/p>\n\n\n\n<p>2 Ele fez vir a fome sobre o povo (de Israel): foram reduzidos a um punhado por t\u00ea-lo irritado com sua inveja, pois n\u00e3o podiam suportar os preceitos do Senhor.<\/p>\n\n\n\n<p>3 Com a palavra do Senhor ele fechou o c\u00e9u, e dele fez cair fogo por tr\u00eas vezes.<\/p>\n\n\n\n<p>4 Qu\u00e3o glorioso te tornaste, Elias, por teus prod\u00edgios! Quem pode gloriar-se de ser como tu?<\/p>\n\n\n\n<p>9 Tu que foste arrebatado num turbilh\u00e3o de fogo, num carro puxado por cavalos ardentes.<\/p>\n\n\n\n<p>10 Tu que foste escolhido pelos decretos dos tempos para amenizar a c\u00f3lera do Senhor, reconciliar os cora\u00e7\u00f5es dos pais com os filhos, e restabelecer as tribos de Jac\u00f3.<\/p>\n\n\n\n<p>11 Bem-aventurados os que te conheceram, e foram honrados com a tua amizade!<\/p>\n\n\n\n<p>Palavra do Senhor.<\/p>\n\n\n\n<h3 class=\"wp-block-heading\">Salmo Responsorial &#8211;&nbsp;79\/80<\/h3>\n\n\n\n<p><strong>Convertei-nos, \u00f3 Senhor,<\/strong><\/p>\n\n\n\n<p><strong>resplandecei a vossa face e n\u00f3s seremos salvos!<\/strong><\/p>\n\n\n\n<p>\u00d3 Pastor de Israel, prestai ouvidos.<\/p>\n\n\n\n<p>V\u00f3s que sobre os querubins vos assentais.<\/p>\n\n\n\n<p>Despertai vosso poder, \u00f3 nosso Deus,<\/p>\n\n\n\n<p>e vinde logo nos trazer a salva\u00e7\u00e3o!<\/p>\n\n\n\n<p>Voltai-vos para n\u00f3s, Deus do universo!<\/p>\n\n\n\n<p>Olhai dos altos c\u00e9us e observai.<\/p>\n\n\n\n<p>Visitai a vossa vinha e protegei-a!<\/p>\n\n\n\n<p>Foi a vossa m\u00e3o direita que a plantou;<\/p>\n\n\n\n<p>protegei-a, e ao rebento que firmastes!<\/p>\n\n\n\n<p>Pousai a m\u00e3o por sobre o vosso protegido,<\/p>\n\n\n\n<p>o filho do homem que escolhestes para v\u00f3s!<\/p>\n\n\n\n<p>E nunca mais vos deixaremos, Senhor Deus!<\/p>\n\n\n\n<p>Dai-nos vida, e louvaremos vosso nome!<\/p>\n\n\n\n<h3 class=\"wp-block-heading\">Leitura &#8211;<\/h3>\n\n\n\n<h3 class=\"wp-block-heading\">Evangelho &#8211;&nbsp;Mateus 17,10-13<\/h3>\n\n\n\n<p>Aleluia, aleluia, aleluia.<\/p>\n\n\n\n<p>Preparai o caminho do Senhor, endireitai suas veredas! Toda carne h\u00e1 de ver a salva\u00e7\u00e3o que vem de Deus! (Lc 3,4.6)<\/p>\n\n\n\n<p>Proclama\u00e7\u00e3o do Evangelho de Jesus Cristo segundo Mateus.<\/p>\n\n\n\n<p>17 10 Em seguida, os disc\u00edpulos o interrogaram: &#8220;Por que dizem os escribas que Elias deve voltar primeiro?&#8221;<\/p>\n\n\n\n<p>11 Jesus respondeu-lhes: &#8220;Elias, de fato, deve voltar e restabelecer todas as coisas.<\/p>\n\n\n\n<p>12 Mas eu vos digo que Elias j\u00e1 veio, mas n\u00e3o o conheceram; antes, fizeram com ele quanto quiseram. Do mesmo modo far\u00e3o sofrer o Filho do Homem&#8221;.<\/p>\n\n\n\n<p>13 Os disc\u00edpulos compreenderam, ent\u00e3o, que ele lhes falava de Jo\u00e3o Batista.<\/p>\n\n\n\n<p>Palavra da Salva\u00e7\u00e3o.<\/p>\n\n\n\n<h3 class=\"wp-block-heading\">Coment\u00e1rio ao Evangelho<\/h3>\n\n\n\n<p>A VINDA DE ELIAS<\/p>\n\n\n\n<p>As expectativas messi\u00e2nicas do tempo de Jesus mesclavam-se com uma s\u00e9rie de elementos, dentre os quais, a cren\u00e7a que, por ocasi\u00e3o da vinda do Messias, o profeta Elias haveria de retornar. Era bem conhecida a hist\u00f3ria do profeta arrebatado aos c\u00e9us, num carro de fogo. Por n\u00e3o ter morrido, como qualquer ser humano, difundiu-se a esperan\u00e7a de que Elias voltaria no fim dos tempos, indicando, assim, que a vinda do Messias estava pr\u00f3xima.<\/p>\n\n\n\n<p>Jesus n\u00e3o negou esta tradi\u00e7\u00e3o. Entretanto, ofereceu uma pista para indicar que ela j\u00e1 se havia realizado na pessoa de Jo\u00e3o Batista. A a\u00e7\u00e3o precursora dele em rela\u00e7\u00e3o a Jesus correspondia \u00e0quela de Elias, em vista do Messias vindouro. A conclus\u00e3o era evidente: Jesus era o Messias esperado por Israel. Deveria, pois, ser aceito e acolhido como tal.<\/p>\n\n\n\n<p>Entretanto, o Mestre n\u00e3o se adaptou aos esquemas messi\u00e2nicos do povo. Se, por um lado, sua presen\u00e7a assinalava o fim de uma era, por outro, introduzia, na hist\u00f3ria humana, um tempo novo. Ele superou a agita\u00e7\u00e3o messi\u00e2nica, propondo aos disc\u00edpulos um ideal de fraternidade, fundado na miseric\u00f3rdia e no servi\u00e7o desinteressado aos irm\u00e3os. Igualmente recusou-se a responder quest\u00f5es de curiosidade a respeito do dia do fim do mundo e do n\u00famero dos que seriam salvos. Desta forma, rompeu com o messianismo popular, dando margem para que seus disc\u00edpulos assumissem sua vida e sua miss\u00e3o com mais seriedade.<\/p>\n","protected":false},"excerpt":{"rendered":"<p>Ora\u00e7\u00e3o do dia Concedei-nos, \u00f3 Deus todo-poderoso, que desponte em nossos cora\u00e7\u00f5es o esplendor da vossa gl\u00f3ria, para que, vencidas as trevas do pecado, a vinda do vosso unig\u00eanito revel que somos filhos&#8230;<\/p>\n","protected":false},"author":2,"featured_media":19450,"comment_status":"open","ping_status":"open","sticky":false,"template":"","format":"standard","meta":[],"categories":[7],"tags":[],"_links":{"self":[{"href":"https:\/\/www.salvatorianas.org.br\/blog\/wp-json\/wp\/v2\/posts\/19449"}],"collection":[{"href":"https:\/\/www.salvatorianas.org.br\/blog\/wp-json\/wp\/v2\/posts"}],"about":[{"href":"https:\/\/www.salvatorianas.org.br\/blog\/wp-json\/wp\/v2\/types\/post"}],"author":[{"embeddable":true,"href":"https:\/\/www.salvatorianas.org.br\/blog\/wp-json\/wp\/v2\/users\/2"}],"replies":[{"embeddable":true,"href":"https:\/\/www.salvatorianas.org.br\/blog\/wp-json\/wp\/v2\/comments?post=19449"}],"version-history":[{"count":1,"href":"https:\/\/www.salvatorianas.org.br\/blog\/wp-json\/wp\/v2\/posts\/19449\/revisions"}],"predecessor-version":[{"id":19451,"href":"https:\/\/www.salvatorianas.org.br\/blog\/wp-json\/wp\/v2\/posts\/19449\/revisions\/19451"}],"wp:featuredmedia":[{"embeddable":true,"href":"https:\/\/www.salvatorianas.org.br\/blog\/wp-json\/wp\/v2\/media\/19450"}],"wp:attachment":[{"href":"https:\/\/www.salvatorianas.org.br\/blog\/wp-json\/wp\/v2\/media?parent=19449"}],"wp:term":[{"taxonomy":"category","embeddable":true,"href":"https:\/\/www.salvatorianas.org.br\/blog\/wp-json\/wp\/v2\/categories?post=19449"},{"taxonomy":"post_tag","embeddable":true,"href":"https:\/\/www.salvatorianas.org.br\/blog\/wp-json\/wp\/v2\/tags?post=19449"}],"curies":[{"name":"wp","href":"https:\/\/api.w.org\/{rel}","templated":true}]}}