{"id":19446,"date":"2022-12-09T01:02:00","date_gmt":"2022-12-09T01:02:00","guid":{"rendered":"https:\/\/www.salvatorianas.org.br\/blog\/?p=19446"},"modified":"2022-12-07T14:05:21","modified_gmt":"2022-12-07T14:05:21","slug":"2a-semana-do-advento-sexta-feira","status":"publish","type":"post","link":"https:\/\/www.salvatorianas.org.br\/blog\/2a-semana-do-advento-sexta-feira\/","title":{"rendered":"2\u00aa Semana do Advento | Sexta-feira"},"content":{"rendered":"\n<h3 class=\"wp-block-heading\">Ora\u00e7\u00e3o do dia<\/h3>\n\n\n\n<p>\u00d3 Deus onipotente, da\u00ed ao vosso povo esperar vigilante a chegada do vosso Filho, para que, instru\u00eddos pelo pr\u00f3prio Salvador, corramos ao seu encontro com nossas l\u00e2mpadas acesas. Por nosso Senhor Jesus Cristo, vosso Filho, na unidade do Esp\u00edrito Santo.<\/p>\n\n\n\n<h3 class=\"wp-block-heading\">Leitura &#8211;&nbsp;Isa\u00edas 48,17-19<\/h3>\n\n\n\n<p>Leitura do livro do profeta Isa\u00edas.<\/p>\n\n\n\n<p>48 17 Eis o que diz o Senhor, teu Redentor, o Santo de Israel: &#8220;eu sou o Senhor teu Deus, que te d\u00e1 li\u00e7\u00f5es salutares, que te conduz pelo caminho que deves seguir.<\/p>\n\n\n\n<p>18 Ah! Se tivesses sido atento \u00e0s minhas ordens! Teu bem-estar assemelhar-se-ia a um rio, e tua felicidade \u00e0s ondas do mar;<\/p>\n\n\n\n<p>19 tua posteridade seria como a areia, e teus descendentes, como os gr\u00e3os de areia; nada poderia apagar nem abolir teu nome de diante de mim&#8221;.<\/p>\n\n\n\n<p>Palavra do Senhor.<\/p>\n\n\n\n<h3 class=\"wp-block-heading\">Salmo Responsorial &#8211;&nbsp;1<\/h3>\n\n\n\n<p><strong>Senhor, quem vos seguir ter\u00e1 a luz da vida.<\/strong><\/p>\n\n\n\n<p>Feliz \u00e9 todo aquele que n\u00e3o anda<\/p>\n\n\n\n<p>conforme os conselhos dos perversos;<\/p>\n\n\n\n<p>que n\u00e3o entra no caminho dos malvados,<\/p>\n\n\n\n<p>nem junto aos zombadores vai sentar-se;<\/p>\n\n\n\n<p>mas encontra seu prazer na lei de Deus<\/p>\n\n\n\n<p>e a medita, dia e noite, sem cessar.<\/p>\n\n\n\n<p>Eis que ele \u00e9 semelhante a uma \u00e1rvore,<\/p>\n\n\n\n<p>que \u00e0 beira da torrente est\u00e1 plantada;<\/p>\n\n\n\n<p>ela sempre d\u00e1 seus frutos a seu tempo,<\/p>\n\n\n\n<p>e jamais as suas folhas v\u00e3o murchar.<\/p>\n\n\n\n<p>Eis que tudo o que ele faz vai prosperar.<\/p>\n\n\n\n<p>Mas bem outra \u00e9 a sorte dos perversos.<\/p>\n\n\n\n<p>Ao contr\u00e1rio, s\u00e3o iguais \u00e0 palha seca<\/p>\n\n\n\n<p>espalhada e dispersada pelo vento.<\/p>\n\n\n\n<p>Pois Deus vigia o caminho dos eleitos,<\/p>\n\n\n\n<p>mas a estrada dos malvados leva \u00e0 morte.<\/p>\n\n\n\n<h3 class=\"wp-block-heading\">Leitura &#8211;<\/h3>\n\n\n\n<h3 class=\"wp-block-heading\">Evangelho &#8211;&nbsp;Mateus 11,16-19<\/h3>\n\n\n\n<p>Aleluia, aleluia, aleluia.<\/p>\n\n\n\n<p>O Senhor h\u00e1 de vir, acorrei-lhe ao encontro; \u00e9 o pr\u00edncipe da paz.<\/p>\n\n\n\n<p>Proclama\u00e7\u00e3o do Evangelho de Jesus Cristo segundo Lucas.<\/p>\n\n\n\n<p>Naquele tempo, disse Jesus \u00e0s multid\u00f5es: 11 16 &#8220;A quem hei de comparar esta gera\u00e7\u00e3o? \u00c9 semelhante a meninos sentados nas pra\u00e7as que gritam aos seus companheiros:<\/p>\n\n\n\n<p>17 \u2018Tocamos a flauta e n\u00e3o dan\u00e7ais, cantamos uma lamenta\u00e7\u00e3o e n\u00e3o chorais\u2019.<\/p>\n\n\n\n<p>18 Jo\u00e3o veio; ele n\u00e3o bebia e n\u00e3o comia, e disseram: \u2018Ele est\u00e1 possesso de um dem\u00f4nio\u2019.<\/p>\n\n\n\n<p>19 O Filho do Homem vem, come e bebe, e dizem: \u2018\u00c9 um comil\u00e3o e beberr\u00e3o, amigo dos publicanos e dos devassos\u2019. Mas a sabedoria foi justificada por seus filhos.<\/p>\n\n\n\n<p>Palavra da Salva\u00e7\u00e3o.<\/p>\n\n\n\n<h3 class=\"wp-block-heading\">Coment\u00e1rio ao Evangelho<\/h3>\n\n\n\n<p>CR\u00cdTICAS INFUNDADAS<\/p>\n\n\n\n<p>Os destinat\u00e1rios da den\u00fancia de Jesus eram todos os que n\u00e3o o acolheram, como tamb\u00e9m a Jo\u00e3o Batista. Isto \u00e9, os que, aferrados aos seus esquemas, fechavam-se para quem os questionava, propondo-lhes algo novo, mais condizente com a vontade divina. A incapacidade de converter-se era acobertada com cr\u00edticas infundadas.<\/p>\n\n\n\n<p>A austeridade de Jo\u00e3o foi taxada de possess\u00e3o demon\u00edaca, de loucura. Por seu modo fraterno de ser, Jesus recebeu a alcunha de comil\u00e3o, beberr\u00e3o e amigo de gente de m\u00e1 vida. Assim, ambos eram desmoralizados e desautorizados a se apresentarem como referenciais para o povo. A credibilidade dos dois ficava minada nas bases.<\/p>\n\n\n\n<p>O testemunho de Jo\u00e3o exigia preparar-se para acolher o Messias vindouro, por meio de uma profunda transforma\u00e7\u00e3o interior, em detrimento de certas pr\u00e1ticas, ensinadas pelos l\u00edderes religiosos. Com isto, a imensa estrutura articulada em torno do templo e de suas institui\u00e7\u00f5es, bem como das sinagogas espalhadas pelo pa\u00eds, ficavam sem import\u00e2ncia. E tamb\u00e9m seus mentores e propagadores.<\/p>\n\n\n\n<p>J\u00e1 o testemunho de Jesus era uma aberta den\u00fancia ao segregacionismo preconceituoso da religi\u00e3o da \u00e9poca. Ele foi se colocar exatamente junto dos que eram marginalizados, fazendo-se solid\u00e1rio com eles. Mostrava, assim, onde e como a salva\u00e7\u00e3o estava acontecendo, e de que modo o Reino, de fato, irrompia na Hist\u00f3ria.<\/p>\n","protected":false},"excerpt":{"rendered":"<p>Ora\u00e7\u00e3o do dia \u00d3 Deus onipotente, da\u00ed ao vosso povo esperar vigilante a chegada do vosso Filho, para que, instru\u00eddos pelo pr\u00f3prio Salvador, corramos ao seu encontro com nossas l\u00e2mpadas acesas. Por nosso&#8230;<\/p>\n","protected":false},"author":2,"featured_media":19447,"comment_status":"open","ping_status":"open","sticky":false,"template":"","format":"standard","meta":[],"categories":[7],"tags":[],"_links":{"self":[{"href":"https:\/\/www.salvatorianas.org.br\/blog\/wp-json\/wp\/v2\/posts\/19446"}],"collection":[{"href":"https:\/\/www.salvatorianas.org.br\/blog\/wp-json\/wp\/v2\/posts"}],"about":[{"href":"https:\/\/www.salvatorianas.org.br\/blog\/wp-json\/wp\/v2\/types\/post"}],"author":[{"embeddable":true,"href":"https:\/\/www.salvatorianas.org.br\/blog\/wp-json\/wp\/v2\/users\/2"}],"replies":[{"embeddable":true,"href":"https:\/\/www.salvatorianas.org.br\/blog\/wp-json\/wp\/v2\/comments?post=19446"}],"version-history":[{"count":1,"href":"https:\/\/www.salvatorianas.org.br\/blog\/wp-json\/wp\/v2\/posts\/19446\/revisions"}],"predecessor-version":[{"id":19448,"href":"https:\/\/www.salvatorianas.org.br\/blog\/wp-json\/wp\/v2\/posts\/19446\/revisions\/19448"}],"wp:featuredmedia":[{"embeddable":true,"href":"https:\/\/www.salvatorianas.org.br\/blog\/wp-json\/wp\/v2\/media\/19447"}],"wp:attachment":[{"href":"https:\/\/www.salvatorianas.org.br\/blog\/wp-json\/wp\/v2\/media?parent=19446"}],"wp:term":[{"taxonomy":"category","embeddable":true,"href":"https:\/\/www.salvatorianas.org.br\/blog\/wp-json\/wp\/v2\/categories?post=19446"},{"taxonomy":"post_tag","embeddable":true,"href":"https:\/\/www.salvatorianas.org.br\/blog\/wp-json\/wp\/v2\/tags?post=19446"}],"curies":[{"name":"wp","href":"https:\/\/api.w.org\/{rel}","templated":true}]}}