{"id":19442,"date":"2022-12-08T01:31:00","date_gmt":"2022-12-08T01:31:00","guid":{"rendered":"https:\/\/www.salvatorianas.org.br\/blog\/?p=19442"},"modified":"2022-12-07T13:33:47","modified_gmt":"2022-12-07T13:33:47","slug":"imaculada-conceicao-de-nossa-senhora-solenidade","status":"publish","type":"post","link":"https:\/\/www.salvatorianas.org.br\/blog\/imaculada-conceicao-de-nossa-senhora-solenidade\/","title":{"rendered":"Imaculada Concei\u00e7\u00e3o de Nossa Senhora &#8211; Solenidade"},"content":{"rendered":"\n<h3 class=\"wp-block-heading\">Ora\u00e7\u00e3o do dia<\/h3>\n\n\n\n<p>\u00d3 Deus, que preparastes uma digna habita\u00e7\u00e3o para o vosso filho pela imaculada concei\u00e7\u00e3o da virgem Maria, preservando-a de todo pecado em previs\u00e3o dos m\u00e9ritos de Cristo, concedei-nos chegar at\u00e9 v\u00f3s purificados tamb\u00e9m de toda culpa por sua materna intercess\u00e3o. Por Nosso Senhor Jesus Cristo, Vosso Filho, na unidade do Esp\u00edrito Santo.<\/p>\n\n\n\n<h3 class=\"wp-block-heading\">Leitura &#8211;&nbsp;G\u00eanesis 3,9-15.20<\/h3>\n\n\n\n<p>Leitura do livro do G\u00eanesis.<\/p>\n\n\n\n<p>3 9 Mas o Senhor Deus chamou o homem, e disse-lhe: \u201cOnde est\u00e1s?\u201d10 E ele respondeu: \u201cOuvi o barulho dos vossos passos no jardim; tive medo, porque estou nu; e ocultei-me.\u201d11 O Senhor Deus disse: \u201cQuem te revelou que estavas nu? Terias tu porventura comido do fruto da \u00e1rvore que eu te havia proibido de comer?\u201d12 O homem respondeu: \u201cA mulher que pusestes ao meu lado apresentou-me deste fruto, e eu comi.\u201d13 O Senhor Deus disse \u00e0 mulher: Por que fizeste isso?\u201d \u201cA serpente enganou-me \u2013 respondeu ela \u2013 e eu comi.\u201d<\/p>\n\n\n\n<p>14 Ent\u00e3o o Senhor Deus disse \u00e0 serpente: \u201cPorque fizeste isso, ser\u00e1s maldita entre todos os animais e feras dos campos; andar\u00e1s de rastos sobre o teu ventre e comer\u00e1s o p\u00f3 todos os dias de tua vida.<\/p>\n\n\n\n<p>15 Porei \u00f3dio entre ti e a mulher, entre a tua descend\u00eancia e a dela. Esta te ferir\u00e1 a cabe\u00e7a, e tu ferir\u00e1s o calcanhar.\u201d<\/p>\n\n\n\n<p>20 Ad\u00e3o p\u00f4s \u00e0 sua mulher o nome de Eva, porque ela era a m\u00e3e de todos os viventes.<\/p>\n\n\n\n<p>Palavra do Senhor.<\/p>\n\n\n\n<h3 class=\"wp-block-heading\">Salmo Responsorial &#8211;&nbsp;97\/98<\/h3>\n\n\n\n<p><strong>Cantai ao Senhor Deus um canto novo,<\/strong><\/p>\n\n\n\n<p><strong>porque ele fez prod\u00edgios!<\/strong><\/p>\n\n\n\n<p>Cantai ao Senhor Deus um canto novo,<\/p>\n\n\n\n<p>porque ele fez prod\u00edgios!<\/p>\n\n\n\n<p>Sua m\u00e3o e o seu bra\u00e7o forte e santo<\/p>\n\n\n\n<p>alcan\u00e7aram-lhe a vit\u00f3ria.<\/p>\n\n\n\n<p>O Senhor fez conhecer a salva\u00e7\u00e3o<\/p>\n\n\n\n<p>e, \u00e0s na\u00e7\u00f5es, sua justi\u00e7a;<\/p>\n\n\n\n<p>recordou o seu amor sempre fiel<\/p>\n\n\n\n<p>pela casa de Israel.<\/p>\n\n\n\n<p>Os confins do universo contemplaram<\/p>\n\n\n\n<p>a salva\u00e7\u00e3o do nosso Deus.<\/p>\n\n\n\n<p>Aclamai o Senhor Deus, \u00f3 terra inteira,<\/p>\n\n\n\n<p>alegrai-vos e exultai!<\/p>\n\n\n\n<h3 class=\"wp-block-heading\">Leitura &#8211;&nbsp;Ef\u00e9sios 1,3-6.11-12<\/h3>\n\n\n\n<p>Leitura da carta de s\u00e3o Paulo aos Ef\u00e9sios.<\/p>\n\n\n\n<p>1 3 Bendito seja Deus, Pai de nosso Senhor Jesus Cristo, que do alto do c\u00e9u nos aben\u00e7oou com toda a b\u00ean\u00e7\u00e3o espiritual em Cristo,<\/p>\n\n\n\n<p>4 e nos escolheu nele antes da cria\u00e7\u00e3o do mundo, para sermos santos e irrepreens\u00edveis, diante de seus olhos.<\/p>\n\n\n\n<p>5 No seu amor nos predestinou para sermos adotados como filhos seus por Jesus Cristo, segundo o benepl\u00e1cito de sua livre vontade,<\/p>\n\n\n\n<p>6 para fazer resplandecer a sua maravilhosa gra\u00e7a, que nos foi concedida por ele no Bem-amado.<\/p>\n\n\n\n<p>11 Nele \u00e9 que fomos escolhidos, predestinados segundo o des\u00edgnio daquele que tudo realiza por um ato deliberado de sua vontade,<\/p>\n\n\n\n<p>12 para servirmos \u00e0 celebra\u00e7\u00e3o de sua gl\u00f3ria, n\u00f3s que desde o come\u00e7o voltamos nossas esperan\u00e7as para Cristo.<\/p>\n\n\n\n<p>Palavra do Senhor.<\/p>\n\n\n\n<h3 class=\"wp-block-heading\">Evangelho &#8211;&nbsp;Lucas 1,26-38<\/h3>\n\n\n\n<p>Aleluia, aleluia, aleluia.<\/p>\n\n\n\n<p>Maria, alegra-te, \u00f3 cheia de gra\u00e7a, o Senhor \u00e9 contigo! (Lc 1,28)<\/p>\n\n\n\n<p>Proclama\u00e7\u00e3o do Evangelho de Jesus Cristo segundo Lucas.<\/p>\n\n\n\n<p>1 26 No sexto m\u00eas, o anjo Gabriel foi enviado por Deus a uma cidade da Galileia, chamada Nazar\u00e9,<\/p>\n\n\n\n<p>27 a uma virgem desposada com um homem que se chamava Jos\u00e9, da casa de Davi e o nome da virgem era Maria.<\/p>\n\n\n\n<p>28 Entrando, o anjo disse-lhe: &#8220;Ave, cheia de gra\u00e7a, o Senhor \u00e9 contigo&#8221;.<\/p>\n\n\n\n<p>29 Perturbou-se ela com estas palavras e p\u00f4s-se a pensar no que significaria semelhante sauda\u00e7\u00e3o.<\/p>\n\n\n\n<p>30 O anjo disse-lhe: &#8220;N\u00e3o temas, Maria, pois encontraste gra\u00e7a diante de Deus.<\/p>\n\n\n\n<p>31 Eis que conceber\u00e1s e dar\u00e1s \u00e0 luz um filho, e lhe por\u00e1s o nome de Jesus.<\/p>\n\n\n\n<p>32 Ele ser\u00e1 grande e chamar-se-\u00e1 Filho do Alt\u00edssimo, e o Senhor Deus lhe dar\u00e1 o trono de seu pai Davi; e reinar\u00e1 eternamente na casa de Jac\u00f3,<\/p>\n\n\n\n<p>33 e o seu reino n\u00e3o ter\u00e1 fim&#8221;.<\/p>\n\n\n\n<p>34 Maria perguntou ao anjo: &#8220;Como se far\u00e1 isso, pois n\u00e3o conhe\u00e7o homem?&#8221;<\/p>\n\n\n\n<p>35 Respondeu-lhe o anjo: &#8220;O Esp\u00edrito Santo descer\u00e1 sobre ti, e a for\u00e7a do Alt\u00edssimo te envolver\u00e1 com a sua sombra. Por isso o ente santo que nascer de ti ser\u00e1 chamado Filho de Deus.<\/p>\n\n\n\n<p>36 Tamb\u00e9m Isabel, tua parenta, at\u00e9 ela concebeu um filho na sua velhice; e j\u00e1 est\u00e1 no sexto m\u00eas aquela que \u00e9 tida por est\u00e9ril,<\/p>\n\n\n\n<p>37 porque a Deus nenhuma coisa \u00e9 imposs\u00edvel&#8221;.<\/p>\n\n\n\n<p>38 Ent\u00e3o disse Maria: &#8220;Eis aqui a serva do Senhor. Fa\u00e7a-se em mim segundo a tua palavra&#8221;. E o anjo afastou-se dela.<\/p>\n\n\n\n<p>Palavra da Salva\u00e7\u00e3o.<\/p>\n\n\n\n<h3 class=\"wp-block-heading\">Coment\u00e1rio ao Evangelho<\/h3>\n\n\n\n<p>SUPERANDO O PECADO ORIGINAL<\/p>\n\n\n\n<p>A celebra\u00e7\u00e3o da Imaculada Concei\u00e7\u00e3o de Maria leva-nos reconhecer a possibilidade de superar a marca do pecado, que acompanha a hist\u00f3ria da humanidade. \u00c9 poss\u00edvel considerar isso como uma forma de revers\u00e3o da hist\u00f3ria: finalmente, algu\u00e9m viu-se totalmente livre da tirania do pecado.<\/p>\n\n\n\n<p>A experi\u00eancia de Maria \u00e9 melhor entendida, se a confrontamos com a de Eva. A primeira mulher, criada para a plena comunh\u00e3o com Deus, deixou-se envolver pela for\u00e7a dos instintos, a ponto de romper com o Criador. Maria, a m\u00e3e do Redentor, mostrou-se t\u00e3o radicalmente fiel a Deus, a ponto de n\u00e3o ser contaminada pelo pecado. Aquela foi a &#8220;m\u00e3e de todos os viventes&#8221;, que contaminara, com sua infidelidade e pecado, todas as gera\u00e7\u00f5es humanas. Aquela que traria em seu ventre o Salvador, ao inv\u00e9s, por sua fidelidade transformou-se em fonte de b\u00ean\u00e7\u00e3o para a humanidade que seria redimida por seu Filho. Enquanto Eva representa a humanidade que passa da gra\u00e7a ao pecado, Maria, pelo contr\u00e1rio, aponta para a humanidade que supera o pecado, e se volta totalmente para a gra\u00e7a de Deus.<\/p>\n\n\n\n<p>Quando o anjo chamou Maria de &#8220;cheia de gra\u00e7a&#8221;, estava indicando a profundidade do enraizamento da gra\u00e7a no cora\u00e7\u00e3o dela. Com isto, apresentava-a como exemplo de humanidade salva por Jesus: o ser humano como sa\u00edra das m\u00e3os do Criador.<\/p>\n","protected":false},"excerpt":{"rendered":"<p>Ora\u00e7\u00e3o do dia \u00d3 Deus, que preparastes uma digna habita\u00e7\u00e3o para o vosso filho pela imaculada concei\u00e7\u00e3o da virgem Maria, preservando-a de todo pecado em previs\u00e3o dos m\u00e9ritos de Cristo, concedei-nos chegar at\u00e9&#8230;<\/p>\n","protected":false},"author":2,"featured_media":19443,"comment_status":"open","ping_status":"open","sticky":false,"template":"","format":"standard","meta":[],"categories":[7],"tags":[],"_links":{"self":[{"href":"https:\/\/www.salvatorianas.org.br\/blog\/wp-json\/wp\/v2\/posts\/19442"}],"collection":[{"href":"https:\/\/www.salvatorianas.org.br\/blog\/wp-json\/wp\/v2\/posts"}],"about":[{"href":"https:\/\/www.salvatorianas.org.br\/blog\/wp-json\/wp\/v2\/types\/post"}],"author":[{"embeddable":true,"href":"https:\/\/www.salvatorianas.org.br\/blog\/wp-json\/wp\/v2\/users\/2"}],"replies":[{"embeddable":true,"href":"https:\/\/www.salvatorianas.org.br\/blog\/wp-json\/wp\/v2\/comments?post=19442"}],"version-history":[{"count":1,"href":"https:\/\/www.salvatorianas.org.br\/blog\/wp-json\/wp\/v2\/posts\/19442\/revisions"}],"predecessor-version":[{"id":19444,"href":"https:\/\/www.salvatorianas.org.br\/blog\/wp-json\/wp\/v2\/posts\/19442\/revisions\/19444"}],"wp:featuredmedia":[{"embeddable":true,"href":"https:\/\/www.salvatorianas.org.br\/blog\/wp-json\/wp\/v2\/media\/19443"}],"wp:attachment":[{"href":"https:\/\/www.salvatorianas.org.br\/blog\/wp-json\/wp\/v2\/media?parent=19442"}],"wp:term":[{"taxonomy":"category","embeddable":true,"href":"https:\/\/www.salvatorianas.org.br\/blog\/wp-json\/wp\/v2\/categories?post=19442"},{"taxonomy":"post_tag","embeddable":true,"href":"https:\/\/www.salvatorianas.org.br\/blog\/wp-json\/wp\/v2\/tags?post=19442"}],"curies":[{"name":"wp","href":"https:\/\/api.w.org\/{rel}","templated":true}]}}