{"id":19432,"date":"2022-12-06T23:29:47","date_gmt":"2022-12-06T23:29:47","guid":{"rendered":"https:\/\/www.salvatorianas.org.br\/blog\/?p=19432"},"modified":"2022-12-06T23:29:49","modified_gmt":"2022-12-06T23:29:49","slug":"2a-semana-do-advento-terca-feira","status":"publish","type":"post","link":"https:\/\/www.salvatorianas.org.br\/blog\/2a-semana-do-advento-terca-feira\/","title":{"rendered":"2\u00aa Semana do Advento | Ter\u00e7a-feira"},"content":{"rendered":"\n<h3 class=\"wp-block-heading\">Ora\u00e7\u00e3o do dia<\/h3>\n\n\n\n<p>\u00d3 Deus, que fizestes o bispo santo Ambr\u00f3sio doutor da f\u00e9 cat\u00f3lica e exemplo de intr\u00e9pido pastor, despertai na vossa Igreja homens segundo o vosso cora\u00e7\u00e3o, que a governem com for\u00e7a e sabedoria. Por Nosso Senhor Jesus Cristo, Vosso Filho, na unidade do Esp\u00edrito Santo.<\/p>\n\n\n\n<h3 class=\"wp-block-heading\">Leitura &#8211;&nbsp;Isa\u00edas 40,25-31<\/h3>\n\n\n\n<p>Leitura do livro do profeta Isa\u00edas.<\/p>\n\n\n\n<p>40 25 &#8220;A quem ent\u00e3o poder\u00edeis comparar-me, que possa ser a mim igualado?&#8221;, diz o Santo.<\/p>\n\n\n\n<p>26 Levantai os olhos para o c\u00e9u e olhai. Quem criou todos esses astros? Aquele que faz marchar o ex\u00e9rcito completo, e a todos chama pelo nome, o qual \u00e9 t\u00e3o rico de for\u00e7a e dotado de poder, que ningu\u00e9m falta ao seu chamado.<\/p>\n\n\n\n<p>27 Por que dizer-te ent\u00e3o, \u00f3 Jac\u00f3, por que repetir, \u00f3 Israel: &#8220;Escapa meu destino ao Senhor, passa meu direito despercebido a meu Deus?&#8221;<\/p>\n\n\n\n<p>28 N\u00e3o o sabes? N\u00e3o o aprendeste? O Senhor \u00e9 um Deus eterno. Ele cria os confins da terra, sem jamais fatigar-se nem aborrecer-se; ningu\u00e9m pode sondar sua sabedoria.<\/p>\n\n\n\n<p>29 D\u00e1 for\u00e7as ao homem acabrunhado, redobra o vigor do fraco.<\/p>\n\n\n\n<p>30 At\u00e9 os adolescentes podem esgotar-se, e jovens robustos podem cambalear,<\/p>\n\n\n\n<p>31 mas aqueles que contam com o Senhor renovam suas for\u00e7as; ele d\u00e1-lhes asas de \u00e1guia. Correm sem se cansar, v\u00e3o para a frente sem se fatigar.<\/p>\n\n\n\n<p>Palavra do Senhor.<\/p>\n\n\n\n<h3 class=\"wp-block-heading\">Salmo Responsorial &#8211;&nbsp;102\/103<\/h3>\n\n\n\n<p><strong>Bendize, \u00f3 minha alma, ao Senhor.<\/strong><\/p>\n\n\n\n<p>Bendize, \u00f3 minha alma, ao Senhor,<\/p>\n\n\n\n<p>e todo o meu ser, seu santo nome!<\/p>\n\n\n\n<p>Bendize, \u00f3 minha alma, ao Senhor,<\/p>\n\n\n\n<p>n\u00e3o te esque\u00e7as de nenhum de seus favores!<\/p>\n\n\n\n<p>Pois ele te perdoa toda culpa<\/p>\n\n\n\n<p>e cura toda a tua enfermidade;<\/p>\n\n\n\n<p>da sepultura ele salva a tua vida<\/p>\n\n\n\n<p>e te cerca de carinho e compaix\u00e3o.<\/p>\n\n\n\n<p>O Senhor \u00e9 indulgente, \u00e9 favor\u00e1vel,<\/p>\n\n\n\n<p>\u00e9 paciente, \u00e9 bondoso e compassivo.<\/p>\n\n\n\n<p>N\u00e3o nos trata como exigem nossas faltas<\/p>\n\n\n\n<p>nem nos pune em propor\u00e7\u00e3o \u00e0s nossas culpas.<\/p>\n\n\n\n<h3 class=\"wp-block-heading\">Leitura &#8211;<\/h3>\n\n\n\n<h3 class=\"wp-block-heading\">Evangelho &#8211;&nbsp;Mateus 11,28-30<\/h3>\n\n\n\n<p>Aleluia, aleluia, aleluia.<\/p>\n\n\n\n<p>Eis que o Senhor h\u00e1 de vir, a fim de salvar o seu povo; felizes s\u00e3o todos aqueles que est\u00e3o prontos para ir-lhe ao encontro.<\/p>\n\n\n\n<p>Proclama\u00e7\u00e3o do Evangelho de Jesus Cristo segundo Mateus.<\/p>\n\n\n\n<p>Naquele tempo, Jesus tomou a palavra e disse: 11 28 &#8220;Vinde a mim, v\u00f3s todos que estais aflitos sob o fardo, e eu vos aliviarei.<\/p>\n\n\n\n<p>29 Tomai meu jugo sobre v\u00f3s e recebei minha doutrina, porque eu sou manso e humilde de cora\u00e7\u00e3o e achareis o repouso para as vossas almas.<\/p>\n\n\n\n<p>30 Porque meu jugo \u00e9 suave e meu peso \u00e9 leve.&#8221;<\/p>\n\n\n\n<p>Palavra da Salva\u00e7\u00e3o.<\/p>\n\n\n\n<h3 class=\"wp-block-heading\">Coment\u00e1rio ao Evangelho<\/h3>\n\n\n\n<p>EU VOS DAREI REPOUSO<\/p>\n\n\n\n<p>Vindo a este mundo, Jesus deparou-se com uma humanidade marcada pela opress\u00e3o, v\u00edtima do pecado e da maldade, e ansiosa de liberta\u00e7\u00e3o. Esta realidade era patente, sobretudo entre os mais pobres daquele tempo. Ao mesmo tempo em que eram oprimidos pelos romanos, que ocupavam o Pa\u00eds, eram vistos com desprezo pelos fariseus e mestres da Lei, por n\u00e3o se dedicarem \u00e0 religi\u00e3o com a intensidade exigida. Ou, ent\u00e3o, eram esmagados com o rigor de uma religi\u00e3o feita de observ\u00e2ncia escrupulosa de preceitos irrelevantes. Sua pobreza era vista, por alguns, como sinal de castigo divino, j\u00e1 que um dos sinais da b\u00ean\u00e7\u00e3o divina era, exatamente, a posse de muitos bens. Em suas afli\u00e7\u00f5es, n\u00e3o tinham a quem recorrer, pois os grandes do Pa\u00eds s\u00f3 sabiam explor\u00e1-los, sem lhes oferecer nada em troca.<\/p>\n\n\n\n<p>A presen\u00e7a de Jesus trouxe alento para os pobres. O Reino anunciado por ele fundava-se em relacionamentos fraternos e n\u00e3o admitia a opress\u00e3o de uns pelos outros. Sendo um Reino de igualdade, ficava superada a vis\u00e3o classista que privilegia alguns e marginaliza os demais. No Reino, os pobres eram bem-aventurados e n\u00e3o malditos, como se pensava. Jesus, em suma, propunha-se a aliviar a carga pesada imposta sobre os mais fracos. Quem se aproximasse dele, haveria de encontrar repouso para as suas afli\u00e7\u00f5es.<\/p>\n","protected":false},"excerpt":{"rendered":"<p>Ora\u00e7\u00e3o do dia \u00d3 Deus, que fizestes o bispo santo Ambr\u00f3sio doutor da f\u00e9 cat\u00f3lica e exemplo de intr\u00e9pido pastor, despertai na vossa Igreja homens segundo o vosso cora\u00e7\u00e3o, que a governem com&#8230;<\/p>\n","protected":false},"author":2,"featured_media":19433,"comment_status":"open","ping_status":"open","sticky":false,"template":"","format":"standard","meta":[],"categories":[7],"tags":[],"_links":{"self":[{"href":"https:\/\/www.salvatorianas.org.br\/blog\/wp-json\/wp\/v2\/posts\/19432"}],"collection":[{"href":"https:\/\/www.salvatorianas.org.br\/blog\/wp-json\/wp\/v2\/posts"}],"about":[{"href":"https:\/\/www.salvatorianas.org.br\/blog\/wp-json\/wp\/v2\/types\/post"}],"author":[{"embeddable":true,"href":"https:\/\/www.salvatorianas.org.br\/blog\/wp-json\/wp\/v2\/users\/2"}],"replies":[{"embeddable":true,"href":"https:\/\/www.salvatorianas.org.br\/blog\/wp-json\/wp\/v2\/comments?post=19432"}],"version-history":[{"count":1,"href":"https:\/\/www.salvatorianas.org.br\/blog\/wp-json\/wp\/v2\/posts\/19432\/revisions"}],"predecessor-version":[{"id":19434,"href":"https:\/\/www.salvatorianas.org.br\/blog\/wp-json\/wp\/v2\/posts\/19432\/revisions\/19434"}],"wp:featuredmedia":[{"embeddable":true,"href":"https:\/\/www.salvatorianas.org.br\/blog\/wp-json\/wp\/v2\/media\/19433"}],"wp:attachment":[{"href":"https:\/\/www.salvatorianas.org.br\/blog\/wp-json\/wp\/v2\/media?parent=19432"}],"wp:term":[{"taxonomy":"category","embeddable":true,"href":"https:\/\/www.salvatorianas.org.br\/blog\/wp-json\/wp\/v2\/categories?post=19432"},{"taxonomy":"post_tag","embeddable":true,"href":"https:\/\/www.salvatorianas.org.br\/blog\/wp-json\/wp\/v2\/tags?post=19432"}],"curies":[{"name":"wp","href":"https:\/\/api.w.org\/{rel}","templated":true}]}}