{"id":19407,"date":"2022-12-05T01:56:00","date_gmt":"2022-12-05T01:56:00","guid":{"rendered":"https:\/\/www.salvatorianas.org.br\/blog\/?p=19407"},"modified":"2022-12-05T00:58:53","modified_gmt":"2022-12-05T00:58:53","slug":"segunda-feira-2a-semana-do-advento","status":"publish","type":"post","link":"https:\/\/www.salvatorianas.org.br\/blog\/segunda-feira-2a-semana-do-advento\/","title":{"rendered":"Segunda-feira &#8211; 2\u00aa Semana do Advento"},"content":{"rendered":"\n<h3 class=\"wp-block-heading\">Ora\u00e7\u00e3o do dia<\/h3>\n\n\n\n<p>Cheguem \u00e0 vossa presen\u00e7a, \u00f3 Deus, as nossas ora\u00e7\u00f5es suplicantes, e possamos celebrar de cora\u00e7\u00e3o puro o grande mist\u00e9rio da encarna\u00e7\u00e3o do vosso Filho. Que convosco vive e reina, na unidade do Esp\u00edrito Santo.<\/p>\n\n\n\n<h3 class=\"wp-block-heading\">Leitura &#8211;&nbsp;Isa\u00edas 35,1-10<\/h3>\n\n\n\n<p>Leitura do livro do profeta Isa\u00edas.<\/p>\n\n\n\n<p>35 1 O deserto e a terra \u00e1rida regozijar-se-\u00e3o. A estepe vai alegrar-se e florir. Como o l\u00edrio<\/p>\n\n\n\n<p>2 ela florir\u00e1, exultar\u00e1 de j\u00fabilo e gritar\u00e1 de alegria. A gl\u00f3ria do L\u00edbano lhe ser\u00e1 dada, o esplendor do Carmelo e de Saron; ser\u00e1 vista a gl\u00f3ria do Senhor e a magnific\u00eancia do nosso Deus.<\/p>\n\n\n\n<p>3 Fortificai as m\u00e3os desfalecidas, robustecei os joelhos vacilantes.<\/p>\n\n\n\n<p>4 Dizei \u00e0queles que t\u00eam o cora\u00e7\u00e3o perturbado: &#8220;Tomai \u00e2nimo, n\u00e3o temais! Eis o vosso Deus! Ele vem executar a vingan\u00e7a. Eis que chega a retribui\u00e7\u00e3o de Deus: ele mesmo vem salvar-vos&#8221;.<\/p>\n\n\n\n<p>5 Ent\u00e3o se abrir\u00e3o os olhos do cego. E se desimpedir\u00e3o os ouvidos dos surdos;<\/p>\n\n\n\n<p>6 ent\u00e3o o coxo saltar\u00e1 como um cervo, e a l\u00edngua do mudo dar\u00e1 gritos alegres. Porque \u00e1guas jorrar\u00e3o no deserto e torrentes, na estepe.<\/p>\n\n\n\n<p>7 A terra queimada se converter\u00e1 num lago, e a regi\u00e3o da sede, em fontes. No covil dos chacais crescer\u00e3o cani\u00e7os e papiros.<\/p>\n\n\n\n<p>8 E haver\u00e1 uma vereda pura, que se chamar\u00e1 o caminho santo; nenhum ser impuro passar\u00e1 por ele, e os insensatos n\u00e3o rondar\u00e3o por ali.<\/p>\n\n\n\n<p>9 Nele n\u00e3o se encontrar\u00e1 le\u00e3o, nenhum animal feroz transitar\u00e1 por ele; mas por ali caminhar\u00e3o os remidos,<\/p>\n\n\n\n<p>10 por ali voltar\u00e3o aqueles que o Senhor tiver libertado. Eles chegar\u00e3o a Si\u00e3o com c\u00e2nticos de triunfo, e uma alegria eterna coroar\u00e1 sua cabe\u00e7a; a alegria e o gozo possu\u00ed-los-\u00e3o; a tristeza e os queixumes fugir\u00e3o.<\/p>\n\n\n\n<p>Palavra do Senhor.<\/p>\n\n\n\n<h3 class=\"wp-block-heading\">Salmo Responsorial &#8211;&nbsp;84\/85<\/h3>\n\n\n\n<p><strong>Eis que vem o nosso Deus! Ele vem para salvar.<\/strong><\/p>\n\n\n\n<p>Quero ouvir o que o Senhor ir\u00e1 falar:<\/p>\n\n\n\n<p>\u00e9 a paz que ele vai anunciar;<\/p>\n\n\n\n<p>A paz para que o seu povo e seus amigos,<\/p>\n\n\n\n<p>para os que voltam ao Senhor seu cora\u00e7\u00e3o.<\/p>\n\n\n\n<p>Est\u00e1 perto a salva\u00e7\u00e3o dos que o temem,<\/p>\n\n\n\n<p>e a gl\u00f3ria habitar\u00e1 em nossa terra.<\/p>\n\n\n\n<p>A verdade e o amor se encontrar\u00e3o,<\/p>\n\n\n\n<p>a justi\u00e7a e a paz se abra\u00e7ar\u00e3o;<\/p>\n\n\n\n<p>da terra brotar\u00e1 a fidelidade,<\/p>\n\n\n\n<p>e a justi\u00e7a olhar\u00e1 dos altos c\u00e9us.<\/p>\n\n\n\n<p>O Senhor nos dar\u00e1 tudo o que \u00e9 bom,<\/p>\n\n\n\n<p>e a nossa terra nos dar\u00e1 suas colheitas;<\/p>\n\n\n\n<p>a justi\u00e7a andar\u00e1 na sua frente<\/p>\n\n\n\n<p>e a salva\u00e7\u00e3o h\u00e1 de seguir os passos seus.<\/p>\n\n\n\n<h3 class=\"wp-block-heading\">Leitura &#8211;<\/h3>\n\n\n\n<h3 class=\"wp-block-heading\">Evangelho &#8211;&nbsp;Lucas 5,17-26<\/h3>\n\n\n\n<p>Aleluia, aleluia, aleluia.<\/p>\n\n\n\n<p>Eis que o rei h\u00e1 de vir, Senhor da terra, ele mesmo e n\u00f3s afastar\u00e1 o jugo do nosso cativeiro.<\/p>\n\n\n\n<p>Proclama\u00e7\u00e3o do Evangelho de Jesus Cristo segundo Lucas.<\/p>\n\n\n\n<p>5 17 Um dia estava ele ensinando. Ao seu derredor estavam sentados fariseus e doutores da lei, vindos de todas as localidades da Galileia, da Jud\u00e9ia e de Jerusal\u00e9m. E o poder do Senhor fazia-o realizar v\u00e1rias curas.<\/p>\n\n\n\n<p>18 Apareceram algumas pessoas trazendo num leito um homem paral\u00edtico; e procuravam introduzi-lo na casa e p\u00f4-lo diante dele.<\/p>\n\n\n\n<p>19 Mas n\u00e3o achando por onde o introduzir, por causa da multid\u00e3o, subiram ao telhado e por entre as telhas o arriaram com o leito ao meio da assembleia, diante de Jesus.<\/p>\n\n\n\n<p>20 Vendo a f\u00e9 que tinham, disse Jesus: &#8220;Meu amigo, os teus pecados te s\u00e3o perdoados&#8221;.<\/p>\n\n\n\n<p>21 Ent\u00e3o os escribas e os fariseus come\u00e7aram a pensar e a dizer consigo mesmos: &#8220;Quem \u00e9 este homem que profere blasf\u00eamias? Quem pode perdoar pecados sen\u00e3o unicamente Deus?&#8221;<\/p>\n\n\n\n<p>22 Jesus, por\u00e9m, penetrando nos seus pensamentos, replicou-lhes: &#8220;Que pensais nos vossos cora\u00e7\u00f5es?<\/p>\n\n\n\n<p>23 Que \u00e9 mais f\u00e1cil dizer: \u2018Perdoados te s\u00e3o os pecados\u2019; ou dizer: \u2018Levanta-te e anda?\u2019<\/p>\n\n\n\n<p>24 Ora, para que saibais que o Filho do Homem tem na terra poder de perdoar pecados&#8221; (disse ele ao paral\u00edtico), &#8220;eu te ordeno: \u2018levanta-te, toma o teu leito e vai para tua casa\u2019&#8221;.<\/p>\n\n\n\n<p>25 No mesmo instante, levantou-se ele \u00e0 vista deles, tomou o leito e partiu para casa, glorificando a Deus.<\/p>\n\n\n\n<p>26 Todos ficaram transportados de entusiasmo e glorificavam a Deus; e tomados de temor, diziam: &#8220;Hoje vimos coisas maravilhosas&#8221;.<\/p>\n\n\n\n<p>Palavra da Salva\u00e7\u00e3o.<\/p>\n","protected":false},"excerpt":{"rendered":"<p>Ora\u00e7\u00e3o do dia Cheguem \u00e0 vossa presen\u00e7a, \u00f3 Deus, as nossas ora\u00e7\u00f5es suplicantes, e possamos celebrar de cora\u00e7\u00e3o puro o grande mist\u00e9rio da encarna\u00e7\u00e3o do vosso Filho. Que convosco vive e reina, na&#8230;<\/p>\n","protected":false},"author":2,"featured_media":19408,"comment_status":"open","ping_status":"open","sticky":false,"template":"","format":"standard","meta":[],"categories":[7],"tags":[],"_links":{"self":[{"href":"https:\/\/www.salvatorianas.org.br\/blog\/wp-json\/wp\/v2\/posts\/19407"}],"collection":[{"href":"https:\/\/www.salvatorianas.org.br\/blog\/wp-json\/wp\/v2\/posts"}],"about":[{"href":"https:\/\/www.salvatorianas.org.br\/blog\/wp-json\/wp\/v2\/types\/post"}],"author":[{"embeddable":true,"href":"https:\/\/www.salvatorianas.org.br\/blog\/wp-json\/wp\/v2\/users\/2"}],"replies":[{"embeddable":true,"href":"https:\/\/www.salvatorianas.org.br\/blog\/wp-json\/wp\/v2\/comments?post=19407"}],"version-history":[{"count":1,"href":"https:\/\/www.salvatorianas.org.br\/blog\/wp-json\/wp\/v2\/posts\/19407\/revisions"}],"predecessor-version":[{"id":19409,"href":"https:\/\/www.salvatorianas.org.br\/blog\/wp-json\/wp\/v2\/posts\/19407\/revisions\/19409"}],"wp:featuredmedia":[{"embeddable":true,"href":"https:\/\/www.salvatorianas.org.br\/blog\/wp-json\/wp\/v2\/media\/19408"}],"wp:attachment":[{"href":"https:\/\/www.salvatorianas.org.br\/blog\/wp-json\/wp\/v2\/media?parent=19407"}],"wp:term":[{"taxonomy":"category","embeddable":true,"href":"https:\/\/www.salvatorianas.org.br\/blog\/wp-json\/wp\/v2\/categories?post=19407"},{"taxonomy":"post_tag","embeddable":true,"href":"https:\/\/www.salvatorianas.org.br\/blog\/wp-json\/wp\/v2\/tags?post=19407"}],"curies":[{"name":"wp","href":"https:\/\/api.w.org\/{rel}","templated":true}]}}