{"id":19401,"date":"2022-12-03T01:00:00","date_gmt":"2022-12-03T01:00:00","guid":{"rendered":"https:\/\/www.salvatorianas.org.br\/blog\/?p=19401"},"modified":"2022-12-05T00:55:06","modified_gmt":"2022-12-05T00:55:06","slug":"sao-francisco-xavier-presbitero","status":"publish","type":"post","link":"https:\/\/www.salvatorianas.org.br\/blog\/sao-francisco-xavier-presbitero\/","title":{"rendered":"S\u00e3o Francisco Xavier, presb\u00edtero"},"content":{"rendered":"\n<h3 class=\"wp-block-heading\">Ora\u00e7\u00e3o do dia<\/h3>\n\n\n\n<p>\u00d3 Deus, que, pela prega\u00e7\u00e3o de s\u00e3o Francisco Xavier, conquistastes para v\u00f3s muitos povos do Oriente, concedei a todos os fi\u00e9is o mesmo zelo, para que a santa Igreja possa alegrar-se com o nascimento de novos filhos em toda a terra. Por Nosso Senhor Jesus Cristo, Vosso Filho, na unidade do Esp\u00edrito Santo.<\/p>\n\n\n\n<h3 class=\"wp-block-heading\">Leitura &#8211;&nbsp;Isa\u00edas 30,19-21.23-26<\/h3>\n\n\n\n<p>Leitura do livro do profeta Isa\u00edas.<\/p>\n\n\n\n<p>Assim fala o Senhor: 30 19 &#8220;Sim, povo de Si\u00e3o, que habitas em Jerusal\u00e9m, n\u00e3o ter\u00e1s mais de que chorar. \u00c0 voz de tua s\u00faplica ele te far\u00e1 miseric\u00f3rdia; assim que a ouvir, ele te atender\u00e1.<\/p>\n\n\n\n<p>20 (Quando o Senhor vos tiver dado o p\u00e3o da ang\u00fastia e a \u00e1gua da tribula\u00e7\u00e3o) aquele que te instrui n\u00e3o se esconder\u00e1 mais, e ver\u00e1s com teus olhos aquele que te ensina.<\/p>\n\n\n\n<p>21 Ouvir\u00e1s com teus ouvidos estas palavras retumbarem atr\u00e1s de ti: \u00c9 aqui o caminho, andai por ele, quando te desviares quer para a direita, quer para a esquerda.<\/p>\n\n\n\n<p>23 (O Senhor) dar\u00e1 chuvas \u00e0s sementes com que proverdes o solo e o p\u00e3o que produzir a terra ser\u00e1 nutritivo e saboroso. Naquele dia teu gado pastar\u00e1 em vastas pastagens;<\/p>\n\n\n\n<p>24 os bois e os asnos, que trabalham a terra, comer\u00e3o uma forragem salgada que ser\u00e1 joeirada com a p\u00e1 e com a peneira.<\/p>\n\n\n\n<p>25 Ent\u00e3o, em todo monte alto e em toda colina elevada haver\u00e1 arroios de \u00e1gua corrente, no dia da grande mortandade, em que desabar\u00e3o as fortalezas.<\/p>\n\n\n\n<p>26 Ent\u00e3o a luz da lua ser\u00e1 viva como a do sol, e a do sol brilhar\u00e1 sete vezes mais (como a luz de sete dias), no dia em que o Senhor pensar a chaga de seu povo e curar as contus\u00f5es dos golpes que recebeu&#8221;.<\/p>\n\n\n\n<p>Palavra do Senhor.<\/p>\n\n\n\n<h3 class=\"wp-block-heading\">Salmo Responsorial &#8211;&nbsp;146\/147A<\/h3>\n\n\n\n<p><strong>Felizes s\u00e3o aqueles que esperam no Senhor!<\/strong><\/p>\n\n\n\n<p>Louvai o Senhor Deus, porque ele \u00e9 bom;<\/p>\n\n\n\n<p>Cantai ao nosso Deus, porque \u00e9 suave:<\/p>\n\n\n\n<p>Ele \u00e9 digno de louvor, ele o merece!<\/p>\n\n\n\n<p>O Senhor reconstruiu Jerusal\u00e9m,<\/p>\n\n\n\n<p>E os dispersos de Israel juntou de novo.<\/p>\n\n\n\n<p>Ele conforta os cora\u00e7\u00f5es despeda\u00e7ados,<\/p>\n\n\n\n<p>Ele enfaixa suas feridas e as cura;<\/p>\n\n\n\n<p>Fixa o n\u00famero de todas as estrelas<\/p>\n\n\n\n<p>E chama a cada uma por seu nome.<\/p>\n\n\n\n<p>\u00c9 grande e onipotente o nosso Deus,<\/p>\n\n\n\n<p>Seu saber n\u00e3o tem medida nem limites.<\/p>\n\n\n\n<p>O Senhor Deus \u00e9 o amparo dos humildes,<\/p>\n\n\n\n<p>Mas dobra at\u00e9 o ch\u00e3o os que s\u00e3o \u00edmpios.<\/p>\n\n\n\n<h3 class=\"wp-block-heading\">Leitura &#8211;<\/h3>\n\n\n\n<h3 class=\"wp-block-heading\">Evangelho &#8211;&nbsp;Mateus 9,35-10,1.6-8<\/h3>\n\n\n\n<p>Aleluia, aleluia, aleluia.<\/p>\n\n\n\n<p>\u00c9 o Senhor nosso juiz e nosso rei.<\/p>\n\n\n\n<p>O Senhor legislador nos salvar\u00e1 (Is 33,22).<\/p>\n\n\n\n<p>Proclama\u00e7\u00e3o do Evangelho de Jesus Cristo segundo Mateus.<\/p>\n\n\n\n<p>Naquele tempo, 9 35 Jesus percorria todas as cidades e aldeias. Ensinava nas sinagogas, pregando o Evangelho do Reino e curando todo mal e toda enfermidade.<\/p>\n\n\n\n<p>36 Vendo a multid\u00e3o, ficou tomado de compaix\u00e3o, porque estava enfraquecida e abatida como ovelhas sem pastor.<\/p>\n\n\n\n<p>37 Disse, ent\u00e3o, aos seus disc\u00edpulos: &#8220;A messe \u00e9 grande, mas os oper\u00e1rios s\u00e3o poucos.<\/p>\n\n\n\n<p>38 Pedi, pois, ao Senhor da messe que envie oper\u00e1rios para sua messe&#8221;.<\/p>\n\n\n\n<p>10,1 Jesus reuniu seus doze disc\u00edpulos. Conferiu-lhes o poder de expulsar os esp\u00edritos imundos e de curar todo mal e toda enfermidade.<\/p>\n\n\n\n<p>6 &#8220;Ide antes \u00e0s ovelhas que se perderam da casa de Israel.<\/p>\n\n\n\n<p>7 Por onde andardes, anunciai que o Reino dos c\u00e9us est\u00e1 pr\u00f3ximo.<\/p>\n\n\n\n<p>8 Curai os doentes, ressuscitai os mortos, purificai os leprosos, expulsai os dem\u00f4nios. Recebestes de gra\u00e7a, de gra\u00e7a dai!&#8221;<\/p>\n\n\n\n<p>Palavra da Salva\u00e7\u00e3o.<\/p>\n\n\n\n<h3 class=\"wp-block-heading\">Coment\u00e1rio ao Evangelho<\/h3>\n\n\n\n<p>A PRESEN\u00c7A DO REINO<\/p>\n\n\n\n<p>A presen\u00e7a de Jesus na hist\u00f3ria humana reacendeu a esperan\u00e7a no cora\u00e7\u00e3o do povo, esmagado pela doen\u00e7a e relegado \u00e0 pr\u00f3pria sorte por ter sido abandonado pelos l\u00edderes da na\u00e7\u00e3o. O an\u00fancio da chegada do Reino representou uma mudan\u00e7a significativa na vida desta gente. A cura das doen\u00e7as revelava a abund\u00e2ncia de vida compartilhada por Deus com a humanidade sofredora.<\/p>\n\n\n\n<p>O envio dos disc\u00edpulos em miss\u00e3o teria como finalidade tirar o povo da situa\u00e7\u00e3o de abandono, pois, doravante, este encontraria naqueles seus aliados.<\/p>\n\n\n\n<p>O pr\u00f3prio Jesus foi um ferrenho aliado do povo, com o qual se fazia solid\u00e1rio. A miss\u00e3o dos disc\u00edpulos consistiria em ampliar o raio desta solidariedade, estendendo-a a todos os pobres do mundo. Como Jesus, eles deveriam proclamar a chegada do Reino e at\u00e9 revelar sua presen\u00e7a com a expuls\u00e3o dos esp\u00edritos impuros e a cura das doen\u00e7as e enfermidades. E tudo isto, mediante um servi\u00e7o caracterizado pela gratuidade. Ou seja, a presen\u00e7a dos disc\u00edpulos, junto ao povo sofredor, deveria t\u00e3o-somente lev\u00e1-lo a desfrutar dos bens do Reino de Deus. Nada mais!<\/p>\n\n\n\n<p>Portanto, os disc\u00edpulos foram chamados a ser sinais da presen\u00e7a do Reino de Deus, a exemplo de Jesus. Onde quer que estivessem, o Reino se faria presente por meio deles.<\/p>\n","protected":false},"excerpt":{"rendered":"<p>Ora\u00e7\u00e3o do dia \u00d3 Deus, que, pela prega\u00e7\u00e3o de s\u00e3o Francisco Xavier, conquistastes para v\u00f3s muitos povos do Oriente, concedei a todos os fi\u00e9is o mesmo zelo, para que a santa Igreja possa&#8230;<\/p>\n","protected":false},"author":2,"featured_media":19402,"comment_status":"open","ping_status":"open","sticky":false,"template":"","format":"standard","meta":[],"categories":[7],"tags":[],"_links":{"self":[{"href":"https:\/\/www.salvatorianas.org.br\/blog\/wp-json\/wp\/v2\/posts\/19401"}],"collection":[{"href":"https:\/\/www.salvatorianas.org.br\/blog\/wp-json\/wp\/v2\/posts"}],"about":[{"href":"https:\/\/www.salvatorianas.org.br\/blog\/wp-json\/wp\/v2\/types\/post"}],"author":[{"embeddable":true,"href":"https:\/\/www.salvatorianas.org.br\/blog\/wp-json\/wp\/v2\/users\/2"}],"replies":[{"embeddable":true,"href":"https:\/\/www.salvatorianas.org.br\/blog\/wp-json\/wp\/v2\/comments?post=19401"}],"version-history":[{"count":1,"href":"https:\/\/www.salvatorianas.org.br\/blog\/wp-json\/wp\/v2\/posts\/19401\/revisions"}],"predecessor-version":[{"id":19403,"href":"https:\/\/www.salvatorianas.org.br\/blog\/wp-json\/wp\/v2\/posts\/19401\/revisions\/19403"}],"wp:featuredmedia":[{"embeddable":true,"href":"https:\/\/www.salvatorianas.org.br\/blog\/wp-json\/wp\/v2\/media\/19402"}],"wp:attachment":[{"href":"https:\/\/www.salvatorianas.org.br\/blog\/wp-json\/wp\/v2\/media?parent=19401"}],"wp:term":[{"taxonomy":"category","embeddable":true,"href":"https:\/\/www.salvatorianas.org.br\/blog\/wp-json\/wp\/v2\/categories?post=19401"},{"taxonomy":"post_tag","embeddable":true,"href":"https:\/\/www.salvatorianas.org.br\/blog\/wp-json\/wp\/v2\/tags?post=19401"}],"curies":[{"name":"wp","href":"https:\/\/api.w.org\/{rel}","templated":true}]}}