{"id":19398,"date":"2022-12-02T00:52:00","date_gmt":"2022-12-02T00:52:00","guid":{"rendered":"https:\/\/www.salvatorianas.org.br\/blog\/?p=19398"},"modified":"2022-12-05T00:54:10","modified_gmt":"2022-12-05T00:54:10","slug":"sexta-feira-1a-semana-do-advento","status":"publish","type":"post","link":"https:\/\/www.salvatorianas.org.br\/blog\/sexta-feira-1a-semana-do-advento\/","title":{"rendered":"Sexta-feira &#8211;  1\u00aa Semana do Advento"},"content":{"rendered":"\n<h3 class=\"wp-block-heading\">Ora\u00e7\u00e3o do dia<\/h3>\n\n\n\n<p>Despertai, Senhor, vosso poder e vinde, para que vossa prote\u00e7\u00e3o afaste os perigos a que nossos pecados nos exp\u00f5em e a vossa salva\u00e7\u00e3o nos liberte. V\u00f3s que sois Deus como Pai, na unidade do Esp\u00edrito Santo.<\/p>\n\n\n\n<h3 class=\"wp-block-heading\">Leitura &#8211;&nbsp;Isa\u00edas 29,17-24<\/h3>\n\n\n\n<p>Leitura do livro do profeta Isa\u00edas.<\/p>\n\n\n\n<p>Assim fala o Senhor Deus: 29 17 &#8220;Acaso, dentro de mui pouco tempo, n\u00e3o ser\u00e1 o L\u00edbano convertido em vergel, e o vergel n\u00e3o passar\u00e1 por floresta?<\/p>\n\n\n\n<p>18 Naquele tempo os surdos ouvir\u00e3o as palavras de um livro; e, livres da obscuridade e das trevas, os olhos dos cegos ver\u00e3o.<\/p>\n\n\n\n<p>19 Os humildes encontrar\u00e3o cada vez mais ventura no Senhor e os homens mais pobres, gra\u00e7as ao Santo de Israel, estar\u00e3o jubilosos.<\/p>\n\n\n\n<p>20 Pois n\u00e3o haver\u00e1 mais tiranos, j\u00e1 ter\u00e1 desaparecido o c\u00e9tico, e todos os que planejavam o mal ser\u00e3o exterminados;<\/p>\n\n\n\n<p>21 os que, por uma palavra, acusam os outros; os que, \u00e0 porta, procuram enganar o juiz e por um nada fazem o inocente perder sua causa&#8221;.<\/p>\n\n\n\n<p>22 Por isso eis o que disse o Senhor, o Deus da casa de Jac\u00f3, que resgatou Abra\u00e3o: &#8220;Daqui em diante Jac\u00f3 n\u00e3o ser\u00e1 mais confundido, e seu rosto n\u00e3o mais empalidecer\u00e1,<\/p>\n\n\n\n<p>23 porque, quando virem nele minha obra, bendir\u00e3o o meu nome. Glorificar\u00e3o o Santo de Jac\u00f3 e temer\u00e3o o Deus de Israel.<\/p>\n\n\n\n<p>24 Os esp\u00edritos desencaminhados aprender\u00e3o sabedoria, e os que murmuravam receber\u00e3o instru\u00e7\u00e3o&#8221;.<\/p>\n\n\n\n<p>Palavra do Senhor.<\/p>\n\n\n\n<h3 class=\"wp-block-heading\">Salmo Responsorial &#8211;&nbsp;26\/27<\/h3>\n\n\n\n<p><strong>O Senhor \u00e9 minha luz e salva\u00e7\u00e3o.<\/strong><\/p>\n\n\n\n<p>O Senhor \u00e9 minha luz e salva\u00e7\u00e3o;<\/p>\n\n\n\n<p>de quem eu terei medo?<\/p>\n\n\n\n<p>O Senhor \u00e9 a prote\u00e7\u00e3o da minha vida;<\/p>\n\n\n\n<p>perante quem eu tremerei?<\/p>\n\n\n\n<p>Ao Senhor eu pe\u00e7o apenas uma coisa,<\/p>\n\n\n\n<p>e \u00e9 s\u00f3 isto que eu desejo:<\/p>\n\n\n\n<p>habitar no santu\u00e1rio do Senhor<\/p>\n\n\n\n<p>por toda a minha vida;<\/p>\n\n\n\n<p>saborear a suavidade do Senhor<\/p>\n\n\n\n<p>e contempla-lo no seu templo.<\/p>\n\n\n\n<p>Sei que a bondade do Senhor eu hei de ver<\/p>\n\n\n\n<p>na terra dos viventes.<\/p>\n\n\n\n<p>Espera no Senhor e tem coragem,<\/p>\n\n\n\n<p>espera no Senhor!<\/p>\n\n\n\n<h3 class=\"wp-block-heading\">Leitura &#8211;<\/h3>\n\n\n\n<h3 class=\"wp-block-heading\">Evangelho &#8211;&nbsp;Mateus 9,27-31<\/h3>\n\n\n\n<p>Aleluia, aleluia, aleluia.<\/p>\n\n\n\n<p>Eis que vir\u00e1 o nosso Deus com poder e majestade,<\/p>\n\n\n\n<p>E ele h\u00e1 de iluminar os olhos dos seus servos!<\/p>\n\n\n\n<p>Proclama\u00e7\u00e3o do Evangelho de Jesus Cristo segundo Mateus.<\/p>\n\n\n\n<p>9 27 Partindo Jesus dali, dois cegos o seguiram, gritando: &#8220;Filho de Davi, tem piedade de n\u00f3s!&#8221;<\/p>\n\n\n\n<p>28 Jesus entrou numa casa e os cegos aproximaram-se dele. Disse-lhes: &#8220;Credes que eu posso fazer isso?&#8221; &#8220;Sim, Senhor&#8221;, responderam eles.<\/p>\n\n\n\n<p>29 Ent\u00e3o ele tocou-lhes nos olhos, dizendo: &#8220;Seja-vos feito segundo vossa f\u00e9&#8221;.<\/p>\n\n\n\n<p>30 No mesmo instante, os seus olhos se abriram. Recomendou-lhes Jesus em tom severo: &#8220;Vede que ningu\u00e9m o saiba&#8221;.<\/p>\n\n\n\n<p>31 Mas apenas haviam sa\u00eddo, espalharam a sua fama por toda a regi\u00e3o.<\/p>\n\n\n\n<p>Palavra da Salva\u00e7\u00e3o.<\/p>\n\n\n\n<h3 class=\"wp-block-heading\">Coment\u00e1rio ao Evangelho<\/h3>\n\n\n\n<p>A CURA PELA F\u00c9<\/p>\n\n\n\n<p>A cura dos cegos pode ser considerada sob dois aspectos. No aspecto f\u00edsico, a recupera\u00e7\u00e3o da vista representou para eles o descortinar de uma perspectiva nova de exist\u00eancia, para al\u00e9m da exclus\u00e3o e do estigma social de serem tidos como punidos por Deus por causa de pecados pr\u00f3prios ou alheios. Realizar isto j\u00e1 seria um gesto espetacular de Jesus. Entretanto, aconteceu, tamb\u00e9m, uma outra transforma\u00e7\u00e3o na vida daqueles homens: a cura da cegueira espiritual. Esta liberta\u00e7\u00e3o possibilitou-lhes reconhecer Jesus como o Filho de Davi, ou seja, o Messias esperado, e os levou a recorrer a ele na certeza de serem curados. O pedido desses dois cegos foi aceito, porque acreditaram em Jesus e em seu poder.<\/p>\n\n\n\n<p>S\u00f3 \u00e9 poss\u00edvel reconhecer o Senhor, na medida em que a cegueira \u00e9 superada. Isto acontece quando o disc\u00edpulo recorre ao Mestre e, uma vez curado da cegueira espiritual, torna-se capaz de perceber sua condi\u00e7\u00e3o messi\u00e2nica, sem se deter nas apar\u00eancias exteriores. Ademais, consegue confess\u00e1-lo como a presen\u00e7a da miseric\u00f3rdia divina na hist\u00f3ria humana e a concretiza\u00e7\u00e3o da esperan\u00e7a do povo.<\/p>\n\n\n\n<p>Como os dois cegos, o disc\u00edpulo deve sempre suplicar ao Senhor para ser curado de sua cegueira espiritual.<\/p>\n","protected":false},"excerpt":{"rendered":"<p>Ora\u00e7\u00e3o do dia Despertai, Senhor, vosso poder e vinde, para que vossa prote\u00e7\u00e3o afaste os perigos a que nossos pecados nos exp\u00f5em e a vossa salva\u00e7\u00e3o nos liberte. V\u00f3s que sois Deus como&#8230;<\/p>\n","protected":false},"author":2,"featured_media":19399,"comment_status":"open","ping_status":"open","sticky":false,"template":"","format":"standard","meta":[],"categories":[7],"tags":[],"_links":{"self":[{"href":"https:\/\/www.salvatorianas.org.br\/blog\/wp-json\/wp\/v2\/posts\/19398"}],"collection":[{"href":"https:\/\/www.salvatorianas.org.br\/blog\/wp-json\/wp\/v2\/posts"}],"about":[{"href":"https:\/\/www.salvatorianas.org.br\/blog\/wp-json\/wp\/v2\/types\/post"}],"author":[{"embeddable":true,"href":"https:\/\/www.salvatorianas.org.br\/blog\/wp-json\/wp\/v2\/users\/2"}],"replies":[{"embeddable":true,"href":"https:\/\/www.salvatorianas.org.br\/blog\/wp-json\/wp\/v2\/comments?post=19398"}],"version-history":[{"count":1,"href":"https:\/\/www.salvatorianas.org.br\/blog\/wp-json\/wp\/v2\/posts\/19398\/revisions"}],"predecessor-version":[{"id":19400,"href":"https:\/\/www.salvatorianas.org.br\/blog\/wp-json\/wp\/v2\/posts\/19398\/revisions\/19400"}],"wp:featuredmedia":[{"embeddable":true,"href":"https:\/\/www.salvatorianas.org.br\/blog\/wp-json\/wp\/v2\/media\/19399"}],"wp:attachment":[{"href":"https:\/\/www.salvatorianas.org.br\/blog\/wp-json\/wp\/v2\/media?parent=19398"}],"wp:term":[{"taxonomy":"category","embeddable":true,"href":"https:\/\/www.salvatorianas.org.br\/blog\/wp-json\/wp\/v2\/categories?post=19398"},{"taxonomy":"post_tag","embeddable":true,"href":"https:\/\/www.salvatorianas.org.br\/blog\/wp-json\/wp\/v2\/tags?post=19398"}],"curies":[{"name":"wp","href":"https:\/\/api.w.org\/{rel}","templated":true}]}}