{"id":19391,"date":"2022-12-01T12:32:02","date_gmt":"2022-12-01T12:32:02","guid":{"rendered":"https:\/\/www.salvatorianas.org.br\/blog\/?p=19391"},"modified":"2022-12-01T12:32:02","modified_gmt":"2022-12-01T12:32:02","slug":"quinta-feira-1a-semana-do-advento","status":"publish","type":"post","link":"https:\/\/www.salvatorianas.org.br\/blog\/quinta-feira-1a-semana-do-advento\/","title":{"rendered":"Quinta-feira &#8211; 1\u00aa Semana do Advento"},"content":{"rendered":"\n<h3 class=\"wp-block-heading\">Ora\u00e7\u00e3o do dia<\/h3>\n\n\n\n<p>Despertai, \u00f3 Deus, o vosso poder e socorrei-nos com a vossa for\u00e7a, para que vossa miseric\u00f3rdia apresse a salva\u00e7\u00e3o que nossos pecados retardam. Por Nosso Senhor Jesus Cristo, Vosso Filho, na unidade do Esp\u00edrito Santo.<\/p>\n\n\n\n<h3 class=\"wp-block-heading\">Leitura &#8211;&nbsp;Isa\u00edas 26,1-6<\/h3>\n\n\n\n<p>Leitura do livro do profeta Isa\u00edas.<\/p>\n\n\n\n<p>26 1 Naquele tempo ser\u00e1 cantado este c\u00e2ntico na terra de Jud\u00e1: &#8220;N\u00f3s vimos uma cidade forte, em que se p\u00f4s por prote\u00e7\u00e3o muro e antemuro.<\/p>\n\n\n\n<p>2 Abri as portas, deixai entrar um povo justo, que respeita a fidelidade,<\/p>\n\n\n\n<p>3 que tem car\u00e1ter firme e conserva a paz, porque tem confian\u00e7a em v\u00f3s.<\/p>\n\n\n\n<p>4 Tende sempre confian\u00e7a no Senhor, porque o Senhor \u00e9 o rochedo perene.<\/p>\n\n\n\n<p>5 Ele derrubou os que habitavam nas alturas e destruiu a cidade soberba; derrubou-a por terra e ao n\u00edvel do ch\u00e3o a reduziu.<\/p>\n\n\n\n<p>6 Ela \u00e9 calcada aos p\u00e9s pela plebe, sob os passos dos indigentes&#8221;.<\/p>\n\n\n\n<p>Palavra do Senhor.<\/p>\n\n\n\n<h3 class=\"wp-block-heading\">Salmo Responsorial &#8211;&nbsp;117\/118<\/h3>\n\n\n\n<p><strong>Bendito \u00e9 aquele que vem vindo em nome do Senhor!<\/strong><\/p>\n\n\n\n<p>Da\u00ed gra\u00e7as ao Senhor, porque ele \u00e9 bom!<\/p>\n\n\n\n<p>\u201cEterna \u00e9 a sua miseric\u00f3rdia!\u201d<\/p>\n\n\n\n<p>\u00c9 melhor buscar ref\u00fagio no Senhor<\/p>\n\n\n\n<p>Do que p\u00f4r no ser humano a esperan\u00e7a;<\/p>\n\n\n\n<p>\u00c9 melhor buscar ref\u00fagio no Senhor<\/p>\n\n\n\n<p>do que contar com os poderosos deste mundo!\u201d<\/p>\n\n\n\n<p>Abri-me v\u00f3s, abri-me as portas da justi\u00e7a;<\/p>\n\n\n\n<p>Quero entrar para dar gra\u00e7as ao Senhor!<\/p>\n\n\n\n<p>\u201cSim, esta \u00e9 a porta do Senhor,<\/p>\n\n\n\n<p>Por ela s\u00f3 os justos entrar\u00e3o\u201d!<\/p>\n\n\n\n<p>Dou-vos gra\u00e7as, \u00f3 Senhor, porque me ouvistes<\/p>\n\n\n\n<p>E vos tornastes para mim o Salvador!<\/p>\n\n\n\n<p>\u201c\u00d3 Senhor, dai-nos a vossa salva\u00e7\u00e3o;<\/p>\n\n\n\n<p>\u00d3 Senhor, dai-nos tamb\u00e9m prosperidade!\u201d<\/p>\n\n\n\n<p>Bendito seja, em nome do Senhor,<\/p>\n\n\n\n<p>Aquele que em seus \u00e1trios vai entrando!<\/p>\n\n\n\n<p>Desta casa do Senhor vos bendizemos.<\/p>\n\n\n\n<p>Que o Senhor e nosso Deus nos ilumine!<\/p>\n\n\n\n<h3 class=\"wp-block-heading\">Leitura &#8211;<\/h3>\n\n\n\n<h3 class=\"wp-block-heading\">Evangelho &#8211;&nbsp;Mateus 7,21.24-27<\/h3>\n\n\n\n<p>Aleluia, aleluia, aleluia.<\/p>\n\n\n\n<p>Buscai o Senhor, vosso Deus, invocai-o enquanto est\u00e1 perto! (Is 55,6).<\/p>\n\n\n\n<p>Proclama\u00e7\u00e3o do Evangelho de Jesus Cristo segundo Mateus.<\/p>\n\n\n\n<p>Naquele tempo, disse Jesus aos seus disc\u00edpulos: 7 21 &#8220;Nem todo aquele que me diz: \u2018Senhor, Senhor\u2019, entrar\u00e1 no Reino dos c\u00e9us, mas sim aquele que faz a vontade de meu Pai que est\u00e1 nos c\u00e9us.<\/p>\n\n\n\n<p>24 Aquele, pois, que ouve estas minhas palavras e as p\u00f5e em pr\u00e1tica \u00e9 semelhante a um homem prudente, que edificou sua casa sobre a rocha.<\/p>\n\n\n\n<p>25 Caiu a chuva, vieram as enchentes, sopraram os ventos e investiram contra aquela casa; ela, por\u00e9m, n\u00e3o caiu, porque estava edificada na rocha.<\/p>\n\n\n\n<p>26 Mas aquele que ouve as minhas palavras e n\u00e3o as p\u00f5e em pr\u00e1tica \u00e9 semelhante a um homem insensato, que construiu sua casa na areia.<\/p>\n\n\n\n<p>27 Caiu a chuva, vieram as enchentes, sopraram os ventos e investiram contra aquela casa; ela caiu e grande foi a sua ru\u00edna.<\/p>\n\n\n\n<p>28 Quando Jesus terminou o discurso, a multid\u00e3o ficou impressionada com a sua doutrina.<\/p>\n\n\n\n<p>29 Com efeito, ele a ensinava como quem tinha autoridade e n\u00e3o como os seus escribas.<\/p>\n\n\n\n<p>Palavra da Salva\u00e7\u00e3o.<\/p>\n\n\n\n<h3 class=\"wp-block-heading\">Coment\u00e1rio ao Evangelho<\/h3>\n\n\n\n<p>QUEM ENTRAR\u00c1 NO REINO?<\/p>\n\n\n\n<p>O Messias Jesus detectou dois tipos de comportamento nos disc\u00edpulos que aderiram a ele. Por isso \u00e9 que os alertou a respeito da atitude correta de quem deseja entrar no Reino.<\/p>\n\n\n\n<p>Seria uma conduta equivocada limitar-se a dizer &#8220;Senhor, Senhor&#8221;, como se isto significasse uma real ades\u00e3o ao Reino. O equ\u00edvoco consiste em contentar-se com um palavreado vazio, muito distante das exig\u00eancias do Reino. Enquanto a boca fala uma coisa, a vida pauta-se por outros par\u00e2metros. Esta incongru\u00eancia \u00e9 incompat\u00edvel com o Reino.<\/p>\n\n\n\n<p>A atitude correta consiste em assimilar os ensinamentos de Jesus, de maneira t\u00e3o profunda que leva o disc\u00edpulo a pautar por eles a sua a\u00e7\u00e3o. Isto corresponde a fazer a vontade do Pai, e deixar-se guiar por ele.<\/p>\n\n\n\n<p>Estas duas atitudes foram ilustradas com a par\u00e1bola das duas casas. Conduta equivocada \u00e9 a daquele que constr\u00f3i a casa sobre a areia, sem alicerces profundos. J\u00e1 na primeira tempestade (os revezes da vida) ela desaba n\u00e3o restando nada de p\u00e9. Atitude correta \u00e9 a daquele que constr\u00f3i a sua casa sobre a rocha. Por mais forte que possa ser a tempestade, ser\u00e1 incapaz de destru\u00ed-la, porque bem alicer\u00e7ada.<\/p>\n\n\n\n<p>A profundidade da experi\u00eancia de encontro com o Messias Jesus revela-se na rea\u00e7\u00e3o desencadeada na vida do disc\u00edpulo. Entra no Reino quem se posicionar diante dele de maneira adequada, dispondo-se a fazer a vontade do Pai.<\/p>\n","protected":false},"excerpt":{"rendered":"<p>Ora\u00e7\u00e3o do dia Despertai, \u00f3 Deus, o vosso poder e socorrei-nos com a vossa for\u00e7a, para que vossa miseric\u00f3rdia apresse a salva\u00e7\u00e3o que nossos pecados retardam. Por Nosso Senhor Jesus Cristo, Vosso Filho,&#8230;<\/p>\n","protected":false},"author":2,"featured_media":19392,"comment_status":"open","ping_status":"open","sticky":false,"template":"","format":"standard","meta":[],"categories":[7],"tags":[],"_links":{"self":[{"href":"https:\/\/www.salvatorianas.org.br\/blog\/wp-json\/wp\/v2\/posts\/19391"}],"collection":[{"href":"https:\/\/www.salvatorianas.org.br\/blog\/wp-json\/wp\/v2\/posts"}],"about":[{"href":"https:\/\/www.salvatorianas.org.br\/blog\/wp-json\/wp\/v2\/types\/post"}],"author":[{"embeddable":true,"href":"https:\/\/www.salvatorianas.org.br\/blog\/wp-json\/wp\/v2\/users\/2"}],"replies":[{"embeddable":true,"href":"https:\/\/www.salvatorianas.org.br\/blog\/wp-json\/wp\/v2\/comments?post=19391"}],"version-history":[{"count":1,"href":"https:\/\/www.salvatorianas.org.br\/blog\/wp-json\/wp\/v2\/posts\/19391\/revisions"}],"predecessor-version":[{"id":19393,"href":"https:\/\/www.salvatorianas.org.br\/blog\/wp-json\/wp\/v2\/posts\/19391\/revisions\/19393"}],"wp:featuredmedia":[{"embeddable":true,"href":"https:\/\/www.salvatorianas.org.br\/blog\/wp-json\/wp\/v2\/media\/19392"}],"wp:attachment":[{"href":"https:\/\/www.salvatorianas.org.br\/blog\/wp-json\/wp\/v2\/media?parent=19391"}],"wp:term":[{"taxonomy":"category","embeddable":true,"href":"https:\/\/www.salvatorianas.org.br\/blog\/wp-json\/wp\/v2\/categories?post=19391"},{"taxonomy":"post_tag","embeddable":true,"href":"https:\/\/www.salvatorianas.org.br\/blog\/wp-json\/wp\/v2\/tags?post=19391"}],"curies":[{"name":"wp","href":"https:\/\/api.w.org\/{rel}","templated":true}]}}