{"id":19385,"date":"2022-11-30T21:25:01","date_gmt":"2022-11-30T21:25:01","guid":{"rendered":"https:\/\/www.salvatorianas.org.br\/blog\/?p=19385"},"modified":"2022-11-30T21:25:02","modified_gmt":"2022-11-30T21:25:02","slug":"irma-regina-e-a-nova-diretora-nacional-das-pom","status":"publish","type":"post","link":"https:\/\/www.salvatorianas.org.br\/blog\/irma-regina-e-a-nova-diretora-nacional-das-pom\/","title":{"rendered":"Irm\u00e3 Regina \u00e9 a nova diretora nacional das POM"},"content":{"rendered":"\n<p>Com alegria as Irm\u00e3s Salvatorianas receberam a not\u00edcia da nomea\u00e7\u00e3o da Irm\u00e3 Regina da Costa Pedro, PIME, como nova diretora nacional das Pontif\u00edcias Obras Mission\u00e1rias (POM). A nomea\u00e7\u00e3o foi comunicada pela Santa S\u00e9, durante a Assembleia das POM, realizada nesta quarta-feira, 30 de novembro. Irm\u00e3 Regina ficar\u00e1 \u00e0 frente das POM no Brasil, para os pr\u00f3ximos 5 anos (2023-2028).<\/p>\n\n\n\n<p>Irm\u00e3 Regina \u00e9 a atual provincial das Irm\u00e3s da Imaculada, do Pontif\u00edcio Instituto das Miss\u00f5es Exteriores (PIME). Tem mestrado em Teologia Dogm\u00e1tica, Pontif\u00edcia Universidade Gregoriana, Roma; Bacharelado em Teologia, Pontif\u00edcia Universidade Gregoriana; Bacharelado em Psicologia, Instituto de Psicologia Gregoriana; e \u00e9 Diploma em Espiritualidade Mission\u00e1ria, Pontif\u00edcia Universidade Urbaniana, Roma.<\/p>\n\n\n\n<p>Durante o XXV Cap\u00edtulo Provincial das Irm\u00e3s Salvatorianas, Prov\u00edncia Santa Catarina, Irm\u00e3 Regina esteve como assessora abordando o tema da Missionariedade.<\/p>\n\n\n\n<p>Acompanhamos a Irm\u00e3 Regina com nossas ora\u00e7\u00f5es, esp\u00edrito apost\u00f3lico-mission\u00e1rio e pedindo que o Divino Salvador a conduza nesta nova miss\u00e3o a servi\u00e7o do Reino de Deus. Parab\u00e9ns!!!<\/p>\n","protected":false},"excerpt":{"rendered":"<p>Com alegria as Irm\u00e3s Salvatorianas receberam a not\u00edcia da nomea\u00e7\u00e3o da Irm\u00e3 Regina da Costa Pedro, PIME, como nova diretora nacional das Pontif\u00edcias Obras Mission\u00e1rias (POM). A nomea\u00e7\u00e3o foi comunicada pela Santa S\u00e9,&#8230;<\/p>\n","protected":false},"author":2,"featured_media":19386,"comment_status":"open","ping_status":"open","sticky":false,"template":"","format":"standard","meta":[],"categories":[1],"tags":[],"_links":{"self":[{"href":"https:\/\/www.salvatorianas.org.br\/blog\/wp-json\/wp\/v2\/posts\/19385"}],"collection":[{"href":"https:\/\/www.salvatorianas.org.br\/blog\/wp-json\/wp\/v2\/posts"}],"about":[{"href":"https:\/\/www.salvatorianas.org.br\/blog\/wp-json\/wp\/v2\/types\/post"}],"author":[{"embeddable":true,"href":"https:\/\/www.salvatorianas.org.br\/blog\/wp-json\/wp\/v2\/users\/2"}],"replies":[{"embeddable":true,"href":"https:\/\/www.salvatorianas.org.br\/blog\/wp-json\/wp\/v2\/comments?post=19385"}],"version-history":[{"count":1,"href":"https:\/\/www.salvatorianas.org.br\/blog\/wp-json\/wp\/v2\/posts\/19385\/revisions"}],"predecessor-version":[{"id":19387,"href":"https:\/\/www.salvatorianas.org.br\/blog\/wp-json\/wp\/v2\/posts\/19385\/revisions\/19387"}],"wp:featuredmedia":[{"embeddable":true,"href":"https:\/\/www.salvatorianas.org.br\/blog\/wp-json\/wp\/v2\/media\/19386"}],"wp:attachment":[{"href":"https:\/\/www.salvatorianas.org.br\/blog\/wp-json\/wp\/v2\/media?parent=19385"}],"wp:term":[{"taxonomy":"category","embeddable":true,"href":"https:\/\/www.salvatorianas.org.br\/blog\/wp-json\/wp\/v2\/categories?post=19385"},{"taxonomy":"post_tag","embeddable":true,"href":"https:\/\/www.salvatorianas.org.br\/blog\/wp-json\/wp\/v2\/tags?post=19385"}],"curies":[{"name":"wp","href":"https:\/\/api.w.org\/{rel}","templated":true}]}}