{"id":19376,"date":"2022-11-29T11:37:00","date_gmt":"2022-11-29T11:37:00","guid":{"rendered":"https:\/\/www.salvatorianas.org.br\/blog\/?p=19376"},"modified":"2022-11-30T11:38:34","modified_gmt":"2022-11-30T11:38:34","slug":"terca-feira-1a-semana-do-advento","status":"publish","type":"post","link":"https:\/\/www.salvatorianas.org.br\/blog\/terca-feira-1a-semana-do-advento\/","title":{"rendered":"Ter\u00e7a-feira &#8211; 1\u00aa Semana do Advento"},"content":{"rendered":"\n<h3 class=\"wp-block-heading\">Ora\u00e7\u00e3o do dia<\/h3>\n\n\n\n<p>Sede prop\u00edcio, \u00f3 Deus, \u00e0s nossas s\u00faplicas e auxiliai-nos em nossa tribula\u00e7\u00e3o. Consolados pela vinda do vosso Filho, sejamos purificados da antiga culpa. Por Nosso Senhor Jesus Cristo, Vosso Filho, na unidade do Esp\u00edrito Santo.<\/p>\n\n\n\n<h3 class=\"wp-block-heading\">Leitura &#8211;&nbsp;Isa\u00edas 11,1-10<\/h3>\n\n\n\n<p>Leitura do livro do profeta Isa\u00edas.<\/p>\n\n\n\n<p>1 Um renovo sair\u00e1 do tronco de Jess\u00e9, e um rebento brotar\u00e1 de suas ra\u00edzes.<\/p>\n\n\n\n<p>2 Sobre ele repousar\u00e1 o Esp\u00edrito do Senhor, Esp\u00edrito de sabedoria e de entendimento, Esp\u00edrito de prud\u00eancia e de coragem, Esp\u00edrito de ci\u00eancia e de temor ao Senhor.<\/p>\n\n\n\n<p>3 (Sua alegria se encontrar\u00e1 no temor ao Senhor.) Ele n\u00e3o julgar\u00e1 pelas apar\u00eancias, e n\u00e3o decidir\u00e1 pelo que ouvir dizer;<\/p>\n\n\n\n<p>4 mas julgar\u00e1 os fracos com equidade, far\u00e1 justi\u00e7a aos pobres da terra, ferir\u00e1 o homem impetuoso com uma senten\u00e7a de sua boca, e com o sopro dos seus l\u00e1bios far\u00e1 morrer o \u00edmpio.<\/p>\n\n\n\n<p>5 A justi\u00e7a ser\u00e1 como o cinto de seus rins, e a lealdade circundar\u00e1 seus flancos.<\/p>\n\n\n\n<p>6 Ent\u00e3o o lobo ser\u00e1 h\u00f3spede do cordeiro, a pantera se deitar\u00e1 ao p\u00e9 do cabrito, o touro e o le\u00e3o comer\u00e3o juntos, e um menino pequeno os conduzir\u00e1;<\/p>\n\n\n\n<p>7 a vaca e o urso se fraternizar\u00e3o, suas crias repousar\u00e3o juntas, e o le\u00e3o comer\u00e1 palha com o boi.<\/p>\n\n\n\n<p>8 A crian\u00e7a de peito brincar\u00e1 junto \u00e0 toca da v\u00edbora, e o menino desmamado meter\u00e1 a m\u00e3o na caverna da \u00e1spide.<\/p>\n\n\n\n<p>9 N\u00e3o se far\u00e1 mal nem dano em todo o meu santo monte, porque a terra estar\u00e1 cheia de ci\u00eancia do Senhor, assim como as \u00e1guas recobrem o fundo do mar.<\/p>\n\n\n\n<p>10 Naquele tempo, o rebento de Jess\u00e9, posto como estandarte para os povos, ser\u00e1 procurado pelas na\u00e7\u00f5es e gloriosa ser\u00e1 a sua morada.<\/p>\n\n\n\n<p>Palavra do Senhor.<\/p>\n\n\n\n<h3 class=\"wp-block-heading\">Salmo Responsorial &#8211;&nbsp;71\/72<\/h3>\n\n\n\n<p><strong>Nos seus dias, a justi\u00e7a florir\u00e1<\/strong><\/p>\n\n\n\n<p><strong>e paz em abund\u00e2ncia para sempre.<\/strong><\/p>\n\n\n\n<p>Dai ao rei vossos poderes, Senhor Deus,<\/p>\n\n\n\n<p>vossa justi\u00e7a ao descendente da realeza!<\/p>\n\n\n\n<p>Com justi\u00e7a ele governe o vosso povo,<\/p>\n\n\n\n<p>com equidade ele julgue os vossos pobres.<\/p>\n\n\n\n<p>Nos seus dias, a justi\u00e7a florir\u00e1<\/p>\n\n\n\n<p>e grande paz, at\u00e9 que a lua perca o brilho!<\/p>\n\n\n\n<p>De mar a mar estender\u00e1 o seu dom\u00ednio,<\/p>\n\n\n\n<p>e desde o rio at\u00e9 os confins de toda a terra!<\/p>\n\n\n\n<p>Libertar\u00e1 o indigente que suplica,<\/p>\n\n\n\n<p>e o pobre ao qual ningu\u00e9m quer ajudar.<\/p>\n\n\n\n<p>Ter\u00e1 pena do indigente e do infeliz,<\/p>\n\n\n\n<p>e a vida dos humildes salvar\u00e1.<\/p>\n\n\n\n<p>Seja bendito o seu nome para sempre!<\/p>\n\n\n\n<p>E que dure como o sol sua mem\u00f3ria!<\/p>\n\n\n\n<p>Todos os povos ser\u00e3o nele aben\u00e7oados,<\/p>\n\n\n\n<p>todas as gentes cantar\u00e3o o seu louvor!<\/p>\n\n\n\n<h3 class=\"wp-block-heading\">Leitura &#8211;<\/h3>\n\n\n\n<h3 class=\"wp-block-heading\">Evangelho &#8211;&nbsp;Lucas 10,21-24<\/h3>\n\n\n\n<p>Aleluia, aleluia, aleluia.<\/p>\n\n\n\n<p>Eis que vir\u00e1 o nosso Deus com poder e majestade. E ele h\u00e1 de iluminar os olhos dos seus servos.<\/p>\n\n\n\n<p>Proclama\u00e7\u00e3o do Evangelho de Jesus Cristo segundo Lucas.<\/p>\n\n\n\n<p>10 21 Naquela mesma hora, Jesus exultou de alegria no Esp\u00edrito Santo e disse: \u201cPai, Senhor do c\u00e9u e da terra, eu te dou gra\u00e7as porque escondeste estas coisas aos s\u00e1bios e inteligentes e as revelaste aos pequeninos. Sim, Pai, bendigo-te porque assim foi do teu agrado.<\/p>\n\n\n\n<p>22 Todas as coisas me foram entregues por meu Pai. Ningu\u00e9m conhece quem \u00e9 o Filho sen\u00e3o o Pai, nem quem \u00e9 o Pai sen\u00e3o o Filho, e aquele a quem o Filho o quiser revelar\u201d.<\/p>\n\n\n\n<p>23 E voltou-se para os seus disc\u00edpulos, e disse: \u201cDitosos os olhos que v\u00eaem o que v\u00f3s vedes,<\/p>\n\n\n\n<p>24 pois vos digo que muitos profetas e reis desejaram ver o que v\u00f3s vedes, e n\u00e3o o viram; e ouvir o que v\u00f3s ouvis, e n\u00e3o o ouviram\u201d.<\/p>\n\n\n\n<p>Palavra da Salva\u00e7\u00e3o.<\/p>\n\n\n\n<h3 class=\"wp-block-heading\">Coment\u00e1rio ao Evangelho<\/h3>\n\n\n\n<p>QUEM ACOLHE O SENHOR?<\/p>\n\n\n\n<p>As coisas de Deus seguem uma l\u00f3gica muito diferente da l\u00f3gica humana. Em termos humanos, pode-se pensar que o reconhecimento e a acolhida do Senhor sejam mais f\u00e1ceis para os s\u00e1bios e os entendidos deste mundo, e que a pessoa, com o pr\u00f3prio esfor\u00e7o e ci\u00eancia, possa chegar mais rapidamente a conseguir o que espera.<\/p>\n\n\n\n<p>Deus, por\u00e9m, inverte este esquema, franqueando aos pequeninos a revela\u00e7\u00e3o do Filho de Deus. E isto \u00e9 um dom divino, que n\u00e3o depende do merecimento humano. Ademais tal dom \u00e9 concedido a quem \u00e9 desvalorizado pelo mundo e se considera indigno de receb\u00ea-lo do Pai.<\/p>\n\n\n\n<p>A atitude correta do disc\u00edpulo \u00e0 espera do Senhor consistir\u00e1 em n\u00e3o supervalorizar suas prerrogativas, esperar ser encontrado digno de receber a revela\u00e7\u00e3o e receb\u00ea-la com a humildade de quem se sabe indigno. O disc\u00edpulo deve ter consci\u00eancia de ser pequenino e carente da ajuda do Senhor, para poder reconhec\u00ea-lo. Sua felicidade consistir\u00e1 em ver e ouvir o que tantos outros ansiaram ver e ouvir, e n\u00e3o puderam. Essa ser\u00e1 a recompensa de sua humildade. Afinal, ele ser\u00e1 o verdadeiro s\u00e1bio e entendido, uma vez que sua sabedoria tem origem no Pai.<\/p>\n","protected":false},"excerpt":{"rendered":"<p>Ora\u00e7\u00e3o do dia Sede prop\u00edcio, \u00f3 Deus, \u00e0s nossas s\u00faplicas e auxiliai-nos em nossa tribula\u00e7\u00e3o. Consolados pela vinda do vosso Filho, sejamos purificados da antiga culpa. Por Nosso Senhor Jesus Cristo, Vosso Filho,&#8230;<\/p>\n","protected":false},"author":2,"featured_media":19377,"comment_status":"open","ping_status":"open","sticky":false,"template":"","format":"standard","meta":[],"categories":[7],"tags":[],"_links":{"self":[{"href":"https:\/\/www.salvatorianas.org.br\/blog\/wp-json\/wp\/v2\/posts\/19376"}],"collection":[{"href":"https:\/\/www.salvatorianas.org.br\/blog\/wp-json\/wp\/v2\/posts"}],"about":[{"href":"https:\/\/www.salvatorianas.org.br\/blog\/wp-json\/wp\/v2\/types\/post"}],"author":[{"embeddable":true,"href":"https:\/\/www.salvatorianas.org.br\/blog\/wp-json\/wp\/v2\/users\/2"}],"replies":[{"embeddable":true,"href":"https:\/\/www.salvatorianas.org.br\/blog\/wp-json\/wp\/v2\/comments?post=19376"}],"version-history":[{"count":1,"href":"https:\/\/www.salvatorianas.org.br\/blog\/wp-json\/wp\/v2\/posts\/19376\/revisions"}],"predecessor-version":[{"id":19378,"href":"https:\/\/www.salvatorianas.org.br\/blog\/wp-json\/wp\/v2\/posts\/19376\/revisions\/19378"}],"wp:featuredmedia":[{"embeddable":true,"href":"https:\/\/www.salvatorianas.org.br\/blog\/wp-json\/wp\/v2\/media\/19377"}],"wp:attachment":[{"href":"https:\/\/www.salvatorianas.org.br\/blog\/wp-json\/wp\/v2\/media?parent=19376"}],"wp:term":[{"taxonomy":"category","embeddable":true,"href":"https:\/\/www.salvatorianas.org.br\/blog\/wp-json\/wp\/v2\/categories?post=19376"},{"taxonomy":"post_tag","embeddable":true,"href":"https:\/\/www.salvatorianas.org.br\/blog\/wp-json\/wp\/v2\/tags?post=19376"}],"curies":[{"name":"wp","href":"https:\/\/api.w.org\/{rel}","templated":true}]}}