{"id":19373,"date":"2022-11-27T11:34:00","date_gmt":"2022-11-27T11:34:00","guid":{"rendered":"https:\/\/www.salvatorianas.org.br\/blog\/?p=19373"},"modified":"2022-11-30T11:37:00","modified_gmt":"2022-11-30T11:37:00","slug":"1o-domingo-do-advento","status":"publish","type":"post","link":"https:\/\/www.salvatorianas.org.br\/blog\/1o-domingo-do-advento\/","title":{"rendered":"1\u00ba Domingo do Advento"},"content":{"rendered":"\n<h3 class=\"wp-block-heading\">Ora\u00e7\u00e3o do dia<\/h3>\n\n\n\n<p>\u00d3 Deus todo-poderoso, concedei a vossos fi\u00e9is o ardente desejo de possuir o reino celeste, para que, acorrendo com as nossas boas obras ao encontro do Cristo que vem, sejamos reunidos \u00e0 sua direita na comunidade dos justos. Por Nosso Senhor Jesus Cristo, Vosso Filho, na unidade do Esp\u00edrito Santo.<\/p>\n\n\n\n<h3 class=\"wp-block-heading\">Leitura &#8211;&nbsp;Isa\u00edas 2,1-5<\/h3>\n\n\n\n<p>Leitura do livro do profeta Isa\u00edas.<\/p>\n\n\n\n<p>1Vis\u00e3o de Isa\u00edas, filho de Am\u00f3s, sobre Jud\u00e1 e Jerusal\u00e9m. 2Acontecer\u00e1, nos \u00faltimos tempos, que o monte da casa do Senhor estar\u00e1 firmemente estabelecido no ponto mais alto das montanhas e dominar\u00e1 as colinas. A ele acorrer\u00e3o todas as na\u00e7\u00f5es, 3para l\u00e1 ir\u00e3o numerosos povos e dir\u00e3o: \u201cVamos subir ao monte do Senhor, \u00e0 casa do Deus de Jac\u00f3, para que ele nos mostre seus caminhos e nos ensine a cumprir seus preceitos\u201d; porque de Si\u00e3o prov\u00e9m a lei e de Jerusal\u00e9m, a palavra do Senhor. 4Ele h\u00e1 de julgar as na\u00e7\u00f5es e arguir numerosos povos; estes transformar\u00e3o suas espadas em arados e suas lan\u00e7as em foices: n\u00e3o pegar\u00e3o em armas uns contra os outros e n\u00e3o mais travar\u00e3o combate. 5Vinde, todos da casa de Jac\u00f3, e deixemo-nos guiar pela luz do Senhor.<\/p>\n\n\n\n<p>Palavra do Senhor.<\/p>\n\n\n\n<h3 class=\"wp-block-heading\">Salmo Responsorial &#8211;&nbsp;121\/122<\/h3>\n\n\n\n<p>Que alegria quando me disseram: \u201cVamos \u00e0 casa do Senhor!\u201d<\/p>\n\n\n\n<p>Que alegria quando ouvi que me disseram:<\/p>\n\n\n\n<p>\u201cVamos \u00e0 casa do Senhor!\u201d<\/p>\n\n\n\n<p>E agora nossos p\u00e9s j\u00e1 se det\u00eam,<\/p>\n\n\n\n<p>Jerusal\u00e9m, em tuas portas.<\/p>\n\n\n\n<p>Para l\u00e1 sobem as tribos de Israel,<\/p>\n\n\n\n<p>as tribos do Senhor.<\/p>\n\n\n\n<p>Para louvar, segundo a lei de Israel,<\/p>\n\n\n\n<p>o nome do Senhor.<\/p>\n\n\n\n<p>A sede da justi\u00e7a l\u00e1 est\u00e1<\/p>\n\n\n\n<p>e o trono de Davi.<\/p>\n\n\n\n<p>Rogai que viva em paz Jerusal\u00e9m<\/p>\n\n\n\n<p>e em seguran\u00e7a os que te amam!<\/p>\n\n\n\n<p>Que a paz habite dentro de teus muros,<\/p>\n\n\n\n<p>tranquilidade em teus pal\u00e1cios!<\/p>\n\n\n\n<p>Por amor a meus irm\u00e3os e meus amigos,<\/p>\n\n\n\n<p>pe\u00e7o: \u201cA paz esteja em ti!\u201d<\/p>\n\n\n\n<p>Pelo amor que tenho \u00e0 casa do Senhor,<\/p>\n\n\n\n<p>eu te desejo todo bem!<\/p>\n\n\n\n<h3 class=\"wp-block-heading\">Leitura &#8211;&nbsp;Romanos 13,11-14<\/h3>\n\n\n\n<p>Leitura da carta de S\u00e3o Paulo aos Romanos.<\/p>\n\n\n\n<p>Irm\u00e3os, 11v\u00f3s sabeis em que tempo estamos, pois j\u00e1 \u00e9 hora de despertar. Com efeito, agora a salva\u00e7\u00e3o est\u00e1 mais perto de n\u00f3s do que quando abra\u00e7amos a f\u00e9. 12A noite j\u00e1 vai adiantada, o dia vem chegando: despojemo-nos das a\u00e7\u00f5es das trevas e vistamos as armas da luz. 13Procedamos honestamente, como em pleno dia: nada de glutonerias e bebedeiras, nem de orgias sexuais e imoralidades, nem de brigas e rivalidades. 14Pelo contr\u00e1rio, revesti-vos do Senhor Jesus Cristo.<\/p>\n\n\n\n<p>Palavra do Senhor.<\/p>\n\n\n\n<h3 class=\"wp-block-heading\">Evangelho &#8211;&nbsp;Mateus 24,37-44<\/h3>\n\n\n\n<p>Aleluia, aleluia, aleluia.<\/p>\n\n\n\n<p>Mostrai-nos, \u00f3 Senhor, vossa bondade \/ e a vossa salva\u00e7\u00e3o nos concedei! (Sl 84,8)<\/p>\n\n\n\n<p>Proclama\u00e7\u00e3o do Evangelho de Jesus Cristo segundo Mateus.<\/p>\n\n\n\n<p>Naquele tempo, Jesus disse aos seus disc\u00edpulos: 37\u201cA vinda do Filho do Homem ser\u00e1 como no tempo de No\u00e9. 38Pois, nos dias antes do dil\u00favio, todos comiam e bebiam, casavam-se e davam-se em casamento, at\u00e9 o dia em que No\u00e9 entrou na arca. 39E eles nada perceberam, at\u00e9 que veio o dil\u00favio e arrastou a todos. Assim acontecer\u00e1 tamb\u00e9m na vinda do Filho do Homem. 40Dois homens estar\u00e3o trabalhando no campo: um ser\u00e1 levado e o outro ser\u00e1 deixado. 41Duas mulheres estar\u00e3o moendo no moinho: uma ser\u00e1 levada e a outra ser\u00e1 deixada. 42Portanto, ficai atentos, porque n\u00e3o sabeis em que dia vir\u00e1 o Senhor. 43Compreendei bem isto: se o dono da casa soubesse a que horas viria o ladr\u00e3o, certamente vigiaria e n\u00e3o deixaria que a sua casa fosse arrombada. 44Por isso, tamb\u00e9m v\u00f3s ficai preparados! Porque, na hora em que menos pensais, o Filho do Homem vir\u00e1\u201d.<\/p>\n\n\n\n<p>Palavra da salva\u00e7\u00e3o.<\/p>\n\n\n\n<h3 class=\"wp-block-heading\">Coment\u00e1rio ao Evangelho<\/h3>\n\n\n\n<p>PRONTOS PARA RECEBER O SENHOR<\/p>\n\n\n\n<p>O tempo lit\u00fargico do Advento convida-nos \u00e0 prepara\u00e7\u00e3o para acolher o Senhor que vem. O apelo insistente da Igreja questiona a tend\u00eancia dos crist\u00e3os a serem acomodados, quando n\u00e3o contaminados pela mentalidade mundana, centrada na busca desenfreada do prazer e na consecu\u00e7\u00e3o de interesses pessoais.<\/p>\n\n\n\n<p>Desconhecendo o dia e a hora em que o Senhor vir\u00e1, o disc\u00edpulo deve estar sempre pronto para receb\u00ea-lo. A prontid\u00e3o crist\u00e3 \u00e9 feita de pequenos gestos de amor, na simplicidade do quotidiano. Nada de a\u00e7\u00f5es mirabolantes nem de tarefas heroicas a serem cumpridas! Exige-se do disc\u00edpulo apenas amor sincero e gratuito a Deus e ao pr\u00f3ximo.<\/p>\n\n\n\n<p>O epis\u00f3dio b\u00edblico acerca da figura de No\u00e9 e do dil\u00favio ilustra a atitude contr\u00e1ria \u00e0quela do disc\u00edpulo do Reino. A devasta\u00e7\u00e3o diluviana tomou de surpresa a humanidade. Ningu\u00e9m, al\u00e9m de No\u00e9 e de sua fam\u00edlia, deu-se conta do que estava para acontecer. Por isso, comia-se, bebia-se e se celebravam bodas, na mais total ignor\u00e2ncia da f\u00faria destruidora da natureza que se abateria sobre a Terra.<\/p>\n\n\n\n<p>O Senhor espera encontrar os disc\u00edpulos do Reino vigilantes, quando de sua chegada. A menor desaten\u00e7\u00e3o pode revelar-se perigosa. Por isso, o ego\u00edsmo jamais poder\u00e1 ter lugar no cora\u00e7\u00e3o de quem quer ser encontrado pelo Senhor. S\u00f3 existe uma maneira de preparar-se para este momento: amar.<\/p>\n","protected":false},"excerpt":{"rendered":"<p>Ora\u00e7\u00e3o do dia \u00d3 Deus todo-poderoso, concedei a vossos fi\u00e9is o ardente desejo de possuir o reino celeste, para que, acorrendo com as nossas boas obras ao encontro do Cristo que vem, sejamos&#8230;<\/p>\n","protected":false},"author":2,"featured_media":19374,"comment_status":"open","ping_status":"open","sticky":false,"template":"","format":"standard","meta":[],"categories":[7],"tags":[],"_links":{"self":[{"href":"https:\/\/www.salvatorianas.org.br\/blog\/wp-json\/wp\/v2\/posts\/19373"}],"collection":[{"href":"https:\/\/www.salvatorianas.org.br\/blog\/wp-json\/wp\/v2\/posts"}],"about":[{"href":"https:\/\/www.salvatorianas.org.br\/blog\/wp-json\/wp\/v2\/types\/post"}],"author":[{"embeddable":true,"href":"https:\/\/www.salvatorianas.org.br\/blog\/wp-json\/wp\/v2\/users\/2"}],"replies":[{"embeddable":true,"href":"https:\/\/www.salvatorianas.org.br\/blog\/wp-json\/wp\/v2\/comments?post=19373"}],"version-history":[{"count":1,"href":"https:\/\/www.salvatorianas.org.br\/blog\/wp-json\/wp\/v2\/posts\/19373\/revisions"}],"predecessor-version":[{"id":19375,"href":"https:\/\/www.salvatorianas.org.br\/blog\/wp-json\/wp\/v2\/posts\/19373\/revisions\/19375"}],"wp:featuredmedia":[{"embeddable":true,"href":"https:\/\/www.salvatorianas.org.br\/blog\/wp-json\/wp\/v2\/media\/19374"}],"wp:attachment":[{"href":"https:\/\/www.salvatorianas.org.br\/blog\/wp-json\/wp\/v2\/media?parent=19373"}],"wp:term":[{"taxonomy":"category","embeddable":true,"href":"https:\/\/www.salvatorianas.org.br\/blog\/wp-json\/wp\/v2\/categories?post=19373"},{"taxonomy":"post_tag","embeddable":true,"href":"https:\/\/www.salvatorianas.org.br\/blog\/wp-json\/wp\/v2\/tags?post=19373"}],"curies":[{"name":"wp","href":"https:\/\/api.w.org\/{rel}","templated":true}]}}