{"id":19370,"date":"2022-11-26T11:32:00","date_gmt":"2022-11-26T11:32:00","guid":{"rendered":"https:\/\/www.salvatorianas.org.br\/blog\/?p=19370"},"modified":"2022-11-30T11:33:56","modified_gmt":"2022-11-30T11:33:56","slug":"sabado-34a-semana-do-tempo-comum","status":"publish","type":"post","link":"https:\/\/www.salvatorianas.org.br\/blog\/sabado-34a-semana-do-tempo-comum\/","title":{"rendered":"S\u00e1bado &#8211; 34\u00aa Semana do Tempo Comum"},"content":{"rendered":"\n<h3 class=\"wp-block-heading\">Ora\u00e7\u00e3o do dia<\/h3>\n\n\n\n<p>Levantai, \u00f3 Deus, o \u00e2nimo dos vossos filhos e filhas, para que, aproveitando melhor as vossas gra\u00e7as, obtenham de vossa paternal bondade mais poderosos aux\u00edlios. Por Nosso Senhor Jesus Cristo, Vosso Filho, na unidade do Esp\u00edrito Santo.<\/p>\n\n\n\n<h3 class=\"wp-block-heading\">Leitura &#8211;&nbsp;Apocalipse 22,1-7<\/h3>\n\n\n\n<p>Leitura do Livro do Apocalipse de S\u00e3o Jo\u00e3o.<\/p>\n\n\n\n<p>22 1 A mim, Jo\u00e3o, mostrou-me ent\u00e3o o anjo um rio de \u00e1gua viva resplandecente como cristal de rocha, saindo do trono de Deus e do Cordeiro.<\/p>\n\n\n\n<p>2 No meio da avenida e \u00e0s duas margens do rio, achava-se uma \u00e1rvore da vida, que produz doze frutos, dando cada m\u00eas um fruto, servindo as folhas da \u00e1rvore para curar as na\u00e7\u00f5es.<\/p>\n\n\n\n<p>3 N\u00e3o haver\u00e1 a\u00ed nada de execr\u00e1vel, mas nela estar\u00e1 o trono de Deus e do Cordeiro. Seus servos lhe prestar\u00e3o um culto.<\/p>\n\n\n\n<p>4 Ver\u00e3o a sua face e o seu nome estar\u00e1 nas suas frontes.<\/p>\n\n\n\n<p>5 J\u00e1 n\u00e3o haver\u00e1 noite, nem se precisar\u00e1 da luz de l\u00e2mpada ou do sol, porque o Senhor Deus a iluminar\u00e1, e h\u00e3o de reinar pelos s\u00e9culos dos s\u00e9culos.<\/p>\n\n\n\n<p>6 Ele me disse: \u201cEstas palavras s\u00e3o fi\u00e9is e verdadeiras, e o Senhor Deus dos esp\u00edritos dos profetas enviou o seu anjo para mostrar aos seus servos o que deve acontecer em breve.<\/p>\n\n\n\n<p>7 Eis que venho em breve! Felizes aqueles que p\u00f5em em pr\u00e1tica as palavras da profecia deste livro\u201d.<\/p>\n\n\n\n<p>Palavra do Senhor.<\/p>\n\n\n\n<h3 class=\"wp-block-heading\">Salmo Responsorial &#8211;&nbsp;94\/95<\/h3>\n\n\n\n<p><strong>Am\u00e9m! Vem, \u00f3 Senhor Jesus! Am\u00e9m!<\/strong><\/p>\n\n\n\n<p>Vinde, exultemos de alegria no Senhor,<\/p>\n\n\n\n<p>aclamemos o Rochedo que nos salva!<\/p>\n\n\n\n<p>Ao seu encontro caminhemos com louvores,<\/p>\n\n\n\n<p>e, com cantos de alegria, o celebremos!<\/p>\n\n\n\n<p>Na verdade, o Senhor \u00e9 o grande Deus,<\/p>\n\n\n\n<p>o grande rei, muito maior que os deuses todos.<\/p>\n\n\n\n<p>Tem nas m\u00e3os as profundezas dos abismos,<\/p>\n\n\n\n<p>e as alturas das montanhas lhe pertencem;<\/p>\n\n\n\n<p>o mar \u00e9 dele, pois foi ele quem o fez,<\/p>\n\n\n\n<p>e a terra firme suas m\u00e3os a modelaram.<\/p>\n\n\n\n<p>Vinde adoremos e prostremo-nos por terra,<\/p>\n\n\n\n<p>e ajoelhemos ante o Deus que nos criou!<\/p>\n\n\n\n<p>Porque ele \u00e9 o nosso Deus, nosso pastor,<\/p>\n\n\n\n<p>e n\u00f3s somos o seu povo e seu rebanho,<\/p>\n\n\n\n<p>as ovelhas que conduz com sua m\u00e3o.<\/p>\n\n\n\n<h3 class=\"wp-block-heading\">Leitura &#8211;<\/h3>\n\n\n\n<h3 class=\"wp-block-heading\">Evangelho &#8211;&nbsp;Lucas 21,34-36<\/h3>\n\n\n\n<p>Aleluia, aleluia, aleluia.<\/p>\n\n\n\n<p>Vigiai e orai para ficardes de p\u00e9 ante o filho do homem! (Lc 21,36).<\/p>\n\n\n\n<p>Proclama\u00e7\u00e3o do Evangelho de Jesus Cristo segundo Lucas.<\/p>\n\n\n\n<p>21 34 Disse Jesus aos seus disc\u00edpulos: \u201cVelai sobre v\u00f3s mesmos, para que os vossos cora\u00e7\u00f5es n\u00e3o se tornem pesados com o excesso do comer, com a embriaguez e com as preocupa\u00e7\u00f5es da vida; para que aquele dia n\u00e3o vos apanhe de improviso.<\/p>\n\n\n\n<p>35 Como um la\u00e7o cair\u00e1 sobre aqueles que habitam a face de toda a terra.<\/p>\n\n\n\n<p>36 Vigiai, pois, em todo o tempo e orai, a fim de que vos torneis dignos de escapar a todos estes males que h\u00e3o de acontecer, e de vos apresentar de p\u00e9 diante do Filho do Homem\u201d.<\/p>\n\n\n\n<p>Palavra da Salva\u00e7\u00e3o.<\/p>\n\n\n\n<h3 class=\"wp-block-heading\">Coment\u00e1rio ao Evangelho<\/h3>\n\n\n\n<p>FIQUEM ATENTOS!<\/p>\n\n\n\n<p>A demora da vinda do Senhor pode ter como efeito, no cora\u00e7\u00e3o do disc\u00edpulo, uma esp\u00e9cie de torpor espiritual, que o leva a viver sem esperan\u00e7a no futuro, e sem criatividade no presente. Jesus quis manter viva, no disc\u00edpulo, a chama da esperan\u00e7a, de forma a impedi-lo de enveredar-se pelo caminho da busca desenfreada de prazeres mundanos e de limitar-se a preocupa\u00e7\u00f5es mesquinhas centradas em coisas irrelevantes.<\/p>\n\n\n\n<p>Vigil\u00e2ncia e ora\u00e7\u00e3o seriam a forma de manter viva a esperan\u00e7a. A vigil\u00e2ncia confronta continuamente o disc\u00edpulo com as realidades escatol\u00f3gicas, n\u00e3o permitindo que ele ceda \u00e0 tenta\u00e7\u00e3o de acomodar-se e levar uma vida med\u00edocre. Essa vigil\u00e2ncia apresenta-lhe as exig\u00eancias atuais do Reino como pr\u00e9-condi\u00e7\u00e3o para ser acolhido no Reino definitivo, e o move a viver conformando sua vida com elas.<\/p>\n\n\n\n<p>A ora\u00e7\u00e3o, por sua vez, faz o disc\u00edpulo viver em comunh\u00e3o com o Senhor que vem. Ou seja, j\u00e1 no presente, o disc\u00edpulo orante experimenta a comunh\u00e3o que, no futuro, se plenificar\u00e1. Este \u00edntimo relacionamento com o Senhor reflete-se na vigil\u00e2ncia. O disc\u00edpulo orante tudo far\u00e1 para ser fiel ao Senhor e ao seu Reino. A ora\u00e7\u00e3o leva-o a ter uma aten\u00e7\u00e3o redobrada, para n\u00e3o perder de vista o Senhor que vem. Leva-o, tamb\u00e9m, a antecipar as alegrias do Reino.<\/p>\n","protected":false},"excerpt":{"rendered":"<p>Ora\u00e7\u00e3o do dia Levantai, \u00f3 Deus, o \u00e2nimo dos vossos filhos e filhas, para que, aproveitando melhor as vossas gra\u00e7as, obtenham de vossa paternal bondade mais poderosos aux\u00edlios. Por Nosso Senhor Jesus Cristo,&#8230;<\/p>\n","protected":false},"author":2,"featured_media":19371,"comment_status":"open","ping_status":"open","sticky":false,"template":"","format":"standard","meta":[],"categories":[7],"tags":[],"_links":{"self":[{"href":"https:\/\/www.salvatorianas.org.br\/blog\/wp-json\/wp\/v2\/posts\/19370"}],"collection":[{"href":"https:\/\/www.salvatorianas.org.br\/blog\/wp-json\/wp\/v2\/posts"}],"about":[{"href":"https:\/\/www.salvatorianas.org.br\/blog\/wp-json\/wp\/v2\/types\/post"}],"author":[{"embeddable":true,"href":"https:\/\/www.salvatorianas.org.br\/blog\/wp-json\/wp\/v2\/users\/2"}],"replies":[{"embeddable":true,"href":"https:\/\/www.salvatorianas.org.br\/blog\/wp-json\/wp\/v2\/comments?post=19370"}],"version-history":[{"count":1,"href":"https:\/\/www.salvatorianas.org.br\/blog\/wp-json\/wp\/v2\/posts\/19370\/revisions"}],"predecessor-version":[{"id":19372,"href":"https:\/\/www.salvatorianas.org.br\/blog\/wp-json\/wp\/v2\/posts\/19370\/revisions\/19372"}],"wp:featuredmedia":[{"embeddable":true,"href":"https:\/\/www.salvatorianas.org.br\/blog\/wp-json\/wp\/v2\/media\/19371"}],"wp:attachment":[{"href":"https:\/\/www.salvatorianas.org.br\/blog\/wp-json\/wp\/v2\/media?parent=19370"}],"wp:term":[{"taxonomy":"category","embeddable":true,"href":"https:\/\/www.salvatorianas.org.br\/blog\/wp-json\/wp\/v2\/categories?post=19370"},{"taxonomy":"post_tag","embeddable":true,"href":"https:\/\/www.salvatorianas.org.br\/blog\/wp-json\/wp\/v2\/tags?post=19370"}],"curies":[{"name":"wp","href":"https:\/\/api.w.org\/{rel}","templated":true}]}}