{"id":19366,"date":"2022-11-25T11:29:00","date_gmt":"2022-11-25T11:29:00","guid":{"rendered":"https:\/\/www.salvatorianas.org.br\/blog\/?p=19366"},"modified":"2022-11-30T11:31:11","modified_gmt":"2022-11-30T11:31:11","slug":"sexta-feira-34a-semana-do-tempo-comum","status":"publish","type":"post","link":"https:\/\/www.salvatorianas.org.br\/blog\/sexta-feira-34a-semana-do-tempo-comum\/","title":{"rendered":"Sexta-feira &#8211; 34\u00aa Semana do Tempo Comum"},"content":{"rendered":"\n<h3 class=\"wp-block-heading\">Ora\u00e7\u00e3o do dia<\/h3>\n\n\n\n<p>Levantai, \u00d3 Deus, o \u00e2nimo dos vossos filhos e filhas, para que, aproveitando melhor as vossas gra\u00e7as, obtenham de vossa paternal bondade mais poderosos aux\u00edlios. Por Nosso Senhor Jesus Cristo, Vosso Filho, na unidade do Esp\u00edrito Santo.<\/p>\n\n\n\n<h3 class=\"wp-block-heading\">Leitura &#8211;&nbsp;Apocalipse 20,1-4.11-21,2<\/h3>\n\n\n\n<p>Leitura do livro do Apocalipse de S\u00e3o Jo\u00e3o.<\/p>\n\n\n\n<p>Eu, Jo\u00e3o, 1vi um anjo descer do c\u00e9u. Nas m\u00e3os tinha a chave do abismo e uma grande corrente. 2Ele agarrou o drag\u00e3o, a antiga serpente, que \u00e9 o diabo, satan\u00e1s. Acorrentou-o por mil anos 3e lan\u00e7ou-o dentro do abismo. Depois, trancou e lacrou o abismo, para que o drag\u00e3o n\u00e3o seduzisse mais as na\u00e7\u00f5es da terra, at\u00e9 que terminassem os mil anos. Depois dos mil anos, o drag\u00e3o deve ser solto, mas por pouco tempo. 4Vi ent\u00e3o tronos, e os seus ocupantes sentaram-se e receberam o poder de julgar. Vi tamb\u00e9m as almas daqueles que foram decapitados por causa do testemunho de Jesus e da Palavra de Deus e aqueles que n\u00e3o tinham adorado a besta nem a imagem dela nem tinham recebido na fronte ou na m\u00e3o a marca da besta. Eles voltaram a viver, para reinarem com Cristo durante mil anos. 11Vi ainda um grande trono branco e aquele que estava sentado nele. O c\u00e9u e a terra fugiram da sua presen\u00e7a e n\u00e3o se achou mais o lugar deles. 12Vi tamb\u00e9m os mortos, os grandes e os pequenos, em p\u00e9 diante do trono. Foram abertos livros, e mais um outro livro ainda: o livro da vida. Ent\u00e3o foram julgados os mortos, de acordo com sua conduta, conforme est\u00e1 escrito nos livros. 13O mar devolveu os mortos que se encontravam nele. A morte e a morada dos mortos entregaram de volta os seus mortos. E cada um foi julgado conforme sua conduta. 14A morte e a morada dos mortos foram ent\u00e3o lan\u00e7adas no lago de fogo. Esta \u00e9 a segunda morte: o lago de fogo. 15Quem n\u00e3o tinha o seu nome escrito no livro da vida foi tamb\u00e9m lan\u00e7ado no lago de fogo. 21,1Vi ent\u00e3o um novo c\u00e9u e uma nova terra. Pois o primeiro c\u00e9u e a primeira terra passaram, e o mar j\u00e1 n\u00e3o existe. 2Vi a cidade santa, a nova Jerusal\u00e9m, que descia do c\u00e9u, de junto de Deus, vestida qual esposa enfeitada para o seu marido.<\/p>\n\n\n\n<p>Palavra do Senhor.<\/p>\n\n\n\n<h3 class=\"wp-block-heading\">Salmo Responsorial &#8211;&nbsp;83\/84<\/h3>\n\n\n\n<p><strong>Eis a tenda de Deus no meio do povo!<\/strong><\/p>\n\n\n\n<p>Minha alma desfalece de saudades<\/p>\n\n\n\n<p>e anseia pelos \u00e1trios do Senhor!<\/p>\n\n\n\n<p>Meu cora\u00e7\u00e3o e minha carne rejubilam<\/p>\n\n\n\n<p>e exultam de alegria no Deus vivo!<\/p>\n\n\n\n<p>Mesmo o pardal encontra abrigo em vossa casa,<\/p>\n\n\n\n<p>\u2020 e a andorinha ali prepara o seu ninho,<\/p>\n\n\n\n<p>para nele seus filhotes colocar:<\/p>\n\n\n\n<p>vossos altares, \u00f3 Senhor Deus do universo!<\/p>\n\n\n\n<p>Vossos altares, \u00f3 meu rei e meu Senhor!<\/p>\n\n\n\n<p>Felizes os que habitam vossa casa;<\/p>\n\n\n\n<p>para sempre haver\u00e3o de vos louvar!<\/p>\n\n\n\n<p>Felizes os que em v\u00f3s t\u00eam sua for\u00e7a,<\/p>\n\n\n\n<p>caminhar\u00e3o com um ardor sempre crescente.<\/p>\n\n\n\n<h3 class=\"wp-block-heading\">Leitura &#8211;<\/h3>\n\n\n\n<h3 class=\"wp-block-heading\">Evangelho &#8211;&nbsp;Lucas 21,29-33<\/h3>\n\n\n\n<p>Aleluia, aleluia, aleluia.<\/p>\n\n\n\n<p>Levantai vossa cabe\u00e7a e olhai, pois a vossa reden\u00e7\u00e3o se aproxima! (Lc 21,28)<\/p>\n\n\n\n<p>Proclama\u00e7\u00e3o do Evangelho de Jesus Cristo segundo Lucas.<\/p>\n\n\n\n<p>Naquele tempo, 29Jesus contou-lhes uma par\u00e1bola: \u201cOlhai a figueira e todas as \u00e1rvores. 30Quando vedes que elas est\u00e3o dando brotos, logo sabeis que o ver\u00e3o est\u00e1 perto. 31V\u00f3s tamb\u00e9m, quando virdes acontecer essas coisas, ficai sabendo que o Reino de Deus est\u00e1 perto. 32Em verdade eu vos digo, tudo isso vai acontecer antes que passe esta gera\u00e7\u00e3o. 33O c\u00e9u e a terra passar\u00e3o, mas as minhas palavras n\u00e3o h\u00e3o de passar\u201d.<\/p>\n\n\n\n<p>Palavra da salva\u00e7\u00e3o.<\/p>\n\n\n\n<h3 class=\"wp-block-heading\">Coment\u00e1rio ao Evangelho<\/h3>\n\n\n\n<p>A LI\u00c7\u00c3O DA FIGUEIRA<\/p>\n\n\n\n<p>Os crist\u00e3os s\u00e3o admoestados a se manterem em cont\u00ednuo estado de vigil\u00e2ncia em rela\u00e7\u00e3o \u00e0 hist\u00f3ria, uma vez que ela est\u00e1 sendo fermentada pelas realidades escatol\u00f3gicas. Urge, pois, perceber como nela se manifestam os sinais do fim.<\/p>\n\n\n\n<p>A mensagem de Jesus nada tem a ver com os apocalipses da \u00e9poca, reservados a um grupo restrito de iniciados. Jesus ensina publicamente, sem a preocupa\u00e7\u00e3o de selecionar seus ouvintes. Embora s\u00f3 os disc\u00edpulos o compreendam, sua doutrina deve ser anunciada a todos os povos. Basta abrir-se para ele, para entender o conte\u00fado de seus ensinamentos.<\/p>\n\n\n\n<p>A figueira e as demais \u00e1rvores foram empregadas para ilustrar a par\u00e1bola da escatologia. Vendo-as frutificar, \u00e9 poss\u00edvel afirmar, sem perigo de engano, que o ver\u00e3o se aproxima. Igualmente, pode-se declarar que algo de novo estar\u00e1 acontecendo na hist\u00f3ria, quando a morte ceder lugar \u00e0 vida, a escravid\u00e3o abrir espa\u00e7o para a liberdade, a injusti\u00e7a for sobrepujada pela justi\u00e7a, o \u00f3dio e a inimizade forem vencidos pelo amor e pela reconcilia\u00e7\u00e3o.<\/p>\n\n\n\n<p>Este germinar de esperan\u00e7a \u00e9 um sinal evidente da presen\u00e7a do Filho do Homem, fazendo a escatologia acontecer. Chegar\u00e1 um tempo de plenitude. Este, por\u00e9m, est\u00e1 sendo preparado pela aproxima\u00e7\u00e3o paulatina daquilo que todos esperamos.<\/p>\n","protected":false},"excerpt":{"rendered":"<p>Ora\u00e7\u00e3o do dia Levantai, \u00d3 Deus, o \u00e2nimo dos vossos filhos e filhas, para que, aproveitando melhor as vossas gra\u00e7as, obtenham de vossa paternal bondade mais poderosos aux\u00edlios. Por Nosso Senhor Jesus Cristo,&#8230;<\/p>\n","protected":false},"author":2,"featured_media":19367,"comment_status":"open","ping_status":"open","sticky":false,"template":"","format":"standard","meta":[],"categories":[7],"tags":[],"_links":{"self":[{"href":"https:\/\/www.salvatorianas.org.br\/blog\/wp-json\/wp\/v2\/posts\/19366"}],"collection":[{"href":"https:\/\/www.salvatorianas.org.br\/blog\/wp-json\/wp\/v2\/posts"}],"about":[{"href":"https:\/\/www.salvatorianas.org.br\/blog\/wp-json\/wp\/v2\/types\/post"}],"author":[{"embeddable":true,"href":"https:\/\/www.salvatorianas.org.br\/blog\/wp-json\/wp\/v2\/users\/2"}],"replies":[{"embeddable":true,"href":"https:\/\/www.salvatorianas.org.br\/blog\/wp-json\/wp\/v2\/comments?post=19366"}],"version-history":[{"count":1,"href":"https:\/\/www.salvatorianas.org.br\/blog\/wp-json\/wp\/v2\/posts\/19366\/revisions"}],"predecessor-version":[{"id":19368,"href":"https:\/\/www.salvatorianas.org.br\/blog\/wp-json\/wp\/v2\/posts\/19366\/revisions\/19368"}],"wp:featuredmedia":[{"embeddable":true,"href":"https:\/\/www.salvatorianas.org.br\/blog\/wp-json\/wp\/v2\/media\/19367"}],"wp:attachment":[{"href":"https:\/\/www.salvatorianas.org.br\/blog\/wp-json\/wp\/v2\/media?parent=19366"}],"wp:term":[{"taxonomy":"category","embeddable":true,"href":"https:\/\/www.salvatorianas.org.br\/blog\/wp-json\/wp\/v2\/categories?post=19366"},{"taxonomy":"post_tag","embeddable":true,"href":"https:\/\/www.salvatorianas.org.br\/blog\/wp-json\/wp\/v2\/tags?post=19366"}],"curies":[{"name":"wp","href":"https:\/\/api.w.org\/{rel}","templated":true}]}}