{"id":19358,"date":"2022-11-28T21:53:34","date_gmt":"2022-11-28T21:53:34","guid":{"rendered":"https:\/\/www.salvatorianas.org.br\/blog\/?p=19358"},"modified":"2022-11-28T21:53:36","modified_gmt":"2022-11-28T21:53:36","slug":"segunda-feira-1a-semana-do-advento","status":"publish","type":"post","link":"https:\/\/www.salvatorianas.org.br\/blog\/segunda-feira-1a-semana-do-advento\/","title":{"rendered":"Segunda-feira &#8211; 1\u00aa Semana do Advento"},"content":{"rendered":"\n<h3 class=\"wp-block-heading\">Ora\u00e7\u00e3o do dia<\/h3>\n\n\n\n<p>Senhor nosso Deus, dai-nos esperar sol\u00edcitos \u00e0 vinda do Cristo, vosso Filho. Que ele, ao chegar nos encontre vigilantes na ora\u00e7\u00e3o e proclamando o seu louvor. Por Nosso Senhor Jesus Cristo, Vosso Filho, na unidade do Esp\u00edrito Santo.<\/p>\n\n\n\n<h3 class=\"wp-block-heading\">Leitura &#8211;&nbsp;Isa\u00edas 4,2-6<\/h3>\n\n\n\n<p>Leitura do livro do profeta Isa\u00edas.<\/p>\n\n\n\n<p>2Naquele dia, o povo do Senhor ter\u00e1 esplendor e gl\u00f3ria, e o fruto da terra ser\u00e1 de grande alegria para os sobreviventes de Israel. 3Ent\u00e3o, os que forem deixados em Si\u00e3o, os sobreviventes de Jerusal\u00e9m, ser\u00e3o chamados santos, a saber, todos os destinados \u00e0 vida em Jerusal\u00e9m. 4Quando o Senhor tiver lavado as imund\u00edcies das filhas de Si\u00e3o e limpado as manchas de sangue dentro de Jerusal\u00e9m com esp\u00edrito de justi\u00e7a e de purifica\u00e7\u00e3o, 5ele criar\u00e1, em todo lugar do monte Si\u00e3o e em suas assembleias, uma nuvem durante o dia e fuma\u00e7a e clar\u00e3o de chamas durante a noite: e ser\u00e1 prote\u00e7\u00e3o para toda a sua gl\u00f3ria, 6uma tenda para dar sombra contra o calor do dia, abrigo e ref\u00fagio contra a ventania e a chuva.<\/p>\n\n\n\n<p>Palavra do Senhor.<\/p>\n\n\n\n<h3 class=\"wp-block-heading\">Salmo Responsorial &#8211;&nbsp;121\/122<\/h3>\n\n\n\n<p><strong>Que alegria quando me disseram:<\/strong><\/p>\n\n\n\n<p><strong>\u201cVamos \u00e0 casa do Senhor!\u201d<\/strong><\/p>\n\n\n\n<p>Que alegria quando ouvi que me disseram:<\/p>\n\n\n\n<p>\u201cVamos \u00e0 casa do Senhor!\u201d<\/p>\n\n\n\n<p>E agora nossos p\u00e9s j\u00e1 se det\u00eam,<\/p>\n\n\n\n<p>Jerusal\u00e9m, em tuas portas.<\/p>\n\n\n\n<p>Para l\u00e1 sobem as tribos de Israel,<\/p>\n\n\n\n<p>as tribos do Senhor.<\/p>\n\n\n\n<p>Para louvar, segundo a lei de Israel,<\/p>\n\n\n\n<p>o nome do Senhor.<\/p>\n\n\n\n<p>A sede da justi\u00e7a l\u00e1 est\u00e1<\/p>\n\n\n\n<p>e o trono de Davi.<\/p>\n\n\n\n<p>Rogai que viva em paz Jerusal\u00e9m,<\/p>\n\n\n\n<p>e em seguran\u00e7a os que te amam!<\/p>\n\n\n\n<p>Que a paz habite dentro de teus muros,<\/p>\n\n\n\n<p>tranquilidade em teus pal\u00e1cios!<\/p>\n\n\n\n<p>Por amor a meus irm\u00e3os e meus amigos,<\/p>\n\n\n\n<p>pe\u00e7o: \u201cA paz esteja em ti!\u201d<\/p>\n\n\n\n<p>Pelo amor que tenho \u00e0 casa do Senhor,<\/p>\n\n\n\n<p>eu te desejo todo bem!<\/p>\n\n\n\n<h3 class=\"wp-block-heading\">Leitura &#8211;<\/h3>\n\n\n\n<h3 class=\"wp-block-heading\">Evangelho &#8211;&nbsp;Mateus 8,5-11<\/h3>\n\n\n\n<p>Aleluia, aleluia, aleluia.<\/p>\n\n\n\n<p>\u00d3 vinde libertar-nos, Senhor e nosso Deus; mostrai a vossa face e n\u00f3s seremos salvos! (Sl 79,4).<\/p>\n\n\n\n<p>Proclama\u00e7\u00e3o do Evangelho de Jesus Cristo segundo Mateus.<\/p>\n\n\n\n<p>Naquele tempo, 5quando Jesus entrou em Cafarnaum, um oficial romano aproximou-se dele, suplicando: 6\u201cSenhor, o meu empregado est\u00e1 de cama, l\u00e1 em casa, sofrendo terrivelmente com uma paralisia\u201d. 7Jesus respondeu: \u201cVou cur\u00e1-lo\u201d. \ud83d\ude2f oficial disse: \u201cSenhor, eu n\u00e3o sou digno de que entres em minha casa. Dize uma s\u00f3 palavra e o meu empregado ficar\u00e1 curado. 9Pois eu tamb\u00e9m sou subordinado e tenho soldados debaixo de minhas ordens. E digo a um: \u2018Vai!\u2019, e ele vai; e a outro: \u2018Vem!\u2019, e ele vem; e digo ao meu escravo: \u2018Faze isto!\u2019, e ele faz\u201d. 10Quando ouviu isso, Jesus ficou admirado e disse aos que o seguiam: \u201dEm verdade vos digo, nunca encontrei em Israel algu\u00e9m que tivesse tanta f\u00e9. 11Eu vos digo, muitos vir\u00e3o do oriente e do ocidente e se sentar\u00e3o \u00e0 mesa no Reino dos c\u00e9us, junto com Abra\u00e3o, Isaac e Jac\u00f3\u201d.<\/p>\n\n\n\n<p>Palavra da Salva\u00e7\u00e3o.<\/p>\n\n\n\n<h3 class=\"wp-block-heading\">Coment\u00e1rio ao Evangelho<\/h3>\n\n\n\n<p>PURIFICADO POR JESUS<\/p>\n\n\n\n<p>A religiosidade judaica considerava impuros todos os pag\u00e3os. Este era o motivo por que se proibia todo e qualquer contato com eles, por serem transmissores de impureza. N\u00e3o era permitido mesmo uma simples conversa com eles, muito menos ir \u00e0 casa deles.<\/p>\n\n\n\n<p>Jesus procurou distanciar-se dos preconceitos sociais e religiosos que pudessem afast\u00e1-lo das pessoas. Sua miss\u00e3o de salvar o povo de seus pecados exigia dele contatar com todos, sem exce\u00e7\u00e3o, para comunicar-lhes a salva\u00e7\u00e3o divina de que era portador. Sua salva\u00e7\u00e3o era universal n\u00e3o tinha barreiras. Importava-lhe comunic\u00e1-la a todos.<\/p>\n\n\n\n<p>O epis\u00f3dio b\u00edblico fala de um pag\u00e3o, conhecedor de sua inferioridade como gentio, mas portador de uma f\u00e9 de alta qualidade. Indigno de receber Jesus em sua casa, para que este n\u00e3o se contaminasse, suplicou-lhe que curasse o seu servo com sua palavra poderosa. Seu pedido foi prontamente atendido por estar sustentado por uma imensa f\u00e9 desconhecida em Israel.<\/p>\n\n\n\n<p>O milagre operado por Jesus implodiu os preconceitos religiosos de sua \u00e9poca. Para ele n\u00e3o existe diferen\u00e7a entre judeus e pag\u00e3os, pois todos s\u00e3o igualmente dignos de beneficiar-se da miseric\u00f3rdia divina. A impureza n\u00e3o est\u00e1 ligada \u00e0 origem \u00e9tnica. Portanto, o contato com um pag\u00e3o cheio de f\u00e9 nada tem de impuro. Da\u00ed seu direito de &#8220;sentar-se \u00e0 mesa com Abra\u00e3o, Isaac e Jac\u00f3 no Reino dos C\u00e9us&#8221;, em p\u00e9 de igualdade com os fi\u00e9is judeus.<\/p>\n","protected":false},"excerpt":{"rendered":"<p>Ora\u00e7\u00e3o do dia Senhor nosso Deus, dai-nos esperar sol\u00edcitos \u00e0 vinda do Cristo, vosso Filho. Que ele, ao chegar nos encontre vigilantes na ora\u00e7\u00e3o e proclamando o seu louvor. Por Nosso Senhor Jesus&#8230;<\/p>\n","protected":false},"author":2,"featured_media":19359,"comment_status":"open","ping_status":"open","sticky":false,"template":"","format":"standard","meta":[],"categories":[7],"tags":[],"_links":{"self":[{"href":"https:\/\/www.salvatorianas.org.br\/blog\/wp-json\/wp\/v2\/posts\/19358"}],"collection":[{"href":"https:\/\/www.salvatorianas.org.br\/blog\/wp-json\/wp\/v2\/posts"}],"about":[{"href":"https:\/\/www.salvatorianas.org.br\/blog\/wp-json\/wp\/v2\/types\/post"}],"author":[{"embeddable":true,"href":"https:\/\/www.salvatorianas.org.br\/blog\/wp-json\/wp\/v2\/users\/2"}],"replies":[{"embeddable":true,"href":"https:\/\/www.salvatorianas.org.br\/blog\/wp-json\/wp\/v2\/comments?post=19358"}],"version-history":[{"count":1,"href":"https:\/\/www.salvatorianas.org.br\/blog\/wp-json\/wp\/v2\/posts\/19358\/revisions"}],"predecessor-version":[{"id":19360,"href":"https:\/\/www.salvatorianas.org.br\/blog\/wp-json\/wp\/v2\/posts\/19358\/revisions\/19360"}],"wp:featuredmedia":[{"embeddable":true,"href":"https:\/\/www.salvatorianas.org.br\/blog\/wp-json\/wp\/v2\/media\/19359"}],"wp:attachment":[{"href":"https:\/\/www.salvatorianas.org.br\/blog\/wp-json\/wp\/v2\/media?parent=19358"}],"wp:term":[{"taxonomy":"category","embeddable":true,"href":"https:\/\/www.salvatorianas.org.br\/blog\/wp-json\/wp\/v2\/categories?post=19358"},{"taxonomy":"post_tag","embeddable":true,"href":"https:\/\/www.salvatorianas.org.br\/blog\/wp-json\/wp\/v2\/tags?post=19358"}],"curies":[{"name":"wp","href":"https:\/\/api.w.org\/{rel}","templated":true}]}}