{"id":19340,"date":"2022-11-27T22:30:36","date_gmt":"2022-11-27T22:30:36","guid":{"rendered":"https:\/\/www.salvatorianas.org.br\/blog\/?p=19340"},"modified":"2022-11-27T22:30:37","modified_gmt":"2022-11-27T22:30:37","slug":"encerramento-do-xxv-capitulo-provincial","status":"publish","type":"post","link":"https:\/\/www.salvatorianas.org.br\/blog\/encerramento-do-xxv-capitulo-provincial\/","title":{"rendered":"Encerramento do XXV Cap\u00edtulo Provincial"},"content":{"rendered":"\n<p>Em clima de alegria, esperan\u00e7a e gratid\u00e3o encerrou o XXV Cap\u00edtulo Provincial, tempo de kair\u00f3s na vida-miss\u00e3o da Prov\u00edncia Santa Catarina. O dia de encerramento iniciou com a Santa Missa em a\u00e7\u00e3o de gra\u00e7as, pela presen\u00e7a de Deus Trindade, fonte de vida e de for\u00e7a vivificadora, que atua nos caminhos da hist\u00f3ria da Fam\u00edlia Salvatoriana. Assim como os Bem-aventurados Francisco Jordan e Maria dos Ap\u00f3stolos somos chamados a <strong>\u201canunciar\u201d<\/strong> com vigor \u00e0s pessoas o que <strong>\u201cvimos, ouvimos e experimentamos\u201d.<\/strong> &nbsp;<\/p>\n\n\n\n<p>Em seguida, nos dirigimos a Sala Capitular, onde foi apresentado e aprovado o Estatuto Provincial. Na sequ\u00eancia, Ir. Sandra Regina Alves de Souza, Coordenadora Provincial fez algumas comunica\u00e7\u00f5es. Ap\u00f3s esse momento, foi oportunizada a partilha da avalia\u00e7\u00e3o, para que as capitulares pudessem destacar os pontos relevantes vividos nestes quatro dias de cap\u00edtulo.<\/p>\n\n\n\n<p>Ao proferir suas palavras de encerramento do XXV Cap\u00edtulo Provincial, Ir. Sandra Regina Alves de Souza, Coordenadora Provincial destacou: \u201cagradecemos a cada irm\u00e3 e formanda da prov\u00edncia pelo comprometimento, pela corresponsabilidade como Corpo Apost\u00f3lico, em todos os momentos e espa\u00e7os de miss\u00e3o. Pelas tantas vezes que respiramos juntas, o mesmo ar, o mesmo sonho, a mesma utopia do Reino, como corpo apost\u00f3lico, em unidade e comunh\u00e3o sororal&#8230; Tamb\u00e9m quando nos faltou o ar, na imin\u00eancia de momentos dif\u00edceis e dolorosos, entre eles o da pandemia. Gratid\u00e3o pela for\u00e7a da ora\u00e7\u00e3o e comunh\u00e3o com a qual nos sustentaram e acompanharam como Equipe\u201d.<\/p>\n\n\n\n<p>No final da manh\u00e3, foi realizado o rito de envio apost\u00f3lico mission\u00e1rio da nova Equipe de Coordena\u00e7\u00e3o Provincial: Ir. Lisete Buganti, Ir. Maria Jovelina Oliveira, Ir. S\u00f4nia Estela Agostini, Ir. Wanderleia Dalla Costa, Ir. Catharina Cericato e Ir. Ivani Lu\u00edsa Dal Bello. As Irm\u00e3s foram convidadas para colocarem-se de p\u00e9 e ir at\u00e9 a frente, cada uma recebeu uma mochila, que recorda a sa\u00edda ao encontro das realidades onde o DOM prof\u00e9tico do Carisma Salvatoriano precisa continuar a ser anunciado.<\/p>\n\n\n\n<p>A Ir. Lisete Buganti, eleita Coordenadora Provincial para o quadri\u00eanio 2023-2026, ao dirigir suas palavras a assembleia reunida, ressaltou que \u201cestamos envolvidas\/os em uma teia de experi\u00eancias que fomos vivenciando ao longo do processo capitular e aqui neste cen\u00e1culo capitular, percebemos os muitos cen\u00e1rios, que nos cercam, visibilizamos alguns e assumimos crit\u00e9rios que nos ajudar\u00e3o discernir aonde e como Deus nos quer na sua miss\u00e3o. Continuemos cultivando a m\u00edstica do ver, ouvir, contemplar, experimentar e anunciar. S\u00e3o virtudes de quem se disp\u00f5e a caminhar no discipulado de Jesus Salvador\u201d. Durante a sua fala, Ir. Lisete repetiu o gesto simb\u00f3lico do lava-p\u00e9s, lavando os p\u00e9s da Ir. Sandra que retribui com o mesmo gesto, significando a continuidade do processo provincial.<\/p>\n\n\n\n<p>Com j\u00fabilo todas as Irm\u00e3s, formandas e convidados receberam o s\u00edmbolo de envio, que nos recorda que todas e todos precisamos fazer ressoar o an\u00fancio do Salvador que nos diz: <em>\u201cV\u00e3o pelo mundo todo, proclamem o Evangelho a toda a criatura\u201d<\/em> (Mc 16, 15). A assembleia capitular recebeu a ben\u00e7\u00e3o de envio e retorno para nossas comunidades e fam\u00edlias.<\/p>\n\n\n\n<p><\/p>\n\n\n\n<figure class=\"wp-block-image size-large\"><img decoding=\"async\" loading=\"lazy\" width=\"1024\" height=\"678\" src=\"https:\/\/www.salvatorianas.org.br\/blog\/wp-content\/uploads\/2022\/11\/02-4-1024x678.jpg\" alt=\"\" class=\"wp-image-19342\" srcset=\"https:\/\/www.salvatorianas.org.br\/blog\/wp-content\/uploads\/2022\/11\/02-4-1024x678.jpg 1024w, https:\/\/www.salvatorianas.org.br\/blog\/wp-content\/uploads\/2022\/11\/02-4-300x199.jpg 300w, https:\/\/www.salvatorianas.org.br\/blog\/wp-content\/uploads\/2022\/11\/02-4-768x509.jpg 768w, https:\/\/www.salvatorianas.org.br\/blog\/wp-content\/uploads\/2022\/11\/02-4-1536x1017.jpg 1536w, https:\/\/www.salvatorianas.org.br\/blog\/wp-content\/uploads\/2022\/11\/02-4-2048x1356.jpg 2048w\" sizes=\"(max-width: 1024px) 100vw, 1024px\" \/><\/figure>\n\n\n\n<figure class=\"wp-block-image size-large\"><img decoding=\"async\" loading=\"lazy\" width=\"1024\" height=\"678\" src=\"https:\/\/www.salvatorianas.org.br\/blog\/wp-content\/uploads\/2022\/11\/009-1024x678.jpg\" alt=\"\" class=\"wp-image-19343\" srcset=\"https:\/\/www.salvatorianas.org.br\/blog\/wp-content\/uploads\/2022\/11\/009-1024x678.jpg 1024w, https:\/\/www.salvatorianas.org.br\/blog\/wp-content\/uploads\/2022\/11\/009-300x199.jpg 300w, https:\/\/www.salvatorianas.org.br\/blog\/wp-content\/uploads\/2022\/11\/009-768x509.jpg 768w, https:\/\/www.salvatorianas.org.br\/blog\/wp-content\/uploads\/2022\/11\/009-1536x1017.jpg 1536w, https:\/\/www.salvatorianas.org.br\/blog\/wp-content\/uploads\/2022\/11\/009-2048x1356.jpg 2048w\" sizes=\"(max-width: 1024px) 100vw, 1024px\" \/><\/figure>\n\n\n\n<figure class=\"wp-block-image size-large\"><img decoding=\"async\" loading=\"lazy\" width=\"1024\" height=\"678\" src=\"https:\/\/www.salvatorianas.org.br\/blog\/wp-content\/uploads\/2022\/11\/10-3-1024x678.jpg\" alt=\"\" class=\"wp-image-19344\" srcset=\"https:\/\/www.salvatorianas.org.br\/blog\/wp-content\/uploads\/2022\/11\/10-3-1024x678.jpg 1024w, https:\/\/www.salvatorianas.org.br\/blog\/wp-content\/uploads\/2022\/11\/10-3-300x199.jpg 300w, https:\/\/www.salvatorianas.org.br\/blog\/wp-content\/uploads\/2022\/11\/10-3-768x509.jpg 768w, https:\/\/www.salvatorianas.org.br\/blog\/wp-content\/uploads\/2022\/11\/10-3-1536x1017.jpg 1536w, https:\/\/www.salvatorianas.org.br\/blog\/wp-content\/uploads\/2022\/11\/10-3-2048x1356.jpg 2048w\" sizes=\"(max-width: 1024px) 100vw, 1024px\" \/><\/figure>\n\n\n\n<figure class=\"wp-block-image size-large\"><img decoding=\"async\" loading=\"lazy\" width=\"1024\" height=\"678\" src=\"https:\/\/www.salvatorianas.org.br\/blog\/wp-content\/uploads\/2022\/11\/11-1-1024x678.jpg\" alt=\"\" class=\"wp-image-19345\" srcset=\"https:\/\/www.salvatorianas.org.br\/blog\/wp-content\/uploads\/2022\/11\/11-1-1024x678.jpg 1024w, https:\/\/www.salvatorianas.org.br\/blog\/wp-content\/uploads\/2022\/11\/11-1-300x199.jpg 300w, https:\/\/www.salvatorianas.org.br\/blog\/wp-content\/uploads\/2022\/11\/11-1-768x509.jpg 768w, https:\/\/www.salvatorianas.org.br\/blog\/wp-content\/uploads\/2022\/11\/11-1-1536x1017.jpg 1536w, https:\/\/www.salvatorianas.org.br\/blog\/wp-content\/uploads\/2022\/11\/11-1-2048x1356.jpg 2048w\" sizes=\"(max-width: 1024px) 100vw, 1024px\" \/><\/figure>\n\n\n\n<figure class=\"wp-block-image size-large\"><img decoding=\"async\" loading=\"lazy\" width=\"1024\" height=\"678\" src=\"https:\/\/www.salvatorianas.org.br\/blog\/wp-content\/uploads\/2022\/11\/13-1-1024x678.jpg\" alt=\"\" class=\"wp-image-19346\" srcset=\"https:\/\/www.salvatorianas.org.br\/blog\/wp-content\/uploads\/2022\/11\/13-1-1024x678.jpg 1024w, https:\/\/www.salvatorianas.org.br\/blog\/wp-content\/uploads\/2022\/11\/13-1-300x199.jpg 300w, https:\/\/www.salvatorianas.org.br\/blog\/wp-content\/uploads\/2022\/11\/13-1-768x509.jpg 768w, https:\/\/www.salvatorianas.org.br\/blog\/wp-content\/uploads\/2022\/11\/13-1-1536x1017.jpg 1536w, https:\/\/www.salvatorianas.org.br\/blog\/wp-content\/uploads\/2022\/11\/13-1-2048x1356.jpg 2048w\" sizes=\"(max-width: 1024px) 100vw, 1024px\" \/><\/figure>\n\n\n\n<figure class=\"wp-block-image size-large\"><img decoding=\"async\" loading=\"lazy\" width=\"1024\" height=\"678\" src=\"https:\/\/www.salvatorianas.org.br\/blog\/wp-content\/uploads\/2022\/11\/15-2-1024x678.jpg\" alt=\"\" class=\"wp-image-19347\" srcset=\"https:\/\/www.salvatorianas.org.br\/blog\/wp-content\/uploads\/2022\/11\/15-2-1024x678.jpg 1024w, https:\/\/www.salvatorianas.org.br\/blog\/wp-content\/uploads\/2022\/11\/15-2-300x199.jpg 300w, https:\/\/www.salvatorianas.org.br\/blog\/wp-content\/uploads\/2022\/11\/15-2-768x509.jpg 768w, https:\/\/www.salvatorianas.org.br\/blog\/wp-content\/uploads\/2022\/11\/15-2-1536x1017.jpg 1536w, https:\/\/www.salvatorianas.org.br\/blog\/wp-content\/uploads\/2022\/11\/15-2-2048x1356.jpg 2048w\" sizes=\"(max-width: 1024px) 100vw, 1024px\" \/><\/figure>\n\n\n\n<figure class=\"wp-block-image size-large\"><img decoding=\"async\" loading=\"lazy\" width=\"1024\" height=\"678\" src=\"https:\/\/www.salvatorianas.org.br\/blog\/wp-content\/uploads\/2022\/11\/16-1-1024x678.jpg\" alt=\"\" class=\"wp-image-19348\" srcset=\"https:\/\/www.salvatorianas.org.br\/blog\/wp-content\/uploads\/2022\/11\/16-1-1024x678.jpg 1024w, https:\/\/www.salvatorianas.org.br\/blog\/wp-content\/uploads\/2022\/11\/16-1-300x199.jpg 300w, https:\/\/www.salvatorianas.org.br\/blog\/wp-content\/uploads\/2022\/11\/16-1-768x509.jpg 768w, https:\/\/www.salvatorianas.org.br\/blog\/wp-content\/uploads\/2022\/11\/16-1-1536x1017.jpg 1536w, https:\/\/www.salvatorianas.org.br\/blog\/wp-content\/uploads\/2022\/11\/16-1-2048x1356.jpg 2048w\" sizes=\"(max-width: 1024px) 100vw, 1024px\" \/><\/figure>\n\n\n\n<figure class=\"wp-block-image size-large\"><img decoding=\"async\" loading=\"lazy\" width=\"1024\" height=\"678\" src=\"https:\/\/www.salvatorianas.org.br\/blog\/wp-content\/uploads\/2022\/11\/17-3-1024x678.jpg\" alt=\"\" class=\"wp-image-19349\" srcset=\"https:\/\/www.salvatorianas.org.br\/blog\/wp-content\/uploads\/2022\/11\/17-3-1024x678.jpg 1024w, https:\/\/www.salvatorianas.org.br\/blog\/wp-content\/uploads\/2022\/11\/17-3-300x199.jpg 300w, https:\/\/www.salvatorianas.org.br\/blog\/wp-content\/uploads\/2022\/11\/17-3-768x509.jpg 768w, https:\/\/www.salvatorianas.org.br\/blog\/wp-content\/uploads\/2022\/11\/17-3-1536x1017.jpg 1536w, https:\/\/www.salvatorianas.org.br\/blog\/wp-content\/uploads\/2022\/11\/17-3-2048x1356.jpg 2048w\" sizes=\"(max-width: 1024px) 100vw, 1024px\" \/><\/figure>\n\n\n\n<figure class=\"wp-block-image size-large\"><img decoding=\"async\" loading=\"lazy\" width=\"1024\" height=\"678\" src=\"https:\/\/www.salvatorianas.org.br\/blog\/wp-content\/uploads\/2022\/11\/17-4-1024x678.jpg\" alt=\"\" class=\"wp-image-19350\" srcset=\"https:\/\/www.salvatorianas.org.br\/blog\/wp-content\/uploads\/2022\/11\/17-4-1024x678.jpg 1024w, https:\/\/www.salvatorianas.org.br\/blog\/wp-content\/uploads\/2022\/11\/17-4-300x199.jpg 300w, https:\/\/www.salvatorianas.org.br\/blog\/wp-content\/uploads\/2022\/11\/17-4-768x509.jpg 768w, https:\/\/www.salvatorianas.org.br\/blog\/wp-content\/uploads\/2022\/11\/17-4-1536x1017.jpg 1536w, https:\/\/www.salvatorianas.org.br\/blog\/wp-content\/uploads\/2022\/11\/17-4-2048x1356.jpg 2048w\" sizes=\"(max-width: 1024px) 100vw, 1024px\" \/><\/figure>\n\n\n\n<figure class=\"wp-block-image size-large\"><img decoding=\"async\" loading=\"lazy\" width=\"1024\" height=\"678\" src=\"https:\/\/www.salvatorianas.org.br\/blog\/wp-content\/uploads\/2022\/11\/21-2-1024x678.jpg\" alt=\"\" class=\"wp-image-19351\" srcset=\"https:\/\/www.salvatorianas.org.br\/blog\/wp-content\/uploads\/2022\/11\/21-2-1024x678.jpg 1024w, https:\/\/www.salvatorianas.org.br\/blog\/wp-content\/uploads\/2022\/11\/21-2-300x199.jpg 300w, https:\/\/www.salvatorianas.org.br\/blog\/wp-content\/uploads\/2022\/11\/21-2-768x509.jpg 768w, https:\/\/www.salvatorianas.org.br\/blog\/wp-content\/uploads\/2022\/11\/21-2-1536x1017.jpg 1536w, https:\/\/www.salvatorianas.org.br\/blog\/wp-content\/uploads\/2022\/11\/21-2-2048x1356.jpg 2048w\" sizes=\"(max-width: 1024px) 100vw, 1024px\" \/><\/figure>\n","protected":false},"excerpt":{"rendered":"<p>Em clima de alegria, esperan\u00e7a e gratid\u00e3o encerrou o XXV Cap\u00edtulo Provincial, tempo de kair\u00f3s na vida-miss\u00e3o da Prov\u00edncia Santa Catarina. O dia de encerramento iniciou com a Santa Missa em a\u00e7\u00e3o de&#8230;<\/p>\n","protected":false},"author":2,"featured_media":19341,"comment_status":"open","ping_status":"open","sticky":false,"template":"","format":"standard","meta":[],"categories":[1],"tags":[],"_links":{"self":[{"href":"https:\/\/www.salvatorianas.org.br\/blog\/wp-json\/wp\/v2\/posts\/19340"}],"collection":[{"href":"https:\/\/www.salvatorianas.org.br\/blog\/wp-json\/wp\/v2\/posts"}],"about":[{"href":"https:\/\/www.salvatorianas.org.br\/blog\/wp-json\/wp\/v2\/types\/post"}],"author":[{"embeddable":true,"href":"https:\/\/www.salvatorianas.org.br\/blog\/wp-json\/wp\/v2\/users\/2"}],"replies":[{"embeddable":true,"href":"https:\/\/www.salvatorianas.org.br\/blog\/wp-json\/wp\/v2\/comments?post=19340"}],"version-history":[{"count":1,"href":"https:\/\/www.salvatorianas.org.br\/blog\/wp-json\/wp\/v2\/posts\/19340\/revisions"}],"predecessor-version":[{"id":19352,"href":"https:\/\/www.salvatorianas.org.br\/blog\/wp-json\/wp\/v2\/posts\/19340\/revisions\/19352"}],"wp:featuredmedia":[{"embeddable":true,"href":"https:\/\/www.salvatorianas.org.br\/blog\/wp-json\/wp\/v2\/media\/19341"}],"wp:attachment":[{"href":"https:\/\/www.salvatorianas.org.br\/blog\/wp-json\/wp\/v2\/media?parent=19340"}],"wp:term":[{"taxonomy":"category","embeddable":true,"href":"https:\/\/www.salvatorianas.org.br\/blog\/wp-json\/wp\/v2\/categories?post=19340"},{"taxonomy":"post_tag","embeddable":true,"href":"https:\/\/www.salvatorianas.org.br\/blog\/wp-json\/wp\/v2\/tags?post=19340"}],"curies":[{"name":"wp","href":"https:\/\/api.w.org\/{rel}","templated":true}]}}