{"id":19319,"date":"2022-11-26T23:24:57","date_gmt":"2022-11-26T23:24:57","guid":{"rendered":"https:\/\/www.salvatorianas.org.br\/blog\/?p=19319"},"modified":"2022-11-27T08:47:40","modified_gmt":"2022-11-27T08:47:40","slug":"3o-dia-do-xxv-capitulo-provincial","status":"publish","type":"post","link":"https:\/\/www.salvatorianas.org.br\/blog\/3o-dia-do-xxv-capitulo-provincial\/","title":{"rendered":"3\u00ba Dia do XXV Cap\u00edtulo Provincial"},"content":{"rendered":"\n<p>O terceiro dia da nossa cainhada capitular iniciou com a Celebra\u00e7\u00e3o Eucar\u00edstica em a\u00e7\u00e3o de gra\u00e7as pelos 30 anos de Miss\u00e3o Salvatoriana em Mo\u00e7ambique.&nbsp; Durante a celebra\u00e7\u00e3o deste tempo hist\u00f3rico, foram destacadas algumas das atividades apost\u00f3licas, como a organiza\u00e7\u00e3o das comunidades, a forma\u00e7\u00e3o das lideran\u00e7as, os projetos sociais, as novas voca\u00e7\u00f5es e o trabalho como Fam\u00edlia Salvatoriana.<\/p>\n\n\n\n<p>Na sequ\u00eancia, foi feita a apresenta\u00e7\u00e3o da reda\u00e7\u00e3o do Documento Final, em que a assembleia capitular aprovou por unanimidade. Em seguida, as capitulares reuniram-se em grupos para o estudo do Estatuto Provincial.<\/p>\n\n\n\n<p>No in\u00edcio da tarde, a assembleia capitular participou da Celebra\u00e7\u00e3o da caminhada experimentada nos 25 cap\u00edtulos provinciais que aconteceram nestes 86 anos de nossa presen\u00e7a Salvatoriana no Brasil. Neste percurso muitos passos, inspira\u00e7\u00f5es, enfoques e temas iluminaram a caminhada na concretiza\u00e7\u00e3o do Carisma e Miss\u00e3o Salvatoriana.<\/p>\n\n\n\n<p>Dando continuidade, realizou-se as Assembleias Extraordin\u00e1rias da Organiza\u00e7\u00e3o Religiosa e do Instituto de Ensino e Assist\u00eancia Social.<\/p>\n\n\n\n<p>&nbsp;O dia culminou com o in\u00edcio da peregrina\u00e7\u00e3o da Rel\u00edquia do Bem-aventurado Francisco Jordan pela nossa Prov\u00edncia e espa\u00e7o de miss\u00e3o, destacando os dois verbos que se repetem muitas vezes nos textos de Jordan: <strong>anunciar e salvar<\/strong>. Com alegria e f\u00e9, a Comunidade Sant\u00edssima Trindade de Duque Bacelar\/MA, recebeu a rel\u00edquia que vai peregrinar pelo Brasil e as Irm\u00e3s de Mo\u00e7ambique receberam outra rel\u00edquia que permanecer\u00e1 nesta miss\u00e3o.<\/p>\n\n\n\n<p>Com esta motiva\u00e7\u00e3o apost\u00f3lica foi realizado o rito de envio da Ir. Therezinha Fontana para a miss\u00e3o em Mo\u00e7ambique, da Ir. Izena Maria Botezini para a miss\u00e3o em Fortaleza\/CE, da Ir. Van\u00facia S. da Silva e Novi\u00e7a Kalene que integrar\u00e3o a comunidade mission\u00e1ria em Humait\u00e1\/AM.<\/p>\n\n\n\n<p>Este momento orante concluiu com a ora\u00e7\u00e3o salvatoriana do Pai Nosso.<\/p>\n\n\n\n<figure class=\"wp-block-image size-large\"><img decoding=\"async\" loading=\"lazy\" width=\"1024\" height=\"678\" src=\"https:\/\/www.salvatorianas.org.br\/blog\/wp-content\/uploads\/2022\/11\/001-1-1024x678.jpg\" alt=\"\" class=\"wp-image-19327\" srcset=\"https:\/\/www.salvatorianas.org.br\/blog\/wp-content\/uploads\/2022\/11\/001-1-1024x678.jpg 1024w, https:\/\/www.salvatorianas.org.br\/blog\/wp-content\/uploads\/2022\/11\/001-1-300x199.jpg 300w, https:\/\/www.salvatorianas.org.br\/blog\/wp-content\/uploads\/2022\/11\/001-1-768x509.jpg 768w, https:\/\/www.salvatorianas.org.br\/blog\/wp-content\/uploads\/2022\/11\/001-1-1536x1017.jpg 1536w, https:\/\/www.salvatorianas.org.br\/blog\/wp-content\/uploads\/2022\/11\/001-1-2048x1356.jpg 2048w\" sizes=\"(max-width: 1024px) 100vw, 1024px\" \/><\/figure>\n\n\n\n<figure class=\"wp-block-image size-large\"><img decoding=\"async\" loading=\"lazy\" width=\"1024\" height=\"678\" src=\"https:\/\/www.salvatorianas.org.br\/blog\/wp-content\/uploads\/2022\/11\/01-4-1024x678.jpg\" alt=\"\" class=\"wp-image-19328\" srcset=\"https:\/\/www.salvatorianas.org.br\/blog\/wp-content\/uploads\/2022\/11\/01-4-1024x678.jpg 1024w, https:\/\/www.salvatorianas.org.br\/blog\/wp-content\/uploads\/2022\/11\/01-4-300x199.jpg 300w, https:\/\/www.salvatorianas.org.br\/blog\/wp-content\/uploads\/2022\/11\/01-4-768x509.jpg 768w, https:\/\/www.salvatorianas.org.br\/blog\/wp-content\/uploads\/2022\/11\/01-4-1536x1017.jpg 1536w, https:\/\/www.salvatorianas.org.br\/blog\/wp-content\/uploads\/2022\/11\/01-4-2048x1356.jpg 2048w\" sizes=\"(max-width: 1024px) 100vw, 1024px\" \/><\/figure>\n\n\n\n<figure class=\"wp-block-image size-large\"><img decoding=\"async\" loading=\"lazy\" width=\"1024\" height=\"678\" src=\"https:\/\/www.salvatorianas.org.br\/blog\/wp-content\/uploads\/2022\/11\/10-2-1024x678.jpg\" alt=\"\" class=\"wp-image-19329\" srcset=\"https:\/\/www.salvatorianas.org.br\/blog\/wp-content\/uploads\/2022\/11\/10-2-1024x678.jpg 1024w, https:\/\/www.salvatorianas.org.br\/blog\/wp-content\/uploads\/2022\/11\/10-2-300x199.jpg 300w, https:\/\/www.salvatorianas.org.br\/blog\/wp-content\/uploads\/2022\/11\/10-2-768x509.jpg 768w, https:\/\/www.salvatorianas.org.br\/blog\/wp-content\/uploads\/2022\/11\/10-2-1536x1017.jpg 1536w, https:\/\/www.salvatorianas.org.br\/blog\/wp-content\/uploads\/2022\/11\/10-2-2048x1356.jpg 2048w\" sizes=\"(max-width: 1024px) 100vw, 1024px\" \/><\/figure>\n\n\n\n<figure class=\"wp-block-image size-large\"><img decoding=\"async\" loading=\"lazy\" width=\"1024\" height=\"678\" src=\"https:\/\/www.salvatorianas.org.br\/blog\/wp-content\/uploads\/2022\/11\/25-2-1024x678.jpg\" alt=\"\" class=\"wp-image-19331\" srcset=\"https:\/\/www.salvatorianas.org.br\/blog\/wp-content\/uploads\/2022\/11\/25-2-1024x678.jpg 1024w, https:\/\/www.salvatorianas.org.br\/blog\/wp-content\/uploads\/2022\/11\/25-2-300x199.jpg 300w, https:\/\/www.salvatorianas.org.br\/blog\/wp-content\/uploads\/2022\/11\/25-2-768x509.jpg 768w, https:\/\/www.salvatorianas.org.br\/blog\/wp-content\/uploads\/2022\/11\/25-2-1536x1017.jpg 1536w, https:\/\/www.salvatorianas.org.br\/blog\/wp-content\/uploads\/2022\/11\/25-2-2048x1356.jpg 2048w\" sizes=\"(max-width: 1024px) 100vw, 1024px\" \/><\/figure>\n\n\n\n<figure class=\"wp-block-image size-large\"><img decoding=\"async\" loading=\"lazy\" width=\"1024\" height=\"678\" src=\"https:\/\/www.salvatorianas.org.br\/blog\/wp-content\/uploads\/2022\/11\/30-1024x678.jpg\" alt=\"\" class=\"wp-image-19332\" srcset=\"https:\/\/www.salvatorianas.org.br\/blog\/wp-content\/uploads\/2022\/11\/30-1024x678.jpg 1024w, https:\/\/www.salvatorianas.org.br\/blog\/wp-content\/uploads\/2022\/11\/30-300x199.jpg 300w, https:\/\/www.salvatorianas.org.br\/blog\/wp-content\/uploads\/2022\/11\/30-768x509.jpg 768w, https:\/\/www.salvatorianas.org.br\/blog\/wp-content\/uploads\/2022\/11\/30-1536x1017.jpg 1536w, https:\/\/www.salvatorianas.org.br\/blog\/wp-content\/uploads\/2022\/11\/30-2048x1356.jpg 2048w\" sizes=\"(max-width: 1024px) 100vw, 1024px\" \/><\/figure>\n\n\n\n<figure class=\"wp-block-image size-large\"><img decoding=\"async\" loading=\"lazy\" width=\"1024\" height=\"678\" src=\"https:\/\/www.salvatorianas.org.br\/blog\/wp-content\/uploads\/2022\/11\/33-1024x678.jpg\" alt=\"\" class=\"wp-image-19333\" srcset=\"https:\/\/www.salvatorianas.org.br\/blog\/wp-content\/uploads\/2022\/11\/33-1024x678.jpg 1024w, https:\/\/www.salvatorianas.org.br\/blog\/wp-content\/uploads\/2022\/11\/33-300x199.jpg 300w, https:\/\/www.salvatorianas.org.br\/blog\/wp-content\/uploads\/2022\/11\/33-768x509.jpg 768w, https:\/\/www.salvatorianas.org.br\/blog\/wp-content\/uploads\/2022\/11\/33-1536x1017.jpg 1536w, https:\/\/www.salvatorianas.org.br\/blog\/wp-content\/uploads\/2022\/11\/33-2048x1356.jpg 2048w\" sizes=\"(max-width: 1024px) 100vw, 1024px\" \/><\/figure>\n\n\n\n<figure class=\"wp-block-image size-large\"><img decoding=\"async\" loading=\"lazy\" width=\"1024\" height=\"678\" src=\"https:\/\/www.salvatorianas.org.br\/blog\/wp-content\/uploads\/2022\/11\/34-1024x678.jpg\" alt=\"\" class=\"wp-image-19334\" srcset=\"https:\/\/www.salvatorianas.org.br\/blog\/wp-content\/uploads\/2022\/11\/34-1024x678.jpg 1024w, https:\/\/www.salvatorianas.org.br\/blog\/wp-content\/uploads\/2022\/11\/34-300x199.jpg 300w, https:\/\/www.salvatorianas.org.br\/blog\/wp-content\/uploads\/2022\/11\/34-768x509.jpg 768w, https:\/\/www.salvatorianas.org.br\/blog\/wp-content\/uploads\/2022\/11\/34-1536x1017.jpg 1536w, https:\/\/www.salvatorianas.org.br\/blog\/wp-content\/uploads\/2022\/11\/34-2048x1356.jpg 2048w\" sizes=\"(max-width: 1024px) 100vw, 1024px\" \/><\/figure>\n\n\n\n<figure class=\"wp-block-image size-large\"><img decoding=\"async\" loading=\"lazy\" width=\"1024\" height=\"678\" src=\"https:\/\/www.salvatorianas.org.br\/blog\/wp-content\/uploads\/2022\/11\/34-1-1024x678.jpg\" alt=\"\" class=\"wp-image-19335\" srcset=\"https:\/\/www.salvatorianas.org.br\/blog\/wp-content\/uploads\/2022\/11\/34-1-1024x678.jpg 1024w, https:\/\/www.salvatorianas.org.br\/blog\/wp-content\/uploads\/2022\/11\/34-1-300x199.jpg 300w, https:\/\/www.salvatorianas.org.br\/blog\/wp-content\/uploads\/2022\/11\/34-1-768x509.jpg 768w, https:\/\/www.salvatorianas.org.br\/blog\/wp-content\/uploads\/2022\/11\/34-1-1536x1017.jpg 1536w, https:\/\/www.salvatorianas.org.br\/blog\/wp-content\/uploads\/2022\/11\/34-1-2048x1356.jpg 2048w\" sizes=\"(max-width: 1024px) 100vw, 1024px\" \/><\/figure>\n\n\n\n<figure class=\"wp-block-image size-large\"><img decoding=\"async\" loading=\"lazy\" width=\"1024\" height=\"678\" src=\"https:\/\/www.salvatorianas.org.br\/blog\/wp-content\/uploads\/2022\/11\/35-1024x678.jpg\" alt=\"\" class=\"wp-image-19336\" srcset=\"https:\/\/www.salvatorianas.org.br\/blog\/wp-content\/uploads\/2022\/11\/35-1024x678.jpg 1024w, https:\/\/www.salvatorianas.org.br\/blog\/wp-content\/uploads\/2022\/11\/35-300x199.jpg 300w, https:\/\/www.salvatorianas.org.br\/blog\/wp-content\/uploads\/2022\/11\/35-768x509.jpg 768w, https:\/\/www.salvatorianas.org.br\/blog\/wp-content\/uploads\/2022\/11\/35-1536x1017.jpg 1536w, https:\/\/www.salvatorianas.org.br\/blog\/wp-content\/uploads\/2022\/11\/35-2048x1356.jpg 2048w\" sizes=\"(max-width: 1024px) 100vw, 1024px\" \/><\/figure>\n\n\n\n<figure class=\"wp-block-image size-large\"><img decoding=\"async\" loading=\"lazy\" width=\"1024\" height=\"678\" src=\"https:\/\/www.salvatorianas.org.br\/blog\/wp-content\/uploads\/2022\/11\/37-1024x678.jpg\" alt=\"\" class=\"wp-image-19337\" srcset=\"https:\/\/www.salvatorianas.org.br\/blog\/wp-content\/uploads\/2022\/11\/37-1024x678.jpg 1024w, https:\/\/www.salvatorianas.org.br\/blog\/wp-content\/uploads\/2022\/11\/37-300x199.jpg 300w, https:\/\/www.salvatorianas.org.br\/blog\/wp-content\/uploads\/2022\/11\/37-768x509.jpg 768w, https:\/\/www.salvatorianas.org.br\/blog\/wp-content\/uploads\/2022\/11\/37-1536x1017.jpg 1536w, https:\/\/www.salvatorianas.org.br\/blog\/wp-content\/uploads\/2022\/11\/37-2048x1356.jpg 2048w\" sizes=\"(max-width: 1024px) 100vw, 1024px\" \/><\/figure>\n\n\n\n<figure class=\"wp-block-image size-large\"><img decoding=\"async\" loading=\"lazy\" width=\"1024\" height=\"678\" src=\"https:\/\/www.salvatorianas.org.br\/blog\/wp-content\/uploads\/2022\/11\/38-1024x678.jpg\" alt=\"\" class=\"wp-image-19338\" srcset=\"https:\/\/www.salvatorianas.org.br\/blog\/wp-content\/uploads\/2022\/11\/38-1024x678.jpg 1024w, https:\/\/www.salvatorianas.org.br\/blog\/wp-content\/uploads\/2022\/11\/38-300x199.jpg 300w, https:\/\/www.salvatorianas.org.br\/blog\/wp-content\/uploads\/2022\/11\/38-768x509.jpg 768w, https:\/\/www.salvatorianas.org.br\/blog\/wp-content\/uploads\/2022\/11\/38-1536x1017.jpg 1536w, https:\/\/www.salvatorianas.org.br\/blog\/wp-content\/uploads\/2022\/11\/38-2048x1356.jpg 2048w\" sizes=\"(max-width: 1024px) 100vw, 1024px\" \/><\/figure>\n","protected":false},"excerpt":{"rendered":"<p>O terceiro dia da nossa cainhada capitular iniciou com a Celebra\u00e7\u00e3o Eucar\u00edstica em a\u00e7\u00e3o de gra\u00e7as pelos 30 anos de Miss\u00e3o Salvatoriana em Mo\u00e7ambique.&nbsp; Durante a celebra\u00e7\u00e3o deste tempo hist\u00f3rico, foram destacadas algumas&#8230;<\/p>\n","protected":false},"author":2,"featured_media":19320,"comment_status":"open","ping_status":"open","sticky":false,"template":"","format":"standard","meta":[],"categories":[1],"tags":[],"_links":{"self":[{"href":"https:\/\/www.salvatorianas.org.br\/blog\/wp-json\/wp\/v2\/posts\/19319"}],"collection":[{"href":"https:\/\/www.salvatorianas.org.br\/blog\/wp-json\/wp\/v2\/posts"}],"about":[{"href":"https:\/\/www.salvatorianas.org.br\/blog\/wp-json\/wp\/v2\/types\/post"}],"author":[{"embeddable":true,"href":"https:\/\/www.salvatorianas.org.br\/blog\/wp-json\/wp\/v2\/users\/2"}],"replies":[{"embeddable":true,"href":"https:\/\/www.salvatorianas.org.br\/blog\/wp-json\/wp\/v2\/comments?post=19319"}],"version-history":[{"count":5,"href":"https:\/\/www.salvatorianas.org.br\/blog\/wp-json\/wp\/v2\/posts\/19319\/revisions"}],"predecessor-version":[{"id":19339,"href":"https:\/\/www.salvatorianas.org.br\/blog\/wp-json\/wp\/v2\/posts\/19319\/revisions\/19339"}],"wp:featuredmedia":[{"embeddable":true,"href":"https:\/\/www.salvatorianas.org.br\/blog\/wp-json\/wp\/v2\/media\/19320"}],"wp:attachment":[{"href":"https:\/\/www.salvatorianas.org.br\/blog\/wp-json\/wp\/v2\/media?parent=19319"}],"wp:term":[{"taxonomy":"category","embeddable":true,"href":"https:\/\/www.salvatorianas.org.br\/blog\/wp-json\/wp\/v2\/categories?post=19319"},{"taxonomy":"post_tag","embeddable":true,"href":"https:\/\/www.salvatorianas.org.br\/blog\/wp-json\/wp\/v2\/tags?post=19319"}],"curies":[{"name":"wp","href":"https:\/\/api.w.org\/{rel}","templated":true}]}}