{"id":19302,"date":"2022-11-25T21:00:00","date_gmt":"2022-11-25T21:00:00","guid":{"rendered":"https:\/\/www.salvatorianas.org.br\/blog\/?p=19302"},"modified":"2022-11-28T19:06:25","modified_gmt":"2022-11-28T19:06:25","slug":"2o-dia-do-xxv-capitulo-provincial","status":"publish","type":"post","link":"https:\/\/www.salvatorianas.org.br\/blog\/2o-dia-do-xxv-capitulo-provincial\/","title":{"rendered":"2\u00ba DIA DO XXV CAP\u00cdTULO PROVINCIAL"},"content":{"rendered":"\n<p>O segundo dia do Cap\u00edtulo iniciou com o momento orante, que enfatizou o verbo <strong>OUVIR,<\/strong> convidando a assembleia capitular a escutar com ouvido de disc\u00edpula\/o Deus que nos fala atrav\u00e9s da cria\u00e7\u00e3o, da sua Palavra e das diferentes realidades que nos cercam. A perceber que o caminho para a escutar \u00e9 educar a vida para a interioridade, redescobrindo a capacidade de admira\u00e7\u00e3o e sentir a presen\u00e7a de Deus que se revela em todos.<\/p>\n\n\n\n<p>Na sequ\u00eancia, os grupos partilharam as experi\u00eancias \u201cem sa\u00edda\u201d vivenciadas com os pobres e diante do sofrimento na e p\u00f3s pandemia neste quadri\u00eanio, ressaltando as experi\u00eancias de Deus neste tempo.<\/p>\n\n\n\n<p>Ap\u00f3s, foi trabalhado o tema \u201c<strong>chamadas e enviadas a cooperar com a <em>Missio Dei<\/em><\/strong> \u201c, com a assessora Ir. Regina da Costa Pedro, da Congrega\u00e7\u00e3o Mission\u00e1rias da Imaculada (PIME). Na sua abordagem ressaltou que a coopera\u00e7\u00e3o exige do mission\u00e1rio um esvaziamento, pois a miss\u00e3o \u00e9 de Deus e o protagonista \u00e9 o Esp\u00edrito Santo. Ser mission\u00e1rio, \u00e9 ser presen\u00e7a, uma presen\u00e7a amiga, amorosa, prof\u00e9tica e cr\u00edtica. &nbsp;Na oportunidade, enfatizou que a comunh\u00e3o \u00e9 mission\u00e1ria e a miss\u00e3o \u00e9 para gerar comunh\u00e3o no mundo que clama por miseric\u00f3rdia, perd\u00e3o e amor.<\/p>\n\n\n\n<p>No final da manh\u00e3, a Ir. Ren\u00e1ria Bezerra da Silva, Conselheira Geral, partilhou com todos a dimens\u00e3o mission\u00e1ria da Congrega\u00e7\u00e3o das Irm\u00e3s do Divino Salvador no mundo. Na sua fala destacou que as Irm\u00e3s est\u00e3o presentes em 04 continentes (\u00c1frica, Am\u00e9ricas, \u00c1sia e Europa), em 26 pa\u00edses e atualmente s\u00e3o 173 comunidades religiosas no mundo e 913 irm\u00e3s, 28 novi\u00e7as e 32 postulantes. Na oportunidade, evidenciou os apostolados desenvolvidos pelas irm\u00e3s nos diferentes continentes, respondendo o apelo de uma \u201cIgreja em Sa\u00edda\u201d. \u00a0Por fim, destacou que a beatifica\u00e7\u00e3o possibilitou maior dinamismo mission\u00e1rio em toda a Congrega\u00e7\u00e3o e Fam\u00edlia Salvatoriana.<\/p>\n\n\n\n<figure class=\"wp-block-embed is-type-video is-provider-youtube wp-block-embed-youtube wp-embed-aspect-16-9 wp-has-aspect-ratio\"><div class=\"wp-block-embed__wrapper\">\n<iframe loading=\"lazy\" title=\"Miss\u00e3o ad gentes: mudan\u00e7as de paradigmas | XXV Cap\u00edtulo Provincial\" width=\"500\" height=\"281\" src=\"https:\/\/www.youtube.com\/embed\/iOjxRFWX0Ns?feature=oembed\" frameborder=\"0\" allow=\"accelerometer; autoplay; clipboard-write; encrypted-media; gyroscope; picture-in-picture\" allowfullscreen><\/iframe>\n<\/div><\/figure>\n\n\n\n<p><\/p>\n\n\n\n<p>No in\u00edcio da tarde, foi dinamizado um momento orante com a tem\u00e1tica \u201cescutar a for\u00e7a da vida que venceu a morte\u201d, recordando a vida doada das irm\u00e3s que partiram para eternidade, fazendo mem\u00f3ria nominalmente, as que partiram neste quadri\u00eanio de 2019-2022, ao todo 25 irm\u00e3s. Entre cantos e ora\u00e7\u00f5es foram levadas rosas representando cada vida ofertada. Agradecidas por nossas irm\u00e3s que viveram e escreveram suas hist\u00f3rias e testemunharam a doa\u00e7\u00e3o, a entrega, o sim ao chamado de amor a Deus.<\/p>\n\n\n\n<p>A seguir, iniciou o discernimento vida-miss\u00e3o e Documento Final do XXV Cap\u00edtulo Provincial, em que participou o Pedagogo e Doutor em Sociologia Ricardo Mariz, que introduziu uma reflex\u00e3o sobre as mudan\u00e7as e o sentido deste novo modelo do documento. Ir. Dulcelene Ceccato, facilitadora, orientou o trabalho de grupo para estudo e discernimento.<\/p>\n\n\n\n<p>No final da tarde, a assembleia capitular participou da Celebra\u00e7\u00e3o Eucar\u00edstica, presidida pelo Padre Francisco Sydney de Mac\u00eado Gon\u00e7alves, superior provincial dos salvatorianos. A missa foi dinamizada pelo Regional de Passo Fundo.<\/p>\n\n\n\n<p>O dia culminou com a noite cultural.<\/p>\n\n\n\n<figure class=\"wp-block-image size-large\"><img decoding=\"async\" loading=\"lazy\" width=\"1024\" height=\"678\" src=\"https:\/\/www.salvatorianas.org.br\/blog\/wp-content\/uploads\/2022\/11\/02-3-1024x678.jpg\" alt=\"\" class=\"wp-image-19309\" srcset=\"https:\/\/www.salvatorianas.org.br\/blog\/wp-content\/uploads\/2022\/11\/02-3-1024x678.jpg 1024w, https:\/\/www.salvatorianas.org.br\/blog\/wp-content\/uploads\/2022\/11\/02-3-300x199.jpg 300w, https:\/\/www.salvatorianas.org.br\/blog\/wp-content\/uploads\/2022\/11\/02-3-768x509.jpg 768w, https:\/\/www.salvatorianas.org.br\/blog\/wp-content\/uploads\/2022\/11\/02-3-1536x1017.jpg 1536w, https:\/\/www.salvatorianas.org.br\/blog\/wp-content\/uploads\/2022\/11\/02-3-2048x1356.jpg 2048w\" sizes=\"(max-width: 1024px) 100vw, 1024px\" \/><\/figure>\n\n\n\n<figure class=\"wp-block-image size-large\"><img decoding=\"async\" loading=\"lazy\" width=\"1024\" height=\"678\" src=\"https:\/\/www.salvatorianas.org.br\/blog\/wp-content\/uploads\/2022\/11\/03-2-1024x678.jpg\" alt=\"\" class=\"wp-image-19310\" srcset=\"https:\/\/www.salvatorianas.org.br\/blog\/wp-content\/uploads\/2022\/11\/03-2-1024x678.jpg 1024w, https:\/\/www.salvatorianas.org.br\/blog\/wp-content\/uploads\/2022\/11\/03-2-300x199.jpg 300w, https:\/\/www.salvatorianas.org.br\/blog\/wp-content\/uploads\/2022\/11\/03-2-768x509.jpg 768w, https:\/\/www.salvatorianas.org.br\/blog\/wp-content\/uploads\/2022\/11\/03-2-1536x1017.jpg 1536w, https:\/\/www.salvatorianas.org.br\/blog\/wp-content\/uploads\/2022\/11\/03-2-2048x1356.jpg 2048w\" sizes=\"(max-width: 1024px) 100vw, 1024px\" \/><\/figure>\n\n\n\n<figure class=\"wp-block-image size-large\"><img decoding=\"async\" loading=\"lazy\" width=\"1024\" height=\"678\" src=\"https:\/\/www.salvatorianas.org.br\/blog\/wp-content\/uploads\/2022\/11\/04-2-1024x678.jpg\" alt=\"\" class=\"wp-image-19311\" srcset=\"https:\/\/www.salvatorianas.org.br\/blog\/wp-content\/uploads\/2022\/11\/04-2-1024x678.jpg 1024w, https:\/\/www.salvatorianas.org.br\/blog\/wp-content\/uploads\/2022\/11\/04-2-300x199.jpg 300w, https:\/\/www.salvatorianas.org.br\/blog\/wp-content\/uploads\/2022\/11\/04-2-768x509.jpg 768w, https:\/\/www.salvatorianas.org.br\/blog\/wp-content\/uploads\/2022\/11\/04-2-1536x1017.jpg 1536w, https:\/\/www.salvatorianas.org.br\/blog\/wp-content\/uploads\/2022\/11\/04-2-2048x1356.jpg 2048w\" sizes=\"(max-width: 1024px) 100vw, 1024px\" \/><\/figure>\n\n\n\n<figure class=\"wp-block-image size-large\"><img decoding=\"async\" loading=\"lazy\" width=\"1024\" height=\"678\" src=\"https:\/\/www.salvatorianas.org.br\/blog\/wp-content\/uploads\/2022\/11\/05-2-1024x678.jpg\" alt=\"\" class=\"wp-image-19312\" srcset=\"https:\/\/www.salvatorianas.org.br\/blog\/wp-content\/uploads\/2022\/11\/05-2-1024x678.jpg 1024w, https:\/\/www.salvatorianas.org.br\/blog\/wp-content\/uploads\/2022\/11\/05-2-300x199.jpg 300w, https:\/\/www.salvatorianas.org.br\/blog\/wp-content\/uploads\/2022\/11\/05-2-768x509.jpg 768w, https:\/\/www.salvatorianas.org.br\/blog\/wp-content\/uploads\/2022\/11\/05-2-1536x1017.jpg 1536w, https:\/\/www.salvatorianas.org.br\/blog\/wp-content\/uploads\/2022\/11\/05-2-2048x1356.jpg 2048w\" sizes=\"(max-width: 1024px) 100vw, 1024px\" \/><\/figure>\n\n\n\n<figure class=\"wp-block-image size-large\"><img decoding=\"async\" loading=\"lazy\" width=\"1024\" height=\"678\" src=\"https:\/\/www.salvatorianas.org.br\/blog\/wp-content\/uploads\/2022\/11\/06-1-1024x678.jpg\" alt=\"\" class=\"wp-image-19313\" srcset=\"https:\/\/www.salvatorianas.org.br\/blog\/wp-content\/uploads\/2022\/11\/06-1-1024x678.jpg 1024w, https:\/\/www.salvatorianas.org.br\/blog\/wp-content\/uploads\/2022\/11\/06-1-300x199.jpg 300w, https:\/\/www.salvatorianas.org.br\/blog\/wp-content\/uploads\/2022\/11\/06-1-768x509.jpg 768w, https:\/\/www.salvatorianas.org.br\/blog\/wp-content\/uploads\/2022\/11\/06-1-1536x1017.jpg 1536w, https:\/\/www.salvatorianas.org.br\/blog\/wp-content\/uploads\/2022\/11\/06-1-2048x1356.jpg 2048w\" sizes=\"(max-width: 1024px) 100vw, 1024px\" \/><\/figure>\n\n\n\n<figure class=\"wp-block-image size-large\"><img decoding=\"async\" loading=\"lazy\" width=\"1024\" height=\"678\" src=\"https:\/\/www.salvatorianas.org.br\/blog\/wp-content\/uploads\/2022\/11\/07-2-1024x678.jpg\" alt=\"\" class=\"wp-image-19314\" srcset=\"https:\/\/www.salvatorianas.org.br\/blog\/wp-content\/uploads\/2022\/11\/07-2-1024x678.jpg 1024w, https:\/\/www.salvatorianas.org.br\/blog\/wp-content\/uploads\/2022\/11\/07-2-300x199.jpg 300w, https:\/\/www.salvatorianas.org.br\/blog\/wp-content\/uploads\/2022\/11\/07-2-768x509.jpg 768w, https:\/\/www.salvatorianas.org.br\/blog\/wp-content\/uploads\/2022\/11\/07-2-1536x1017.jpg 1536w, https:\/\/www.salvatorianas.org.br\/blog\/wp-content\/uploads\/2022\/11\/07-2-2048x1356.jpg 2048w\" sizes=\"(max-width: 1024px) 100vw, 1024px\" \/><\/figure>\n\n\n\n<figure class=\"wp-block-image size-large\"><img decoding=\"async\" loading=\"lazy\" width=\"1024\" height=\"678\" src=\"https:\/\/www.salvatorianas.org.br\/blog\/wp-content\/uploads\/2022\/11\/008-1024x678.jpg\" alt=\"\" class=\"wp-image-19315\" srcset=\"https:\/\/www.salvatorianas.org.br\/blog\/wp-content\/uploads\/2022\/11\/008-1024x678.jpg 1024w, https:\/\/www.salvatorianas.org.br\/blog\/wp-content\/uploads\/2022\/11\/008-300x199.jpg 300w, https:\/\/www.salvatorianas.org.br\/blog\/wp-content\/uploads\/2022\/11\/008-768x509.jpg 768w, https:\/\/www.salvatorianas.org.br\/blog\/wp-content\/uploads\/2022\/11\/008-1536x1017.jpg 1536w, https:\/\/www.salvatorianas.org.br\/blog\/wp-content\/uploads\/2022\/11\/008-2048x1356.jpg 2048w\" sizes=\"(max-width: 1024px) 100vw, 1024px\" \/><\/figure>\n\n\n\n<figure class=\"wp-block-image size-large\"><img decoding=\"async\" loading=\"lazy\" width=\"1024\" height=\"678\" src=\"https:\/\/www.salvatorianas.org.br\/blog\/wp-content\/uploads\/2022\/11\/08-1-1024x678.jpg\" alt=\"\" class=\"wp-image-19316\" srcset=\"https:\/\/www.salvatorianas.org.br\/blog\/wp-content\/uploads\/2022\/11\/08-1-1024x678.jpg 1024w, https:\/\/www.salvatorianas.org.br\/blog\/wp-content\/uploads\/2022\/11\/08-1-300x199.jpg 300w, https:\/\/www.salvatorianas.org.br\/blog\/wp-content\/uploads\/2022\/11\/08-1-768x509.jpg 768w, https:\/\/www.salvatorianas.org.br\/blog\/wp-content\/uploads\/2022\/11\/08-1-1536x1017.jpg 1536w, https:\/\/www.salvatorianas.org.br\/blog\/wp-content\/uploads\/2022\/11\/08-1-2048x1356.jpg 2048w\" sizes=\"(max-width: 1024px) 100vw, 1024px\" \/><\/figure>\n\n\n\n<figure class=\"wp-block-image size-large\"><img decoding=\"async\" loading=\"lazy\" width=\"1024\" height=\"678\" src=\"https:\/\/www.salvatorianas.org.br\/blog\/wp-content\/uploads\/2022\/11\/10-1-1024x678.jpg\" alt=\"\" class=\"wp-image-19317\" srcset=\"https:\/\/www.salvatorianas.org.br\/blog\/wp-content\/uploads\/2022\/11\/10-1-1024x678.jpg 1024w, https:\/\/www.salvatorianas.org.br\/blog\/wp-content\/uploads\/2022\/11\/10-1-300x199.jpg 300w, https:\/\/www.salvatorianas.org.br\/blog\/wp-content\/uploads\/2022\/11\/10-1-768x509.jpg 768w, https:\/\/www.salvatorianas.org.br\/blog\/wp-content\/uploads\/2022\/11\/10-1-1536x1017.jpg 1536w, https:\/\/www.salvatorianas.org.br\/blog\/wp-content\/uploads\/2022\/11\/10-1-2048x1356.jpg 2048w\" sizes=\"(max-width: 1024px) 100vw, 1024px\" \/><\/figure>\n","protected":false},"excerpt":{"rendered":"<p>O segundo dia do Cap\u00edtulo iniciou com o momento orante, que enfatizou o verbo OUVIR, convidando a assembleia capitular a escutar com ouvido de disc\u00edpula\/o Deus que nos fala atrav\u00e9s da cria\u00e7\u00e3o, da&#8230;<\/p>\n","protected":false},"author":2,"featured_media":19303,"comment_status":"open","ping_status":"open","sticky":false,"template":"","format":"standard","meta":[],"categories":[1],"tags":[],"_links":{"self":[{"href":"https:\/\/www.salvatorianas.org.br\/blog\/wp-json\/wp\/v2\/posts\/19302"}],"collection":[{"href":"https:\/\/www.salvatorianas.org.br\/blog\/wp-json\/wp\/v2\/posts"}],"about":[{"href":"https:\/\/www.salvatorianas.org.br\/blog\/wp-json\/wp\/v2\/types\/post"}],"author":[{"embeddable":true,"href":"https:\/\/www.salvatorianas.org.br\/blog\/wp-json\/wp\/v2\/users\/2"}],"replies":[{"embeddable":true,"href":"https:\/\/www.salvatorianas.org.br\/blog\/wp-json\/wp\/v2\/comments?post=19302"}],"version-history":[{"count":6,"href":"https:\/\/www.salvatorianas.org.br\/blog\/wp-json\/wp\/v2\/posts\/19302\/revisions"}],"predecessor-version":[{"id":19357,"href":"https:\/\/www.salvatorianas.org.br\/blog\/wp-json\/wp\/v2\/posts\/19302\/revisions\/19357"}],"wp:featuredmedia":[{"embeddable":true,"href":"https:\/\/www.salvatorianas.org.br\/blog\/wp-json\/wp\/v2\/media\/19303"}],"wp:attachment":[{"href":"https:\/\/www.salvatorianas.org.br\/blog\/wp-json\/wp\/v2\/media?parent=19302"}],"wp:term":[{"taxonomy":"category","embeddable":true,"href":"https:\/\/www.salvatorianas.org.br\/blog\/wp-json\/wp\/v2\/categories?post=19302"},{"taxonomy":"post_tag","embeddable":true,"href":"https:\/\/www.salvatorianas.org.br\/blog\/wp-json\/wp\/v2\/tags?post=19302"}],"curies":[{"name":"wp","href":"https:\/\/api.w.org\/{rel}","templated":true}]}}