{"id":1929,"date":"2015-08-10T00:00:00","date_gmt":"2015-08-10T00:00:00","guid":{"rendered":"https:\/\/www.salvatorianas.org.br\/blog\/papa-institui-na-igreja-catolica-dia-mundial-de-oracao-pelo-cuidado-da-criacao\/"},"modified":"2015-08-10T00:00:00","modified_gmt":"2015-08-10T00:00:00","slug":"papa-institui-na-igreja-catolica-dia-mundial-de-oracao-pelo-cuidado-da-criacao","status":"publish","type":"post","link":"https:\/\/www.salvatorianas.org.br\/blog\/papa-institui-na-igreja-catolica-dia-mundial-de-oracao-pelo-cuidado-da-criacao\/","title":{"rendered":"Papa institui na Igreja Cat\u00f3lica &#8220;Dia Mundial de Ora\u00e7\u00e3o pelo Cuidado da Cria\u00e7\u00e3o&#8221;"},"content":{"rendered":"<p>[imagem1]<\/p>\n<p>&nbsp;<\/p>\n<p style=\"text-align: justify;\">O Papa Francisco enviou uma carta ao Cardeal Peter Kodwo Appiah Turkson, Presidente do Pontif&iacute;cio Conselho da Justi&ccedil;a e da Paz e ao Cardeal Kurt Koch, Presidente do Pontif&iacute;cio Conselho para a Promo&ccedil;&atilde;o da Unidade dos Crist&atilde;os, na qual afirma que, compartilhando com o amado irm&atilde;o o Patriarca Ecum&ecirc;nico Bartolomeu as preocupa&ccedil;&otilde;es pelo futuro da cria&ccedil;&atilde;o e, acolhendo a sugest&atilde;o de seu representante.<\/p>\n<p style=\"text-align: justify;\">O Metropolita Ioannis de P&eacute;rgamo, que se pronunciou na apresenta&ccedil;&atilde;o da Enc&iacute;clica Laudato Si sobre o cuidado da casa comum, decidiu instituir tamb&eacute;m na Igreja Cat&oacute;lica o <strong>&#8220;Dia Mundial de Ora&ccedil;&atilde;o pelo Cuidado da Cria&ccedil;&atilde;o&#8221; que, a partir do ano corrente ser&aacute; celebrado em 1&deg; de setembro<\/strong> &ndash; assim como j&aacute; ocorre h&aacute; tempos na Igreja Ortodoxa.<\/p>\n<p style=\"text-align: justify;\"><strong>Motiva&ccedil;&atilde;o<\/strong><\/p>\n<p style=\"text-align: justify;\">Como crist&atilde;os, &#8211; escreve o Papa &#8211; queremos oferecer a nossa contribui&ccedil;&atilde;o &agrave; supera&ccedil;&atilde;o da crise ecol&oacute;gica que a humanidade est&aacute; vivendo. Por isto devemos, antes de tudo, buscar no nosso rico patrim&ocirc;nio espiritual as motiva&ccedil;&otilde;es que alimentam a paix&atilde;o pelo cuidado da cria&ccedil;&atilde;o, recordando sempre que para os que creem em Jesus Cristo, Verbo de Deus que se fez homem por n&oacute;s, &laquo;a espiritualidade n&atilde;o est&aacute; desligada do pr&oacute;prio corpo nem da natureza ou das realidades deste mundo, mas vive com elas e nelas, em comunh&atilde;o com tudo o que nos rodeia&raquo; (ibid., 216).<\/p>\n<p style=\"text-align: justify;\">A crise ecol&oacute;gica &ndash; reafirma Francisco &#8211; nos chama, portanto, a uma profunda convers&atilde;o espiritual: os crist&atilde;os s&atilde;o chamados a uma &laquo;convers&atilde;o ecol&oacute;gica, que comporta deixar emergir, nas rela&ccedil;&otilde;es com o mundo que os rodeia, todas as consequ&ecirc;ncias do encontro com Jesus&raquo; (ibid., 217). De fato &laquo;Viver a voca&ccedil;&atilde;o de guardi&otilde;es da obra de Deus n&atilde;o &eacute; algo de opcional nem um aspecto secund&aacute;rio da experi&ecirc;ncia crist&atilde;, mas parte essencial duma exist&ecirc;ncia virtuosa&raquo; (ibid).<\/p>\n<p style=\"text-align: justify;\"><strong>Protetores<\/strong><\/p>\n<p style=\"text-align: justify;\">O Santo Padre destaca em seguida que o Dia Mundial de Ora&ccedil;&atilde;o pelo Cuidado da Cria&ccedil;&atilde;o, que ser&aacute; celebrado todos os anos, oferecer&aacute; aos fieis individualmente e &agrave;s comunidades a preciosa oportunidade de renovar a pessoal ades&atilde;o &agrave; pr&oacute;pria voca&ccedil;&atilde;o de cust&oacute;dios da cria&ccedil;&atilde;o, elevando a Deus o agradecimento pela obra maravilhosa que Ele confiou ao nosso cuidado, invocando a sua ajuda para a prote&ccedil;&atilde;o da cria&ccedil;&atilde;o e a sua miseric&oacute;rdia pelos pecados cometidos contra o mundo em que vivemos. A celebra&ccedil;&atilde;o do Dia, na mesma data, com a Igreja Ortodoxa, ser&aacute; uma ocasi&atilde;o prof&iacute;cua para testemunhar a nossa crescente comunh&atilde;o com os irm&atilde;os ortodoxos.<\/p>\n<p style=\"text-align: justify;\">&nbsp;<\/p>\n<p style=\"text-align: justify;\">O Papa Francisco recorda que vivemos em um tempo em que todos os crist&atilde;os enfrentam id&ecirc;nticos e importantes desafios, aos quais, para resultar mais cr&iacute;veis e eficazes, devemos dar respostas comuns. Por isto, &eacute; seu desejo que tal Dia possa envolver, em qualquer modo, tamb&eacute;m outras Igrejas e Comunidades eclesiais e ser celebrado em sintonia com as iniciativas que o Conselho Mundial de Igrejas promove sobre este tema.<\/p>\n<p style=\"text-align: justify;\"><strong>Tarefas<\/strong><\/p>\n<p style=\"text-align: justify;\">Ao Cardeal Turkson, Presidente do Pontif&iacute;cio Conselho da Justi&ccedil;a e da Paz, o Santo Padre pede para levar ao conhecimento das Comiss&otilde;es Justi&ccedil;a e Paz das Confer&ecirc;ncias Episcopais, bem como dos Organismos nacionais e internacionais comprometidos no &acirc;mbito ecol&oacute;gico, a institui&ccedil;&atilde;o do Dia Mundial de Ora&ccedil;&atilde;o pelo Cuidado da Cria&ccedil;&atilde;o, para que, em harmonia com as exig&ecirc;ncias e as situa&ccedil;&otilde;es locais, a celebra&ccedil;&atilde;o seja devidamente organizada com a participa&ccedil;&atilde;o de todo o Povo de Deus: sacerdotes, religiosos, religiosas e fieis leigos. Para este objetivo, ser&aacute; de responsabilidade deste Dicast&eacute;rio, em colabora&ccedil;&atilde;o com as Confer&ecirc;ncias Episcopais, implementar oportunas iniciativas de promo&ccedil;&atilde;o e de anima&ccedil;&atilde;o, para que esta celebra&ccedil;&atilde;o anual seja um momento forte de ora&ccedil;&atilde;o, reflex&atilde;o, convers&atilde;o e uma oportunidade para assumir estilos de vida coerentes.<\/p>\n<p style=\"text-align: justify;\">&nbsp;<\/p>\n<p style=\"text-align: justify;\">J&aacute; ao Cardeal Koch, Presidente do Pontif&iacute;cio Conselho para a Promo&ccedil;&atilde;o da Unidade dos Crist&atilde;os, pede para realizar os contatos necess&aacute;rios com o Patriarcado Ecum&ecirc;nico e com as outras realidades ecum&ecirc;nicas, para que tal Dia Mundial possa tornar-se sinal de um caminho percorrido conjuntamente por todos os que creem em Cristo. Ser&aacute; responsabilidade, al&eacute;m disto, deste Dicast&eacute;rio, cuidar da coordena&ccedil;&atilde;o com iniciativas similares tomadas pelo Conselho Mundial de Igrejas.<\/p>\n<p style=\"text-align: justify;\">Enquanto faz votos da mais ampla colabora&ccedil;&atilde;o para o bom in&iacute;cio e desenvolvimento do Dia Mundial de Ora&ccedil;&atilde;o pelo Cuidado da Cria&ccedil;&atilde;o, o Papa Francisco invoca a intercess&atilde;o da M&atilde;e de Deus, Maria Sant&iacute;ssima, e de S&atilde;o Francisco de Assis, cujo C&acirc;ntico das Criaturas inspira tantos homens e mulheres de boa vontade a viver no louvor do Criador e no respeito pela cria&ccedil;&atilde;o.<\/p>\n<p style=\"text-align: justify;\">Fonte: Radiovaticana<\/p>\n<p style=\"text-align: justify;\">&nbsp;<\/p>\n<p style=\"text-align: justify;\">&nbsp;<\/p>\n","protected":false},"excerpt":{"rendered":"<p>[imagem1] &nbsp; O Papa Francisco enviou uma carta ao Cardeal Peter Kodwo Appiah Turkson, Presidente do Pontif&iacute;cio Conselho da Justi&ccedil;a e da Paz e ao Cardeal Kurt Koch, Presidente do Pontif&iacute;cio Conselho para&#8230;<\/p>\n","protected":false},"author":1,"featured_media":2150,"comment_status":"open","ping_status":"open","sticky":false,"template":"","format":"standard","meta":[],"categories":[1],"tags":[],"_links":{"self":[{"href":"https:\/\/www.salvatorianas.org.br\/blog\/wp-json\/wp\/v2\/posts\/1929"}],"collection":[{"href":"https:\/\/www.salvatorianas.org.br\/blog\/wp-json\/wp\/v2\/posts"}],"about":[{"href":"https:\/\/www.salvatorianas.org.br\/blog\/wp-json\/wp\/v2\/types\/post"}],"author":[{"embeddable":true,"href":"https:\/\/www.salvatorianas.org.br\/blog\/wp-json\/wp\/v2\/users\/1"}],"replies":[{"embeddable":true,"href":"https:\/\/www.salvatorianas.org.br\/blog\/wp-json\/wp\/v2\/comments?post=1929"}],"version-history":[{"count":0,"href":"https:\/\/www.salvatorianas.org.br\/blog\/wp-json\/wp\/v2\/posts\/1929\/revisions"}],"wp:featuredmedia":[{"embeddable":true,"href":"https:\/\/www.salvatorianas.org.br\/blog\/wp-json\/wp\/v2\/media\/2150"}],"wp:attachment":[{"href":"https:\/\/www.salvatorianas.org.br\/blog\/wp-json\/wp\/v2\/media?parent=1929"}],"wp:term":[{"taxonomy":"category","embeddable":true,"href":"https:\/\/www.salvatorianas.org.br\/blog\/wp-json\/wp\/v2\/categories?post=1929"},{"taxonomy":"post_tag","embeddable":true,"href":"https:\/\/www.salvatorianas.org.br\/blog\/wp-json\/wp\/v2\/tags?post=1929"}],"curies":[{"name":"wp","href":"https:\/\/api.w.org\/{rel}","templated":true}]}}