{"id":19285,"date":"2022-11-24T21:33:00","date_gmt":"2022-11-24T21:33:00","guid":{"rendered":"https:\/\/www.salvatorianas.org.br\/blog\/?p=19285"},"modified":"2022-11-27T08:48:34","modified_gmt":"2022-11-27T08:48:34","slug":"abertura-do-xxv-capitulo-provincial","status":"publish","type":"post","link":"https:\/\/www.salvatorianas.org.br\/blog\/abertura-do-xxv-capitulo-provincial\/","title":{"rendered":"Abertura do XXV Cap\u00edtulo Provincial"},"content":{"rendered":"\n<p>Com o tema: \u201c<strong>O que vimos, ouvimos, experimentamos vos anunciamos<\/strong>\u201d, deu in\u00edcio o XXV Cap\u00edtulo Provincial na manh\u00e3 do dia 24 de novembro de 2022, em Lages\/SC. Est\u00e3o participando do Cap\u00edtulo 53 Irm\u00e3s capitulares do Brasil e Mo\u00e7ambique mais 16 convidados, entre eles os Provinciais das Irm\u00e3s da Prov\u00edncia S\u00e3o Paulo e dos Padres Salvatorianos, o casal de leigos Coordenadores da ADS, formandas e lideran\u00e7as leigas.<\/p>\n\n\n\n<p>Iniciamos com a acolhida da Ir. Sandra Regina Alves de Souza, Coordenadora Provincial, que fez a abertura oficial do Cap\u00edtulo acolhendo todos os participantes. \u201cComo vivemos em processo, o cap\u00edtulo \u00e9 aquela parada obrigat\u00f3ria para olhar o caminho de diferentes perspectivas, revitalizar as for\u00e7as, colocar azeite na lamparina, beber uma \u00e1gua fresca e continuar a caminhada&#8230; \u201c\u00c9 tempo de travessia, \u00e9 tempo de caminhar&#8230; Queremos viver esse cap\u00edtulo em chave mission\u00e1ria a fim de dar novo impulso ao carisma para que se expresse com mais vigor e dinamismo em nossos dias\u201d, enfatizou Ir. Sandra.<\/p>\n\n\n\n<p>Ap\u00f3s, foi dado in\u00edcio a celebra\u00e7\u00e3o de abertura, invocando a presen\u00e7a do Esp\u00edrito Santo, para discernir e viver esse momento hist\u00f3rico, deixando que a sua Luz guie e conduza como salvatorianas\/os comprometidas\/os com a ressignifica\u00e7\u00e3o de nossa vida em miss\u00e3o. Durante a celebra\u00e7\u00e3o foram introduzidas as rel\u00edquias dos Bem-aventurados Francisco Jordan e Maria dos Ap\u00f3stolos.<\/p>\n\n\n\n<p>Na sequ\u00eancia, Ir. Sandra convidou a nova Equipe de Coordena\u00e7\u00e3o Provincial para se apresentar a assembleia capitular, a qual foi acolhida por todos com uma grande salva de palmas. Dando continuidade, Ir. Dulcelene Ceccato facilitadora do Cap\u00edtulo, apresentou o percurso a ser trilhado neste XXV Cap\u00edtulo Provincial a partir do objetivo principal do Cap\u00edtulo que \u00e9 celebrar, escutar e discernir a vida-miss\u00e3o da prov\u00edncia para ousar presen\u00e7as e a\u00e7\u00f5es mais prof\u00e9ticas em nosso processo de ressignifica\u00e7\u00e3o apost\u00f3lico-mission\u00e1ria, numa Igreja sinodal e em sa\u00edda e num contexto mundial em crise.<\/p>\n\n\n\n<p>O Cap\u00edtulo conta com a assessoria da Ir. Regina da Costa Pedro, da Congrega\u00e7\u00e3o Mission\u00e1rias da Imaculada (PIME), que trabalhou com os participantes o tema &#8211; <strong>Miss\u00e3o ad gentes: mudan\u00e7as de paradigmas.<\/strong> Durante a sua explana\u00e7\u00e3o sinalizou que a compreens\u00e3o da miss\u00e3o ao longo dos tempos foi norteada por paradigmas que nasceram e se desenvolveram dentro de um contexto espec\u00edfico, trazendo consequ\u00eancias para as escolhas concretas vividas pela Igreja como um todo. No decorrer de sua fala destacou que a miss\u00e3o tem como primeira tarefa a de construir pontes de encontro, de comunica\u00e7\u00e3o, de reconcilia\u00e7\u00e3o. \u201cN\u00e3o faltaram evangelizadores que proclamavam explicitamente a Boa Nova, mas foi prevalentemente o testemunho informal, alegre e quotidiano dos simples crist\u00e3os que atraiu novos disc\u00edpulos\u201d, destacou a Ir. Regina.<\/p>\n\n\n\n<p>Neste dia, foi realizado a partilha do Relat\u00f3rio de atividades da Equipe de Coordena\u00e7\u00e3o Provincial do quadri\u00eanio 2019-2022, que convidou todas as comunidades a destacarem pontos relevantes para partilhar na assembleia capitular, esta partilha resultou na confec\u00e7\u00e3o simb\u00f3lica de uma linda flor, fazendo mem\u00f3ria da caminhada de ressegnifica\u00e7\u00e3o .<\/p>\n\n\n\n<p>O primeiro dia do Cap\u00edtulo Provincial finalizou com a Celebra\u00e7\u00e3o Eucar\u00edstica, presidida por Dom Guilherme Ant\u00f4nio Werlang.<\/p>\n\n\n\n<figure class=\"wp-block-image size-large\"><img decoding=\"async\" loading=\"lazy\" width=\"1024\" height=\"678\" src=\"https:\/\/www.salvatorianas.org.br\/blog\/wp-content\/uploads\/2022\/11\/01-2-1024x678.jpg\" alt=\"\" class=\"wp-image-19288\" srcset=\"https:\/\/www.salvatorianas.org.br\/blog\/wp-content\/uploads\/2022\/11\/01-2-1024x678.jpg 1024w, https:\/\/www.salvatorianas.org.br\/blog\/wp-content\/uploads\/2022\/11\/01-2-300x199.jpg 300w, https:\/\/www.salvatorianas.org.br\/blog\/wp-content\/uploads\/2022\/11\/01-2-768x509.jpg 768w, https:\/\/www.salvatorianas.org.br\/blog\/wp-content\/uploads\/2022\/11\/01-2-1536x1017.jpg 1536w, https:\/\/www.salvatorianas.org.br\/blog\/wp-content\/uploads\/2022\/11\/01-2-2048x1356.jpg 2048w\" sizes=\"(max-width: 1024px) 100vw, 1024px\" \/><\/figure>\n\n\n\n<figure class=\"wp-block-image size-large is-style-default\"><img decoding=\"async\" loading=\"lazy\" width=\"1024\" height=\"678\" src=\"https:\/\/www.salvatorianas.org.br\/blog\/wp-content\/uploads\/2022\/11\/02-2-1024x678.jpg\" alt=\"\" class=\"wp-image-19289\" srcset=\"https:\/\/www.salvatorianas.org.br\/blog\/wp-content\/uploads\/2022\/11\/02-2-1024x678.jpg 1024w, https:\/\/www.salvatorianas.org.br\/blog\/wp-content\/uploads\/2022\/11\/02-2-300x199.jpg 300w, https:\/\/www.salvatorianas.org.br\/blog\/wp-content\/uploads\/2022\/11\/02-2-768x509.jpg 768w, https:\/\/www.salvatorianas.org.br\/blog\/wp-content\/uploads\/2022\/11\/02-2-1536x1017.jpg 1536w, https:\/\/www.salvatorianas.org.br\/blog\/wp-content\/uploads\/2022\/11\/02-2-2048x1356.jpg 2048w\" sizes=\"(max-width: 1024px) 100vw, 1024px\" \/><\/figure>\n\n\n\n<figure class=\"wp-block-image size-large\"><img decoding=\"async\" loading=\"lazy\" width=\"1024\" height=\"678\" src=\"https:\/\/www.salvatorianas.org.br\/blog\/wp-content\/uploads\/2022\/11\/04-1-1024x678.jpg\" alt=\"\" class=\"wp-image-19290\" srcset=\"https:\/\/www.salvatorianas.org.br\/blog\/wp-content\/uploads\/2022\/11\/04-1-1024x678.jpg 1024w, https:\/\/www.salvatorianas.org.br\/blog\/wp-content\/uploads\/2022\/11\/04-1-300x199.jpg 300w, https:\/\/www.salvatorianas.org.br\/blog\/wp-content\/uploads\/2022\/11\/04-1-768x509.jpg 768w, https:\/\/www.salvatorianas.org.br\/blog\/wp-content\/uploads\/2022\/11\/04-1-1536x1017.jpg 1536w, https:\/\/www.salvatorianas.org.br\/blog\/wp-content\/uploads\/2022\/11\/04-1-2048x1356.jpg 2048w\" sizes=\"(max-width: 1024px) 100vw, 1024px\" \/><\/figure>\n\n\n\n<figure class=\"wp-block-image size-large\"><img decoding=\"async\" loading=\"lazy\" width=\"1024\" height=\"678\" src=\"https:\/\/www.salvatorianas.org.br\/blog\/wp-content\/uploads\/2022\/11\/07-1-1024x678.jpg\" alt=\"\" class=\"wp-image-19291\" srcset=\"https:\/\/www.salvatorianas.org.br\/blog\/wp-content\/uploads\/2022\/11\/07-1-1024x678.jpg 1024w, https:\/\/www.salvatorianas.org.br\/blog\/wp-content\/uploads\/2022\/11\/07-1-300x199.jpg 300w, https:\/\/www.salvatorianas.org.br\/blog\/wp-content\/uploads\/2022\/11\/07-1-768x509.jpg 768w, https:\/\/www.salvatorianas.org.br\/blog\/wp-content\/uploads\/2022\/11\/07-1-1536x1017.jpg 1536w, https:\/\/www.salvatorianas.org.br\/blog\/wp-content\/uploads\/2022\/11\/07-1-2048x1356.jpg 2048w\" sizes=\"(max-width: 1024px) 100vw, 1024px\" \/><\/figure>\n\n\n\n<figure class=\"wp-block-image size-large\"><img decoding=\"async\" loading=\"lazy\" width=\"1024\" height=\"678\" src=\"https:\/\/www.salvatorianas.org.br\/blog\/wp-content\/uploads\/2022\/11\/12-1-1024x678.jpg\" alt=\"\" class=\"wp-image-19292\" srcset=\"https:\/\/www.salvatorianas.org.br\/blog\/wp-content\/uploads\/2022\/11\/12-1-1024x678.jpg 1024w, https:\/\/www.salvatorianas.org.br\/blog\/wp-content\/uploads\/2022\/11\/12-1-300x199.jpg 300w, https:\/\/www.salvatorianas.org.br\/blog\/wp-content\/uploads\/2022\/11\/12-1-768x509.jpg 768w, https:\/\/www.salvatorianas.org.br\/blog\/wp-content\/uploads\/2022\/11\/12-1-1536x1017.jpg 1536w, https:\/\/www.salvatorianas.org.br\/blog\/wp-content\/uploads\/2022\/11\/12-1-2048x1356.jpg 2048w\" sizes=\"(max-width: 1024px) 100vw, 1024px\" \/><\/figure>\n\n\n\n<figure class=\"wp-block-image size-large\"><img decoding=\"async\" loading=\"lazy\" width=\"1024\" height=\"678\" src=\"https:\/\/www.salvatorianas.org.br\/blog\/wp-content\/uploads\/2022\/11\/14-1-1024x678.jpg\" alt=\"\" class=\"wp-image-19293\" srcset=\"https:\/\/www.salvatorianas.org.br\/blog\/wp-content\/uploads\/2022\/11\/14-1-1024x678.jpg 1024w, https:\/\/www.salvatorianas.org.br\/blog\/wp-content\/uploads\/2022\/11\/14-1-300x199.jpg 300w, https:\/\/www.salvatorianas.org.br\/blog\/wp-content\/uploads\/2022\/11\/14-1-768x509.jpg 768w, https:\/\/www.salvatorianas.org.br\/blog\/wp-content\/uploads\/2022\/11\/14-1-1536x1017.jpg 1536w, https:\/\/www.salvatorianas.org.br\/blog\/wp-content\/uploads\/2022\/11\/14-1-2048x1356.jpg 2048w\" sizes=\"(max-width: 1024px) 100vw, 1024px\" \/><\/figure>\n\n\n\n<figure class=\"wp-block-image size-large\"><img decoding=\"async\" loading=\"lazy\" width=\"1024\" height=\"678\" src=\"https:\/\/www.salvatorianas.org.br\/blog\/wp-content\/uploads\/2022\/11\/15-1-1024x678.jpg\" alt=\"\" class=\"wp-image-19295\" srcset=\"https:\/\/www.salvatorianas.org.br\/blog\/wp-content\/uploads\/2022\/11\/15-1-1024x678.jpg 1024w, https:\/\/www.salvatorianas.org.br\/blog\/wp-content\/uploads\/2022\/11\/15-1-300x199.jpg 300w, https:\/\/www.salvatorianas.org.br\/blog\/wp-content\/uploads\/2022\/11\/15-1-768x509.jpg 768w, https:\/\/www.salvatorianas.org.br\/blog\/wp-content\/uploads\/2022\/11\/15-1-1536x1017.jpg 1536w, https:\/\/www.salvatorianas.org.br\/blog\/wp-content\/uploads\/2022\/11\/15-1-2048x1356.jpg 2048w\" sizes=\"(max-width: 1024px) 100vw, 1024px\" \/><\/figure>\n\n\n\n<figure class=\"wp-block-image size-large\"><img decoding=\"async\" loading=\"lazy\" width=\"1024\" height=\"678\" src=\"https:\/\/www.salvatorianas.org.br\/blog\/wp-content\/uploads\/2022\/11\/17-1-1024x678.jpg\" alt=\"\" class=\"wp-image-19296\" srcset=\"https:\/\/www.salvatorianas.org.br\/blog\/wp-content\/uploads\/2022\/11\/17-1-1024x678.jpg 1024w, https:\/\/www.salvatorianas.org.br\/blog\/wp-content\/uploads\/2022\/11\/17-1-300x199.jpg 300w, https:\/\/www.salvatorianas.org.br\/blog\/wp-content\/uploads\/2022\/11\/17-1-768x509.jpg 768w, https:\/\/www.salvatorianas.org.br\/blog\/wp-content\/uploads\/2022\/11\/17-1-1536x1017.jpg 1536w, https:\/\/www.salvatorianas.org.br\/blog\/wp-content\/uploads\/2022\/11\/17-1-2048x1356.jpg 2048w\" sizes=\"(max-width: 1024px) 100vw, 1024px\" \/><\/figure>\n\n\n\n<figure class=\"wp-block-image size-large\"><img decoding=\"async\" loading=\"lazy\" width=\"1024\" height=\"678\" src=\"https:\/\/www.salvatorianas.org.br\/blog\/wp-content\/uploads\/2022\/11\/17-2-1024x678.jpg\" alt=\"\" class=\"wp-image-19297\" srcset=\"https:\/\/www.salvatorianas.org.br\/blog\/wp-content\/uploads\/2022\/11\/17-2-1024x678.jpg 1024w, https:\/\/www.salvatorianas.org.br\/blog\/wp-content\/uploads\/2022\/11\/17-2-300x199.jpg 300w, https:\/\/www.salvatorianas.org.br\/blog\/wp-content\/uploads\/2022\/11\/17-2-768x509.jpg 768w, https:\/\/www.salvatorianas.org.br\/blog\/wp-content\/uploads\/2022\/11\/17-2-1536x1017.jpg 1536w, https:\/\/www.salvatorianas.org.br\/blog\/wp-content\/uploads\/2022\/11\/17-2-2048x1356.jpg 2048w\" sizes=\"(max-width: 1024px) 100vw, 1024px\" \/><\/figure>\n\n\n\n<figure class=\"wp-block-image size-large\"><img decoding=\"async\" loading=\"lazy\" width=\"1024\" height=\"678\" src=\"https:\/\/www.salvatorianas.org.br\/blog\/wp-content\/uploads\/2022\/11\/21-1-1024x678.jpg\" alt=\"\" class=\"wp-image-19298\" srcset=\"https:\/\/www.salvatorianas.org.br\/blog\/wp-content\/uploads\/2022\/11\/21-1-1024x678.jpg 1024w, https:\/\/www.salvatorianas.org.br\/blog\/wp-content\/uploads\/2022\/11\/21-1-300x199.jpg 300w, https:\/\/www.salvatorianas.org.br\/blog\/wp-content\/uploads\/2022\/11\/21-1-768x509.jpg 768w, https:\/\/www.salvatorianas.org.br\/blog\/wp-content\/uploads\/2022\/11\/21-1-1536x1017.jpg 1536w, https:\/\/www.salvatorianas.org.br\/blog\/wp-content\/uploads\/2022\/11\/21-1-2048x1356.jpg 2048w\" sizes=\"(max-width: 1024px) 100vw, 1024px\" \/><\/figure>\n\n\n\n<figure class=\"wp-block-image size-large\"><img decoding=\"async\" loading=\"lazy\" width=\"1024\" height=\"678\" src=\"https:\/\/www.salvatorianas.org.br\/blog\/wp-content\/uploads\/2022\/11\/25-1-1024x678.jpg\" alt=\"\" class=\"wp-image-19299\" srcset=\"https:\/\/www.salvatorianas.org.br\/blog\/wp-content\/uploads\/2022\/11\/25-1-1024x678.jpg 1024w, https:\/\/www.salvatorianas.org.br\/blog\/wp-content\/uploads\/2022\/11\/25-1-300x199.jpg 300w, https:\/\/www.salvatorianas.org.br\/blog\/wp-content\/uploads\/2022\/11\/25-1-768x509.jpg 768w, https:\/\/www.salvatorianas.org.br\/blog\/wp-content\/uploads\/2022\/11\/25-1-1536x1017.jpg 1536w, https:\/\/www.salvatorianas.org.br\/blog\/wp-content\/uploads\/2022\/11\/25-1-2048x1356.jpg 2048w\" sizes=\"(max-width: 1024px) 100vw, 1024px\" \/><\/figure>\n","protected":false},"excerpt":{"rendered":"<p>Com o tema: \u201cO que vimos, ouvimos, experimentamos vos anunciamos\u201d, deu in\u00edcio o XXV Cap\u00edtulo Provincial na manh\u00e3 do dia 24 de novembro de 2022, em Lages\/SC. Est\u00e3o participando do Cap\u00edtulo 53 Irm\u00e3s&#8230;<\/p>\n","protected":false},"author":2,"featured_media":19286,"comment_status":"open","ping_status":"open","sticky":false,"template":"","format":"standard","meta":[],"categories":[1],"tags":[],"_links":{"self":[{"href":"https:\/\/www.salvatorianas.org.br\/blog\/wp-json\/wp\/v2\/posts\/19285"}],"collection":[{"href":"https:\/\/www.salvatorianas.org.br\/blog\/wp-json\/wp\/v2\/posts"}],"about":[{"href":"https:\/\/www.salvatorianas.org.br\/blog\/wp-json\/wp\/v2\/types\/post"}],"author":[{"embeddable":true,"href":"https:\/\/www.salvatorianas.org.br\/blog\/wp-json\/wp\/v2\/users\/2"}],"replies":[{"embeddable":true,"href":"https:\/\/www.salvatorianas.org.br\/blog\/wp-json\/wp\/v2\/comments?post=19285"}],"version-history":[{"count":3,"href":"https:\/\/www.salvatorianas.org.br\/blog\/wp-json\/wp\/v2\/posts\/19285\/revisions"}],"predecessor-version":[{"id":19301,"href":"https:\/\/www.salvatorianas.org.br\/blog\/wp-json\/wp\/v2\/posts\/19285\/revisions\/19301"}],"wp:featuredmedia":[{"embeddable":true,"href":"https:\/\/www.salvatorianas.org.br\/blog\/wp-json\/wp\/v2\/media\/19286"}],"wp:attachment":[{"href":"https:\/\/www.salvatorianas.org.br\/blog\/wp-json\/wp\/v2\/media?parent=19285"}],"wp:term":[{"taxonomy":"category","embeddable":true,"href":"https:\/\/www.salvatorianas.org.br\/blog\/wp-json\/wp\/v2\/categories?post=19285"},{"taxonomy":"post_tag","embeddable":true,"href":"https:\/\/www.salvatorianas.org.br\/blog\/wp-json\/wp\/v2\/tags?post=19285"}],"curies":[{"name":"wp","href":"https:\/\/api.w.org\/{rel}","templated":true}]}}