{"id":19281,"date":"2022-11-23T01:37:00","date_gmt":"2022-11-23T01:37:00","guid":{"rendered":"https:\/\/www.salvatorianas.org.br\/blog\/?p=19281"},"modified":"2022-11-22T22:40:24","modified_gmt":"2022-11-22T22:40:24","slug":"quarta-feira-34a-semana-do-tempo-comum","status":"publish","type":"post","link":"https:\/\/www.salvatorianas.org.br\/blog\/quarta-feira-34a-semana-do-tempo-comum\/","title":{"rendered":"Quarta-feira &#8211; 34\u00aa Semana do Tempo Comum"},"content":{"rendered":"\n<h3 class=\"wp-block-heading\">Ora\u00e7\u00e3o do dia<\/h3>\n\n\n\n<p>Levantai, \u00f3 Deus, o \u00e2nimo dos vossos filhos e filhas, para que, aproveitando melhor as vossas gra\u00e7as, obtenham de vossa paternal bondade mais poderosos aux\u00edlios. Por Nosso Senhor Jesus Cristo, Vosso Filho, na unidade do Esp\u00edrito Santo.<\/p>\n\n\n\n<h3 class=\"wp-block-heading\">Leitura &#8211;&nbsp;Apocalipse 15,1-4<\/h3>\n\n\n\n<p>Leitura do livro do Apocalipse de s\u00e3o Jo\u00e3o.<\/p>\n\n\n\n<p>15 1 Vi ainda, no c\u00e9u, outro sinal, grande e maravilhoso: sete Anjos que tinham os sete \u00faltimos flagelos, porque por eles \u00e9 que se deve consumar a ira de Deus.<\/p>\n\n\n\n<p>2 Vi tamb\u00e9m como que um mar transparente, irisado de fogo, e os vencedores, que haviam escapado \u00e0 Fera, \u00e0 sua imagem e ao n\u00famero do seu nome, conservavam-se de p\u00e9 sobre esse mar com as c\u00edtaras de Deus.<\/p>\n\n\n\n<p>3 Cantavam o c\u00e2ntico de Mois\u00e9s, o servo de Deus, e o c\u00e2ntico do Cordeiro, dizendo: \u201cGrandes e admir\u00e1veis s\u00e3o as tuas obras, Senhor Deus Dominador. Justos e verdadeiros s\u00e3o os teus caminhos, \u00f3 Rei das na\u00e7\u00f5es!<\/p>\n\n\n\n<p>4 Quem n\u00e3o temer\u00e1, Senhor, e n\u00e3o glorificar\u00e1 o teu nome? S\u00f3 tu \u00e9s santo e todas as na\u00e7\u00f5es vir\u00e3o prostrar-se diante de ti, porque se tornou manifesta a retid\u00e3o dos teus ju\u00edzos\u201d.<\/p>\n\n\n\n<p>Palavra do Senhor.<\/p>\n\n\n\n<h3 class=\"wp-block-heading\">Salmo Responsorial &#8211;&nbsp;97\/98<\/h3>\n\n\n\n<p><strong>Como s\u00e3o grandes e admir\u00e1veis vossas obras,<\/strong><\/p>\n\n\n\n<p><strong>\u00d3 Senhor e nosso Deus onipotente!<\/strong><\/p>\n\n\n\n<p>Cantai ao Senhor Deus um canto novo,<\/p>\n\n\n\n<p>porque ele fez prod\u00edgios!<\/p>\n\n\n\n<p>Sua m\u00e3o e o seu bra\u00e7o forte e santo<\/p>\n\n\n\n<p>alcan\u00e7aram-lhe a vit\u00f3ria.<\/p>\n\n\n\n<p>O Senhor fez conhecer a salva\u00e7\u00e3o,<\/p>\n\n\n\n<p>e, \u00e0s na\u00e7\u00f5es, sua justi\u00e7a;<\/p>\n\n\n\n<p>recordou o seu amor sempre fiel<\/p>\n\n\n\n<p>pela casa de Israel.<\/p>\n\n\n\n<p>Aplauda o mar com todo ser que nele vive,<\/p>\n\n\n\n<p>o mundo inteiro e toda gente!<\/p>\n\n\n\n<p>As montanhas e os rios batam palmas<\/p>\n\n\n\n<p>e exultem de alegria.<\/p>\n\n\n\n<p>Na presen\u00e7a do Senhor, pois ele vem,<\/p>\n\n\n\n<p>vem julgar a terra inteira.<\/p>\n\n\n\n<p>Julgar\u00e1 o universo com justi\u00e7a<\/p>\n\n\n\n<p>e as na\u00e7\u00f5es com equidade.<\/p>\n\n\n\n<h3 class=\"wp-block-heading\">Leitura &#8211;<\/h3>\n\n\n\n<h3 class=\"wp-block-heading\">Evangelho &#8211;&nbsp;Lucas 21,12-19<\/h3>\n\n\n\n<p>Aleluia, aleluia, aleluia.<\/p>\n\n\n\n<p>Permanece fiel at\u00e9 a morte e a coroa da vida eu te darei! (Ap 2,10)<\/p>\n\n\n\n<p>Proclama\u00e7\u00e3o do Evangelho de Jesus Cristo segundo Lucas.<\/p>\n\n\n\n<p>Naquele tempo, 21 12 disse Jesus aos seus disc\u00edpulos: \u201cAntes de tudo isso, vos lan\u00e7ar\u00e3o as m\u00e3os e vos perseguir\u00e3o, entregando-vos \u00e0s sinagogas e aos c\u00e1rceres, levando-vos \u00e0 presen\u00e7a dos reis e dos governadores, por causa de mim.<\/p>\n\n\n\n<p>13 Isto vos acontecer\u00e1 para que vos sirva de testemunho.<\/p>\n\n\n\n<p>14 Gravai bem no vosso esp\u00edrito de n\u00e3o preparar vossa defesa,<\/p>\n\n\n\n<p>15 porque eu vos darei uma palavra cheia de sabedoria, \u00e0 qual n\u00e3o poder\u00e3o resistir nem contradizer os vossos advers\u00e1rios.<\/p>\n\n\n\n<p>16 Sereis entregues at\u00e9 por vossos pais, vossos irm\u00e3os, vossos parentes e vossos amigos, e matar\u00e3o muitos de v\u00f3s.<\/p>\n\n\n\n<p>17 Sereis odiados por todos por causa do meu nome.<\/p>\n\n\n\n<p>18 Entretanto, n\u00e3o se perder\u00e1 um s\u00f3 cabelo da vossa cabe\u00e7a.<\/p>\n\n\n\n<p>19 \u00c9 pela vossa const\u00e2ncia que alcan\u00e7areis a vossa salva\u00e7\u00e3o\u201d.<\/p>\n\n\n\n<p>Palavra da Salva\u00e7\u00e3o.<\/p>\n\n\n\n<h3 class=\"wp-block-heading\">Coment\u00e1rio ao Evangelho<\/h3>\n\n\n\n<p>A PERSEVERAN\u00c7A QUE SALVA<\/p>\n\n\n\n<p>O futuro dos disc\u00edpulos do Reino descortina-se num horizonte de persegui\u00e7\u00f5es, falsos testemunhos, pris\u00f5es e at\u00e9 de morte. Essa seria a sorte de Jesus. N\u00e3o poderia ser diferente a de quem, como ele, assumiu id\u00eantico projeto de fidelidade ao Reino.<\/p>\n\n\n\n<p>Exige-se, do disc\u00edpulo, coragem e perseveran\u00e7a. O disc\u00edpulo corajoso n\u00e3o teme diante da perspectiva de ser levado perante reis e governadores, por causa de sua f\u00e9. E saber\u00e1 desempenhar sua miss\u00e3o de servidor do Reino at\u00e9 as \u00faltimas consequ\u00eancias. O disc\u00edpulo perseverante n\u00e3o fica a meio caminho, nem se deixa vencer pelo des\u00e2nimo ou cansa\u00e7o. Sua f\u00e9 est\u00e1 t\u00e3o solidamente fundada, que arrisca tudo para atingir sua meta: a comunh\u00e3o definitiva com o Pai.<\/p>\n\n\n\n<p>Fator de seguran\u00e7a \u00e9 a promessa de Jesus: colocar na boca do disc\u00edpulo corajoso e perseverante as palavras necess\u00e1rias para se defender diante das cal\u00fanias e dos falsos testemunhos. Ele pode se despreocupar, porque lhe ser\u00e1 dada uma sabedoria, de origem divina, a qual ningu\u00e9m ser\u00e1 capaz de contradizer.<\/p>\n\n\n\n<p>Portanto, o disc\u00edpulo goza da cont\u00ednua assist\u00eancia do Esp\u00edrito Santo, do qual lhe vem a for\u00e7a para resistir, mesmo \u00e0 press\u00e3o de seus entes queridos. Desta forma, dar\u00e1 testemunho do senhorio de Deus em sua vida e ser\u00e1 sinal do Reino para seus pr\u00f3prios perseguidores.<\/p>\n","protected":false},"excerpt":{"rendered":"<p>Ora\u00e7\u00e3o do dia Levantai, \u00f3 Deus, o \u00e2nimo dos vossos filhos e filhas, para que, aproveitando melhor as vossas gra\u00e7as, obtenham de vossa paternal bondade mais poderosos aux\u00edlios. Por Nosso Senhor Jesus Cristo,&#8230;<\/p>\n","protected":false},"author":2,"featured_media":19282,"comment_status":"open","ping_status":"open","sticky":false,"template":"","format":"standard","meta":[],"categories":[7],"tags":[],"_links":{"self":[{"href":"https:\/\/www.salvatorianas.org.br\/blog\/wp-json\/wp\/v2\/posts\/19281"}],"collection":[{"href":"https:\/\/www.salvatorianas.org.br\/blog\/wp-json\/wp\/v2\/posts"}],"about":[{"href":"https:\/\/www.salvatorianas.org.br\/blog\/wp-json\/wp\/v2\/types\/post"}],"author":[{"embeddable":true,"href":"https:\/\/www.salvatorianas.org.br\/blog\/wp-json\/wp\/v2\/users\/2"}],"replies":[{"embeddable":true,"href":"https:\/\/www.salvatorianas.org.br\/blog\/wp-json\/wp\/v2\/comments?post=19281"}],"version-history":[{"count":1,"href":"https:\/\/www.salvatorianas.org.br\/blog\/wp-json\/wp\/v2\/posts\/19281\/revisions"}],"predecessor-version":[{"id":19283,"href":"https:\/\/www.salvatorianas.org.br\/blog\/wp-json\/wp\/v2\/posts\/19281\/revisions\/19283"}],"wp:featuredmedia":[{"embeddable":true,"href":"https:\/\/www.salvatorianas.org.br\/blog\/wp-json\/wp\/v2\/media\/19282"}],"wp:attachment":[{"href":"https:\/\/www.salvatorianas.org.br\/blog\/wp-json\/wp\/v2\/media?parent=19281"}],"wp:term":[{"taxonomy":"category","embeddable":true,"href":"https:\/\/www.salvatorianas.org.br\/blog\/wp-json\/wp\/v2\/categories?post=19281"},{"taxonomy":"post_tag","embeddable":true,"href":"https:\/\/www.salvatorianas.org.br\/blog\/wp-json\/wp\/v2\/tags?post=19281"}],"curies":[{"name":"wp","href":"https:\/\/api.w.org\/{rel}","templated":true}]}}