{"id":19278,"date":"2022-11-22T11:39:40","date_gmt":"2022-11-22T11:39:40","guid":{"rendered":"https:\/\/www.salvatorianas.org.br\/blog\/?p=19278"},"modified":"2022-11-22T11:39:41","modified_gmt":"2022-11-22T11:39:41","slug":"santa-cecilia-virgem-e-martir","status":"publish","type":"post","link":"https:\/\/www.salvatorianas.org.br\/blog\/santa-cecilia-virgem-e-martir\/","title":{"rendered":"Santa Cec\u00edlia, virgem e m\u00e1rtir"},"content":{"rendered":"\n<h3 class=\"wp-block-heading\">Ora\u00e7\u00e3o do dia<\/h3>\n\n\n\n<p>\u00d3 Deus, sede favor\u00e1vel \u00e0s nossas preces pela intercess\u00e3o de santa Cec\u00edlia. Por Nosso Senhor Jesus Cristo, Vosso Filho, na unidade do Esp\u00edrito Santo.<\/p>\n\n\n\n<h3 class=\"wp-block-heading\">Leitura &#8211;&nbsp;Apocalipse 14,14-19<\/h3>\n\n\n\n<p>Leitura do livro do Apocalipse de s\u00e3o Jo\u00e3o.<\/p>\n\n\n\n<p>14 14 Eu vi ainda uma nuvem branca, sobre a qual se sentava como que um \u201cFilho do Homem\u201d, com a cabe\u00e7a cingida de coroa de ouro e na m\u00e3o uma foice afiada.<\/p>\n\n\n\n<p>15 Outro anjo saiu do templo, gritando em voz alta para aquele que estava assentado na nuvem: \u201cLan\u00e7a a tua foice e ceifa, porque \u00e9 chegada a hora de ceifar, pois est\u00e1 madura a seara da terra\u201d.<\/p>\n\n\n\n<p>16 O Ser que estava assentado na nuvem lan\u00e7ou ent\u00e3o a foice \u00e0 terra, e a terra foi ceifada.<\/p>\n\n\n\n<p>17 Outro anjo saiu do templo do c\u00e9u. Tinha tamb\u00e9m uma foice afiada.<\/p>\n\n\n\n<p>18 E outro anjo, aquele que tem poder sobre o fogo, saiu do altar e bradou em alta voz para aquele que tinha a foice afiada: \u201cLan\u00e7a a foice afiada e vindima os cachos da vinha da terra, porque maduras est\u00e3o as suas uvas\u201d.<\/p>\n\n\n\n<p>19 O anjo lan\u00e7ou a sua foice \u00e0 terra e vindimou a vinha da terra, e atirou os cachos no grande lagar da ira de Deus.<\/p>\n\n\n\n<p>Palavra do Senhor.<\/p>\n\n\n\n<h3 class=\"wp-block-heading\">Salmo Responsorial &#8211;&nbsp;95\/96<\/h3>\n\n\n\n<p><strong>O Senhor vem julgar nossa terra.<\/strong><\/p>\n\n\n\n<p>Publicai entre as na\u00e7\u00f5es: \u201cReina o Senhor!\u201d<\/p>\n\n\n\n<p>Ele firmou o universo inabal\u00e1vel,<\/p>\n\n\n\n<p>e os povos ele julga com justi\u00e7a.<\/p>\n\n\n\n<p>O c\u00e9u se rejubile e exulte a terra,<\/p>\n\n\n\n<p>aplauda o mar com o que vive em suas \u00e1guas;<\/p>\n\n\n\n<p>os campos com seus frutos rejubilem<\/p>\n\n\n\n<p>e exultem as florestas e as matas.<\/p>\n\n\n\n<p>Na presen\u00e7a do Senhor, pois ele vem,<\/p>\n\n\n\n<p>porque vem para julgar a terra inteira.<\/p>\n\n\n\n<p>Governar\u00e1 o mundo todo com justi\u00e7a,<\/p>\n\n\n\n<p>e os povos julgar\u00e1 com lealdade.<\/p>\n\n\n\n<h3 class=\"wp-block-heading\">Leitura &#8211;<\/h3>\n\n\n\n<h3 class=\"wp-block-heading\">Evangelho &#8211;&nbsp;Lucas 21,5-11<\/h3>\n\n\n\n<p>Aleluia, aleluia, aleluia.<\/p>\n\n\n\n<p>Permanece fiel at\u00e9 a morte, e a coroa da vida eu te darei! (ap 2,10).<\/p>\n\n\n\n<p>Proclama\u00e7\u00e3o do Evangelho de Jesus Cristo segundo Lucas.<\/p>\n\n\n\n<p>Naquele tempo, 21 5 como chamassem a aten\u00e7\u00e3o de Jesus para a constru\u00e7\u00e3o do templo feito de belas pedras e recamado de ricos donativos, Jesus disse:<\/p>\n\n\n\n<p>6 \u201cDias vir\u00e3o em que destas coisas que vedes n\u00e3o ficar\u00e1 pedra sobre pedra: tudo ser\u00e1 destru\u00eddo\u201d.<\/p>\n\n\n\n<p>7 Ent\u00e3o o interrogaram: \u201cMestre, quando acontecer\u00e1 isso? E que sinal haver\u00e1 para saber-se que isso se vai cumprir?\u201d<\/p>\n\n\n\n<p>8 Jesus respondeu: \u201cVede que n\u00e3o sejais enganados. Muitos vir\u00e3o em meu nome, dizendo: \u2018Sou eu\u2019; e ainda: \u2018O tempo est\u00e1 pr\u00f3ximo\u2019. N\u00e3o sigais ap\u00f3s eles.<\/p>\n\n\n\n<p>9 Quando ouvirdes falar de guerras e de tumultos, n\u00e3o vos assusteis; porque \u00e9 necess\u00e1rio que isso aconte\u00e7a primeiro, mas n\u00e3o vir\u00e1 logo o fim\u201d.<\/p>\n\n\n\n<p>10 Disse-lhes tamb\u00e9m: \u201cLevantar-se-\u00e3o na\u00e7\u00e3o contra na\u00e7\u00e3o e reino contra reino.<\/p>\n\n\n\n<p>11 Haver\u00e1 grandes terremotos por v\u00e1rias partes, fomes e pestes, e aparecer\u00e3o fen\u00f4menos espantosos no c\u00e9u\u201d.<\/p>\n\n\n\n<p>Palavra da Salva\u00e7\u00e3o.<\/p>\n\n\n\n<h3 class=\"wp-block-heading\">Coment\u00e1rio ao Evangelho<\/h3>\n\n\n\n<p>N\u00c3O FICAR\u00c1 PEDRA SOBRE PEDRA<\/p>\n\n\n\n<p>A impon\u00eancia do templo de Jerusal\u00e9m n\u00e3o impressionava Jesus. As belas pedras e os ex-votos que o adornavam, n\u00e3o passavam de exterioridade. Seu fim se aproximava.<\/p>\n\n\n\n<p>A prega\u00e7\u00e3o de Jesus contra o templo situava-se na tradi\u00e7\u00e3o dos antigos profetas de Israel, que o desmitificaram, anunciando-lhe a destrui\u00e7\u00e3o. O templo podia vir a baixo, pois havia perdido sua finalidade, passando a acobertar as injusti\u00e7as cometidas contra o povo. O Deus de Israel fora substitu\u00eddo pelos \u00eddolos. N\u00e3o tinha sentido acobertar com a capa da f\u00e9 uma idolatria desenfreada, com s\u00e9rias consequ\u00eancias para a vida do povo pobre.<\/p>\n\n\n\n<p>A situa\u00e7\u00e3o n\u00e3o era muito diferente no tempo de Jesus. O templo e o sacerd\u00f3cio estavam sob o dom\u00ednio de uma aristocracia pouco preocupada com os pobres do Pa\u00eds. O templo n\u00e3o era mais a casa do Deus verdadeiro, e sim, de falsos deuses que n\u00e3o questionavam a injusti\u00e7a cometida contra os indefesos, nem a marginaliza\u00e7\u00e3o em que se encontrava grande parte da popula\u00e7\u00e3o. Eram os deuses dos privilegiados e beneficiados pelo sistema. Portanto, n\u00e3o era o Deus do Reino anunciado por Jesus.<\/p>\n\n\n\n<p>A destrui\u00e7\u00e3o do templo eliminaria a falsa seguran\u00e7a religiosa de muita gente. E evitaria que se servissem do nome de Deus para acobertar maldades cometidas em nome da f\u00e9. \u00c9 blasf\u00eamia fazer o Deus verdadeiro compactuar com a injusti\u00e7a.<\/p>\n","protected":false},"excerpt":{"rendered":"<p>Ora\u00e7\u00e3o do dia \u00d3 Deus, sede favor\u00e1vel \u00e0s nossas preces pela intercess\u00e3o de santa Cec\u00edlia. Por Nosso Senhor Jesus Cristo, Vosso Filho, na unidade do Esp\u00edrito Santo. Leitura &#8211;&nbsp;Apocalipse 14,14-19 Leitura do livro&#8230;<\/p>\n","protected":false},"author":2,"featured_media":19279,"comment_status":"open","ping_status":"open","sticky":false,"template":"","format":"standard","meta":[],"categories":[7],"tags":[],"_links":{"self":[{"href":"https:\/\/www.salvatorianas.org.br\/blog\/wp-json\/wp\/v2\/posts\/19278"}],"collection":[{"href":"https:\/\/www.salvatorianas.org.br\/blog\/wp-json\/wp\/v2\/posts"}],"about":[{"href":"https:\/\/www.salvatorianas.org.br\/blog\/wp-json\/wp\/v2\/types\/post"}],"author":[{"embeddable":true,"href":"https:\/\/www.salvatorianas.org.br\/blog\/wp-json\/wp\/v2\/users\/2"}],"replies":[{"embeddable":true,"href":"https:\/\/www.salvatorianas.org.br\/blog\/wp-json\/wp\/v2\/comments?post=19278"}],"version-history":[{"count":1,"href":"https:\/\/www.salvatorianas.org.br\/blog\/wp-json\/wp\/v2\/posts\/19278\/revisions"}],"predecessor-version":[{"id":19280,"href":"https:\/\/www.salvatorianas.org.br\/blog\/wp-json\/wp\/v2\/posts\/19278\/revisions\/19280"}],"wp:featuredmedia":[{"embeddable":true,"href":"https:\/\/www.salvatorianas.org.br\/blog\/wp-json\/wp\/v2\/media\/19279"}],"wp:attachment":[{"href":"https:\/\/www.salvatorianas.org.br\/blog\/wp-json\/wp\/v2\/media?parent=19278"}],"wp:term":[{"taxonomy":"category","embeddable":true,"href":"https:\/\/www.salvatorianas.org.br\/blog\/wp-json\/wp\/v2\/categories?post=19278"},{"taxonomy":"post_tag","embeddable":true,"href":"https:\/\/www.salvatorianas.org.br\/blog\/wp-json\/wp\/v2\/tags?post=19278"}],"curies":[{"name":"wp","href":"https:\/\/api.w.org\/{rel}","templated":true}]}}