{"id":19268,"date":"2022-11-21T21:39:50","date_gmt":"2022-11-21T21:39:50","guid":{"rendered":"https:\/\/www.salvatorianas.org.br\/blog\/?p=19268"},"modified":"2022-11-21T23:32:22","modified_gmt":"2022-11-21T23:32:22","slug":"celebracao-interprovincial-de-abertura-do-3o-ano-vocacional","status":"publish","type":"post","link":"https:\/\/www.salvatorianas.org.br\/blog\/celebracao-interprovincial-de-abertura-do-3o-ano-vocacional\/","title":{"rendered":"CELEBRA\u00c7\u00c3O INTERPROVINCIAL DE ABERTURA DO  3\u00ba ANO VOCACIONAL"},"content":{"rendered":"\n<p>Irm\u00e3s e formandas salvatorianas estiveram reunidas nesta segunda-feira, 21 de novembro, para celebrar a abertura do 3\u00ba ano Vocacional no Brasil, que traz o tema \u201c<strong>Voca\u00e7\u00e3o: gra\u00e7a e miss\u00e3o<\/strong>\u201d e o lema <strong>\u201cCora\u00e7\u00f5es ardentes, p\u00e9s a caminho\u201d (<em>cf. Lc 24, 32-33<\/em>)<\/strong>. \u00a0O objetivo principal do Ano Vocacional \u00e9 \u201cpromover a cultura vocacional nas comunidades eclesiais, nas fam\u00edlias e na sociedade, para que sejam ambientes favor\u00e1veis ao despertar de todas as voca\u00e7\u00f5es, como gra\u00e7a e miss\u00e3o, a servi\u00e7o do Reino de Deus.\u201d<\/p>\n\n\n\n<p>Durante a celebra\u00e7\u00e3o foi poss\u00edvel contemplar os mosaicos comunit\u00e1rios que expressam o partilhar da voca\u00e7\u00e3o de cada irm\u00e3 e formanda como gra\u00e7a e miss\u00e3o. Na oportunidade, foi feita uma breve mem\u00f3ria dos anos vocacionais, recordando a presen\u00e7a de Deus que se revela na humanidade, armando sua tenda entre n\u00f3s e em n\u00f3s.<\/p>\n\n\n\n<p>A Celebra\u00e7\u00e3o teve como ilumina\u00e7\u00e3o b\u00edblica o texto de Lucas 24, 32-33, que convidou o grupo a caminhar junto, &nbsp;nesse peregrinar vocacional, ardendo e fazendo arder cora\u00e7\u00f5es. Logo ap\u00f3s a reflex\u00e3o, todas puderam ouvir alguns testemunhos vocacionais de algumas coirm\u00e3s, pautado na pergunta: O que faz arder meu cora\u00e7\u00e3o e colocar meus p\u00e9s a caminho?<\/p>\n\n\n\n<p>No momento do louvor vocacional, algumas comunidades tiveram a alegria de render gra\u00e7as ao Senhor da Vida pela nossa voca\u00e7\u00e3o e miss\u00e3o, uma vez que, o chamado de Jesus ao seu seguimento \u00e9 uma a\u00e7\u00e3o amorosa de Deus, \u00e9 gra\u00e7a transformadora. Deus chama a todos! Ele age em nossa hist\u00f3ria, em nossa caminhada vocacional. &nbsp;<\/p>\n\n\n\n<p>Ao finalizar a celebra\u00e7\u00e3o, o grupo foi convidado a entrar nesta \u201cnova esta\u00e7\u00e3o vocacional, numa Igreja toda ela sinodal\u201d e juntas rezaram a &nbsp;<strong>Ora\u00e7\u00e3o do 3\u00b0 Ano Vocacional<\/strong>:<\/p>\n\n\n\n<p>Senhor Jesus, Enviado do Pai e Ungido do Esp\u00edrito Santo, que fazeis os cora\u00e7\u00f5es arderem e os p\u00e9s se colocarem a caminho, ajudai-nos a discernir a gra\u00e7a do vosso chamado e a urg\u00eancia da miss\u00e3o.<\/p>\n\n\n\n<p>Continuai a encantar fam\u00edlias, crian\u00e7as, adolescentes, jovens e adultos, para que sejam capazes de sonhar e se entregar, com generosidade e vigor, a servi\u00e7o do reino, em vossa Igreja e no mundo.<\/p>\n\n\n\n<p>Despertai as novas gera\u00e7\u00f5es para a voca\u00e7\u00e3o aos Minist\u00e9rios Leigos, ao Matrim\u00f4nio, \u00e0 Vida Consagrada e aos Minist\u00e9rios Ordenados.<\/p>\n\n\n\n<p>Maria, M\u00e3e, Mestra e Disc\u00edpula Mission\u00e1ria, ensinai-nos a ouvir o evangelho da Voca\u00e7\u00e3o e a responder com alegria.<\/p>\n\n\n\n<p>Am\u00e9m!<\/p>\n\n\n\n<p><\/p>\n\n\n\n<figure class=\"wp-block-image size-large\"><img decoding=\"async\" loading=\"lazy\" width=\"1024\" height=\"1024\" src=\"https:\/\/www.salvatorianas.org.br\/blog\/wp-content\/uploads\/2022\/11\/02-1-1024x1024.jpg\" alt=\"\" class=\"wp-image-19272\" srcset=\"https:\/\/www.salvatorianas.org.br\/blog\/wp-content\/uploads\/2022\/11\/02-1-1024x1024.jpg 1024w, https:\/\/www.salvatorianas.org.br\/blog\/wp-content\/uploads\/2022\/11\/02-1-300x300.jpg 300w, https:\/\/www.salvatorianas.org.br\/blog\/wp-content\/uploads\/2022\/11\/02-1-150x150.jpg 150w, https:\/\/www.salvatorianas.org.br\/blog\/wp-content\/uploads\/2022\/11\/02-1-768x768.jpg 768w, https:\/\/www.salvatorianas.org.br\/blog\/wp-content\/uploads\/2022\/11\/02-1.jpg 1080w\" sizes=\"(max-width: 1024px) 100vw, 1024px\" \/><\/figure>\n\n\n\n<figure class=\"wp-block-image size-large\"><img decoding=\"async\" loading=\"lazy\" width=\"1024\" height=\"1024\" src=\"https:\/\/www.salvatorianas.org.br\/blog\/wp-content\/uploads\/2022\/11\/03-1-1024x1024.jpg\" alt=\"\" class=\"wp-image-19273\" srcset=\"https:\/\/www.salvatorianas.org.br\/blog\/wp-content\/uploads\/2022\/11\/03-1-1024x1024.jpg 1024w, https:\/\/www.salvatorianas.org.br\/blog\/wp-content\/uploads\/2022\/11\/03-1-300x300.jpg 300w, https:\/\/www.salvatorianas.org.br\/blog\/wp-content\/uploads\/2022\/11\/03-1-150x150.jpg 150w, https:\/\/www.salvatorianas.org.br\/blog\/wp-content\/uploads\/2022\/11\/03-1-768x768.jpg 768w, https:\/\/www.salvatorianas.org.br\/blog\/wp-content\/uploads\/2022\/11\/03-1.jpg 1080w\" sizes=\"(max-width: 1024px) 100vw, 1024px\" \/><\/figure>\n","protected":false},"excerpt":{"rendered":"<p>Irm\u00e3s e formandas salvatorianas estiveram reunidas nesta segunda-feira, 21 de novembro, para celebrar a abertura do 3\u00ba ano Vocacional no Brasil, que traz o tema \u201cVoca\u00e7\u00e3o: gra\u00e7a e miss\u00e3o\u201d e o lema \u201cCora\u00e7\u00f5es&#8230;<\/p>\n","protected":false},"author":2,"featured_media":19269,"comment_status":"open","ping_status":"open","sticky":false,"template":"","format":"standard","meta":[],"categories":[1],"tags":[],"_links":{"self":[{"href":"https:\/\/www.salvatorianas.org.br\/blog\/wp-json\/wp\/v2\/posts\/19268"}],"collection":[{"href":"https:\/\/www.salvatorianas.org.br\/blog\/wp-json\/wp\/v2\/posts"}],"about":[{"href":"https:\/\/www.salvatorianas.org.br\/blog\/wp-json\/wp\/v2\/types\/post"}],"author":[{"embeddable":true,"href":"https:\/\/www.salvatorianas.org.br\/blog\/wp-json\/wp\/v2\/users\/2"}],"replies":[{"embeddable":true,"href":"https:\/\/www.salvatorianas.org.br\/blog\/wp-json\/wp\/v2\/comments?post=19268"}],"version-history":[{"count":4,"href":"https:\/\/www.salvatorianas.org.br\/blog\/wp-json\/wp\/v2\/posts\/19268\/revisions"}],"predecessor-version":[{"id":19276,"href":"https:\/\/www.salvatorianas.org.br\/blog\/wp-json\/wp\/v2\/posts\/19268\/revisions\/19276"}],"wp:featuredmedia":[{"embeddable":true,"href":"https:\/\/www.salvatorianas.org.br\/blog\/wp-json\/wp\/v2\/media\/19269"}],"wp:attachment":[{"href":"https:\/\/www.salvatorianas.org.br\/blog\/wp-json\/wp\/v2\/media?parent=19268"}],"wp:term":[{"taxonomy":"category","embeddable":true,"href":"https:\/\/www.salvatorianas.org.br\/blog\/wp-json\/wp\/v2\/categories?post=19268"},{"taxonomy":"post_tag","embeddable":true,"href":"https:\/\/www.salvatorianas.org.br\/blog\/wp-json\/wp\/v2\/tags?post=19268"}],"curies":[{"name":"wp","href":"https:\/\/api.w.org\/{rel}","templated":true}]}}