{"id":19265,"date":"2022-11-21T13:02:10","date_gmt":"2022-11-21T13:02:10","guid":{"rendered":"https:\/\/www.salvatorianas.org.br\/blog\/?p=19265"},"modified":"2022-11-21T13:02:11","modified_gmt":"2022-11-21T13:02:11","slug":"apresentacao-de-nossa-senhora","status":"publish","type":"post","link":"https:\/\/www.salvatorianas.org.br\/blog\/apresentacao-de-nossa-senhora\/","title":{"rendered":"Apresenta\u00e7\u00e3o de Nossa Senhora"},"content":{"rendered":"\n<h3 class=\"wp-block-heading\">Ora\u00e7\u00e3o do dia<\/h3>\n\n\n\n<p>Ao celebrarmos, \u00f3 Deus, a gloriosa mem\u00f3ria da santa virgem Maria, concedei-nos, por sua intercess\u00e3o, participar da plenitude da vossa gra\u00e7a. Por Nosso Senhor Jesus Cristo, Vosso Filho, na unidade do Esp\u00edrito Santo.<\/p>\n\n\n\n<h3 class=\"wp-block-heading\">Leitura &#8211;&nbsp;Zacarias 2,14-17<\/h3>\n\n\n\n<p>Leitura da profecia de Zacarias<\/p>\n\n\n\n<p>2 14 \u201cSolta gritos de alegria, regozija-te, filha de Si\u00e3o. Eis que venho residir no meio de ti &#8211; or\u00e1culo do Senhor.<\/p>\n\n\n\n<p>15 Naquele dia se achegar\u00e3o muitas na\u00e7\u00f5es ao Senhor, e se tornar\u00e3o o meu povo: habitarei no meio de ti, e saber\u00e1s que fui enviado a ti pelo Senhor dos ex\u00e9rcitos.<\/p>\n\n\n\n<p>16 O Senhor possuir\u00e1 Jud\u00e1 como seu dom\u00ednio, e Jerusal\u00e9m ser\u00e1 de novo (sua cidade) escolhida.<\/p>\n\n\n\n<p>17 Toda criatura esteja em sil\u00eancio diante do Senhor: ei-lo que surge de sua santa morada\u201d.<\/p>\n\n\n\n<p>Palavra do Senhor.<\/p>\n\n\n\n<h3 class=\"wp-block-heading\">Salmo Responsorial &#8211;&nbsp;Lucas 1<\/h3>\n\n\n\n<p><strong>O Poderoso fez por mim maravilhas<\/strong><\/p>\n\n\n\n<p><strong>e santo \u00e9 o seu nome.<\/strong><\/p>\n\n\n\n<p>A minha alma engrandece o Senhor,<\/p>\n\n\n\n<p>e se alegrou o meu esp\u00edrito em Deus, meu salvador.<\/p>\n\n\n\n<p>Pois ele viu a pequenez de sua serva,<\/p>\n\n\n\n<p>desde agora as gera\u00e7\u00f5es h\u00e3o de chamar-me de bendita.<\/p>\n\n\n\n<p>O Poderoso fez por mim maravilhas<\/p>\n\n\n\n<p>e santo \u00e9 o seu nome!<\/p>\n\n\n\n<p>Seu amor, de gera\u00e7\u00e3o em gera\u00e7\u00e3o,<\/p>\n\n\n\n<p>chega a todos os que o respeitam.<\/p>\n\n\n\n<p>Demonstrou o poder de seu bra\u00e7o,<\/p>\n\n\n\n<p>dispersou os orgulhosos.<\/p>\n\n\n\n<p>Derrubou os poderosos de seus tronos<\/p>\n\n\n\n<p>e os humildes exaltou.<\/p>\n\n\n\n<p>De bens saciou os famintos<\/p>\n\n\n\n<p>e despediu, em nada, os ricos.<\/p>\n\n\n\n<p>Acolheu Israel, seu servidor,<\/p>\n\n\n\n<p>fiel ao seu amor,<\/p>\n\n\n\n<p>como havia prometido aos nossos pais<\/p>\n\n\n\n<p>em favor de Abra\u00e3o e de seus filhos, para sempre.<\/p>\n\n\n\n<h3 class=\"wp-block-heading\">Leitura &#8211;<\/h3>\n\n\n\n<h3 class=\"wp-block-heading\">Evangelho &#8211;&nbsp;Mateus 12,46-50<\/h3>\n\n\n\n<p>Aleluia, aleluia, aleluia.<\/p>\n\n\n\n<p>Feliz quem ouve e observa a palavra de Deus! (Lc 11,28)<\/p>\n\n\n\n<p>Proclama\u00e7\u00e3o do Evangelho de Jesus Cristo segundo Mateus.<\/p>\n\n\n\n<p>12 46 Jesus falava ainda \u00e0 multid\u00e3o, quando veio sua m\u00e3e e seus irm\u00e3os e esperavam do lado de fora a ocasi\u00e3o de lhe falar.<\/p>\n\n\n\n<p>47 Disse-lhe algu\u00e9m: \u201cTua m\u00e3e e teus irm\u00e3os est\u00e3o a\u00ed fora, e querem falar-te\u201d.<\/p>\n\n\n\n<p>48 Jesus respondeu-lhe: \u201cQuem \u00e9 minha m\u00e3e e quem s\u00e3o meus irm\u00e3os?\u201d<\/p>\n\n\n\n<p>49 E, apontando com a m\u00e3o para os seus disc\u00edpulos, acrescentou: \u201cEis aqui minha m\u00e3e e meus irm\u00e3os.<\/p>\n\n\n\n<p>50 Todo aquele que faz a vontade de meu Pai que est\u00e1 nos c\u00e9us, esse \u00e9 meu irm\u00e3o, minha irm\u00e3 e minha m\u00e3e\u201d.<\/p>\n\n\n\n<p>Palavra da Salva\u00e7\u00e3o.<\/p>\n\n\n\n<h3 class=\"wp-block-heading\">Coment\u00e1rio ao Evangelho<\/h3>\n\n\n\n<p>Esta narrativa de Mateus tamb\u00e9m \u00e9 encontrada nos evangelhos de Marcos e Lucas. A figura central \u00e9 a &#8220;m\u00e3e&#8221;. No processo de gera\u00e7\u00e3o a mulher-m\u00e3e tem um papel fundamental. A pr\u00f3pria Terra \u00e9 tida como &#8220;m\u00e3e&#8221; em rela\u00e7\u00e3o \u00e0 vida que, sem cessar, desabrocha em sua superf\u00edcie. Na narrativa h\u00e1 um confronto entre as multid\u00f5es \u00e0s quais Jesus fala, e sua fam\u00edlia, m\u00e3e e irm\u00e3os, que ficam de fora e procuram falar com Jesus. A fam\u00edlia, tendo a m\u00e3e como centro, est\u00e1 na base do conceito de Israel e \u00e9 o elo fundamental da continuidade da tradi\u00e7\u00e3o do juda\u00edsmo. Abra\u00e3o e sua descend\u00eancia, a partir de Sara, constituem o povo eleito. Em continuidade, Davi e sua descend\u00eancia constituem a dinastia real escolhida por Jav\u00e9. O sacerdote heredit\u00e1rio \u00e9 a base do poder do Templo. Da\u00ed as genealogias que confirmavam as purezas racial e funcional. Enquanto a pureza religiosa exigia o afastamento das multid\u00f5es, Jesus se p\u00f5e em \u00edntimo contato com elas. Removendo a prioridade dos la\u00e7os consangu\u00edneos familiares, que garantiam o privil\u00e9gio da elei\u00e7\u00e3o, Jesus, sem exclus\u00f5es, constitui a grande fam\u00edlia unida no cumprimento da vontade do Pai, que deseja vida plena para todos.<\/p>\n","protected":false},"excerpt":{"rendered":"<p>Ora\u00e7\u00e3o do dia Ao celebrarmos, \u00f3 Deus, a gloriosa mem\u00f3ria da santa virgem Maria, concedei-nos, por sua intercess\u00e3o, participar da plenitude da vossa gra\u00e7a. Por Nosso Senhor Jesus Cristo, Vosso Filho, na unidade&#8230;<\/p>\n","protected":false},"author":2,"featured_media":19266,"comment_status":"open","ping_status":"open","sticky":false,"template":"","format":"standard","meta":[],"categories":[7],"tags":[],"_links":{"self":[{"href":"https:\/\/www.salvatorianas.org.br\/blog\/wp-json\/wp\/v2\/posts\/19265"}],"collection":[{"href":"https:\/\/www.salvatorianas.org.br\/blog\/wp-json\/wp\/v2\/posts"}],"about":[{"href":"https:\/\/www.salvatorianas.org.br\/blog\/wp-json\/wp\/v2\/types\/post"}],"author":[{"embeddable":true,"href":"https:\/\/www.salvatorianas.org.br\/blog\/wp-json\/wp\/v2\/users\/2"}],"replies":[{"embeddable":true,"href":"https:\/\/www.salvatorianas.org.br\/blog\/wp-json\/wp\/v2\/comments?post=19265"}],"version-history":[{"count":1,"href":"https:\/\/www.salvatorianas.org.br\/blog\/wp-json\/wp\/v2\/posts\/19265\/revisions"}],"predecessor-version":[{"id":19267,"href":"https:\/\/www.salvatorianas.org.br\/blog\/wp-json\/wp\/v2\/posts\/19265\/revisions\/19267"}],"wp:featuredmedia":[{"embeddable":true,"href":"https:\/\/www.salvatorianas.org.br\/blog\/wp-json\/wp\/v2\/media\/19266"}],"wp:attachment":[{"href":"https:\/\/www.salvatorianas.org.br\/blog\/wp-json\/wp\/v2\/media?parent=19265"}],"wp:term":[{"taxonomy":"category","embeddable":true,"href":"https:\/\/www.salvatorianas.org.br\/blog\/wp-json\/wp\/v2\/categories?post=19265"},{"taxonomy":"post_tag","embeddable":true,"href":"https:\/\/www.salvatorianas.org.br\/blog\/wp-json\/wp\/v2\/tags?post=19265"}],"curies":[{"name":"wp","href":"https:\/\/api.w.org\/{rel}","templated":true}]}}