{"id":19249,"date":"2022-11-21T12:40:34","date_gmt":"2022-11-21T12:40:34","guid":{"rendered":"https:\/\/www.salvatorianas.org.br\/blog\/?p=19249"},"modified":"2022-11-21T12:56:08","modified_gmt":"2022-11-21T12:56:08","slug":"26a-festa-diocesana-das-tendas","status":"publish","type":"post","link":"https:\/\/www.salvatorianas.org.br\/blog\/26a-festa-diocesana-das-tendas\/","title":{"rendered":"26\u00aa Festa Diocesana das Tendas"},"content":{"rendered":"\n<p>Par\u00f3quias, comunidades, congrega\u00e7\u00f5es religiosas e todo o povo de Deus participaram da 26\u00aa Festa Diocesana das Tendas, realizada no dia 20 de novembro, em Urubici\/SC. \u00a0O tema desta edi\u00e7\u00e3o \u00e9 \u201c<strong>P\u00e3o em todas as mesas<\/strong>\u201d e lema \u201c<em>Jesus Cristo fez-se pobre por v\u00f3s<\/em>\u201d (2 Cor 8,9).<\/p>\n\n\n\n<p>O evento foi um convite para buscar um novo jeito de ser Igreja na Mesa do Senhor, uma Igreja servidora, pobre e samaritana, que arma a sua tenda para acolher toda a humanidade.<\/p>\n\n\n\n<p>A Festa das Tendas realizada desde o ano de 1997, na Diocese de Lages\/SC, procura visibilizar gestos concretos de um outro mundo poss\u00edvel, onde h\u00e1 o respeito com o meio ambiente, op\u00e7\u00e3o pela simplicidade na escolha e administra\u00e7\u00e3o dos bens da comunidade e demonstrar na pr\u00e1tica que na partilha do pouco de cada pessoa e das comunidades \u201cningu\u00e9m mais precisa ir embora\u201d em busca p\u00e3o.<\/p>\n\n\n\n<p>A programa\u00e7\u00e3o contou com momentos de ora\u00e7\u00f5es, reflex\u00f5es e partilhas, almo\u00e7o compartilhado nas tendas, momento cultural, Celebra\u00e7\u00e3o Eucar\u00edstica e envio.<\/p>\n\n\n\n<p><\/p>\n\n\n\n<figure class=\"wp-block-image size-large\"><img decoding=\"async\" loading=\"lazy\" width=\"1024\" height=\"768\" src=\"https:\/\/www.salvatorianas.org.br\/blog\/wp-content\/uploads\/2022\/11\/02-1024x768.jpg\" alt=\"\" class=\"wp-image-19251\" srcset=\"https:\/\/www.salvatorianas.org.br\/blog\/wp-content\/uploads\/2022\/11\/02-1024x768.jpg 1024w, https:\/\/www.salvatorianas.org.br\/blog\/wp-content\/uploads\/2022\/11\/02-300x225.jpg 300w, https:\/\/www.salvatorianas.org.br\/blog\/wp-content\/uploads\/2022\/11\/02-768x576.jpg 768w, https:\/\/www.salvatorianas.org.br\/blog\/wp-content\/uploads\/2022\/11\/02-1536x1152.jpg 1536w, https:\/\/www.salvatorianas.org.br\/blog\/wp-content\/uploads\/2022\/11\/02.jpg 2048w\" sizes=\"(max-width: 1024px) 100vw, 1024px\" \/><\/figure>\n\n\n\n<figure class=\"wp-block-image size-large\"><img decoding=\"async\" loading=\"lazy\" width=\"1024\" height=\"768\" src=\"https:\/\/www.salvatorianas.org.br\/blog\/wp-content\/uploads\/2022\/11\/03-1024x768.jpeg\" alt=\"\" class=\"wp-image-19252\" srcset=\"https:\/\/www.salvatorianas.org.br\/blog\/wp-content\/uploads\/2022\/11\/03-1024x768.jpeg 1024w, https:\/\/www.salvatorianas.org.br\/blog\/wp-content\/uploads\/2022\/11\/03-300x225.jpeg 300w, https:\/\/www.salvatorianas.org.br\/blog\/wp-content\/uploads\/2022\/11\/03-768x576.jpeg 768w, https:\/\/www.salvatorianas.org.br\/blog\/wp-content\/uploads\/2022\/11\/03-1536x1153.jpeg 1536w, https:\/\/www.salvatorianas.org.br\/blog\/wp-content\/uploads\/2022\/11\/03.jpeg 1599w\" sizes=\"(max-width: 1024px) 100vw, 1024px\" \/><\/figure>\n\n\n\n<figure class=\"wp-block-image size-large\"><img decoding=\"async\" loading=\"lazy\" width=\"1024\" height=\"768\" src=\"https:\/\/www.salvatorianas.org.br\/blog\/wp-content\/uploads\/2022\/11\/04-1024x768.jpeg\" alt=\"\" class=\"wp-image-19253\" srcset=\"https:\/\/www.salvatorianas.org.br\/blog\/wp-content\/uploads\/2022\/11\/04-1024x768.jpeg 1024w, https:\/\/www.salvatorianas.org.br\/blog\/wp-content\/uploads\/2022\/11\/04-300x225.jpeg 300w, https:\/\/www.salvatorianas.org.br\/blog\/wp-content\/uploads\/2022\/11\/04-768x576.jpeg 768w, https:\/\/www.salvatorianas.org.br\/blog\/wp-content\/uploads\/2022\/11\/04-1536x1152.jpeg 1536w, https:\/\/www.salvatorianas.org.br\/blog\/wp-content\/uploads\/2022\/11\/04.jpeg 1600w\" sizes=\"(max-width: 1024px) 100vw, 1024px\" \/><\/figure>\n\n\n\n<figure class=\"wp-block-image size-large\"><img decoding=\"async\" loading=\"lazy\" width=\"1024\" height=\"768\" src=\"https:\/\/www.salvatorianas.org.br\/blog\/wp-content\/uploads\/2022\/11\/05-1-1024x768.jpg\" alt=\"\" class=\"wp-image-19254\" srcset=\"https:\/\/www.salvatorianas.org.br\/blog\/wp-content\/uploads\/2022\/11\/05-1-1024x768.jpg 1024w, https:\/\/www.salvatorianas.org.br\/blog\/wp-content\/uploads\/2022\/11\/05-1-300x225.jpg 300w, https:\/\/www.salvatorianas.org.br\/blog\/wp-content\/uploads\/2022\/11\/05-1-768x576.jpg 768w, https:\/\/www.salvatorianas.org.br\/blog\/wp-content\/uploads\/2022\/11\/05-1-1536x1152.jpg 1536w, https:\/\/www.salvatorianas.org.br\/blog\/wp-content\/uploads\/2022\/11\/05-1.jpg 2048w\" sizes=\"(max-width: 1024px) 100vw, 1024px\" \/><\/figure>\n\n\n\n<figure class=\"wp-block-image size-large\"><img decoding=\"async\" loading=\"lazy\" width=\"1024\" height=\"768\" src=\"https:\/\/www.salvatorianas.org.br\/blog\/wp-content\/uploads\/2022\/11\/06-1024x768.jpeg\" alt=\"\" class=\"wp-image-19255\" srcset=\"https:\/\/www.salvatorianas.org.br\/blog\/wp-content\/uploads\/2022\/11\/06-1024x768.jpeg 1024w, https:\/\/www.salvatorianas.org.br\/blog\/wp-content\/uploads\/2022\/11\/06-300x225.jpeg 300w, https:\/\/www.salvatorianas.org.br\/blog\/wp-content\/uploads\/2022\/11\/06-768x576.jpeg 768w, https:\/\/www.salvatorianas.org.br\/blog\/wp-content\/uploads\/2022\/11\/06-1536x1152.jpeg 1536w, https:\/\/www.salvatorianas.org.br\/blog\/wp-content\/uploads\/2022\/11\/06.jpeg 1600w\" sizes=\"(max-width: 1024px) 100vw, 1024px\" \/><\/figure>\n\n\n\n<figure class=\"wp-block-image size-large\"><img decoding=\"async\" loading=\"lazy\" width=\"1024\" height=\"769\" src=\"https:\/\/www.salvatorianas.org.br\/blog\/wp-content\/uploads\/2022\/11\/07-1024x769.jpeg\" alt=\"\" class=\"wp-image-19256\" srcset=\"https:\/\/www.salvatorianas.org.br\/blog\/wp-content\/uploads\/2022\/11\/07-1024x769.jpeg 1024w, https:\/\/www.salvatorianas.org.br\/blog\/wp-content\/uploads\/2022\/11\/07-300x225.jpeg 300w, https:\/\/www.salvatorianas.org.br\/blog\/wp-content\/uploads\/2022\/11\/07-768x576.jpeg 768w, https:\/\/www.salvatorianas.org.br\/blog\/wp-content\/uploads\/2022\/11\/07-1536x1153.jpeg 1536w, https:\/\/www.salvatorianas.org.br\/blog\/wp-content\/uploads\/2022\/11\/07.jpeg 1600w\" sizes=\"(max-width: 1024px) 100vw, 1024px\" \/><\/figure>\n\n\n\n<figure class=\"wp-block-image size-large\"><img decoding=\"async\" loading=\"lazy\" width=\"1024\" height=\"768\" src=\"https:\/\/www.salvatorianas.org.br\/blog\/wp-content\/uploads\/2022\/11\/08-1024x768.jpeg\" alt=\"\" class=\"wp-image-19257\" srcset=\"https:\/\/www.salvatorianas.org.br\/blog\/wp-content\/uploads\/2022\/11\/08-1024x768.jpeg 1024w, https:\/\/www.salvatorianas.org.br\/blog\/wp-content\/uploads\/2022\/11\/08-300x225.jpeg 300w, https:\/\/www.salvatorianas.org.br\/blog\/wp-content\/uploads\/2022\/11\/08-768x576.jpeg 768w, https:\/\/www.salvatorianas.org.br\/blog\/wp-content\/uploads\/2022\/11\/08-1536x1152.jpeg 1536w, https:\/\/www.salvatorianas.org.br\/blog\/wp-content\/uploads\/2022\/11\/08.jpeg 1600w\" sizes=\"(max-width: 1024px) 100vw, 1024px\" \/><\/figure>\n\n\n\n<figure class=\"wp-block-image size-large\"><img decoding=\"async\" loading=\"lazy\" width=\"1024\" height=\"768\" src=\"https:\/\/www.salvatorianas.org.br\/blog\/wp-content\/uploads\/2022\/11\/09-1-1024x768.jpg\" alt=\"\" class=\"wp-image-19258\" srcset=\"https:\/\/www.salvatorianas.org.br\/blog\/wp-content\/uploads\/2022\/11\/09-1-1024x768.jpg 1024w, https:\/\/www.salvatorianas.org.br\/blog\/wp-content\/uploads\/2022\/11\/09-1-300x225.jpg 300w, https:\/\/www.salvatorianas.org.br\/blog\/wp-content\/uploads\/2022\/11\/09-1-768x576.jpg 768w, https:\/\/www.salvatorianas.org.br\/blog\/wp-content\/uploads\/2022\/11\/09-1-1536x1152.jpg 1536w, https:\/\/www.salvatorianas.org.br\/blog\/wp-content\/uploads\/2022\/11\/09-1.jpg 2048w\" sizes=\"(max-width: 1024px) 100vw, 1024px\" \/><\/figure>\n\n\n\n<figure class=\"wp-block-image size-large\"><img decoding=\"async\" loading=\"lazy\" width=\"1024\" height=\"769\" src=\"https:\/\/www.salvatorianas.org.br\/blog\/wp-content\/uploads\/2022\/11\/10-1024x769.jpeg\" alt=\"\" class=\"wp-image-19259\" srcset=\"https:\/\/www.salvatorianas.org.br\/blog\/wp-content\/uploads\/2022\/11\/10-1024x769.jpeg 1024w, https:\/\/www.salvatorianas.org.br\/blog\/wp-content\/uploads\/2022\/11\/10-300x225.jpeg 300w, https:\/\/www.salvatorianas.org.br\/blog\/wp-content\/uploads\/2022\/11\/10-768x576.jpeg 768w, https:\/\/www.salvatorianas.org.br\/blog\/wp-content\/uploads\/2022\/11\/10-1536x1153.jpeg 1536w, https:\/\/www.salvatorianas.org.br\/blog\/wp-content\/uploads\/2022\/11\/10.jpeg 1600w\" sizes=\"(max-width: 1024px) 100vw, 1024px\" \/><\/figure>\n","protected":false},"excerpt":{"rendered":"<p>Par\u00f3quias, comunidades, congrega\u00e7\u00f5es religiosas e todo o povo de Deus participaram da 26\u00aa Festa Diocesana das Tendas, realizada no dia 20 de novembro, em Urubici\/SC. \u00a0O tema desta edi\u00e7\u00e3o \u00e9 \u201cP\u00e3o em todas&#8230;<\/p>\n","protected":false},"author":2,"featured_media":19250,"comment_status":"open","ping_status":"open","sticky":false,"template":"","format":"standard","meta":[],"categories":[1],"tags":[],"_links":{"self":[{"href":"https:\/\/www.salvatorianas.org.br\/blog\/wp-json\/wp\/v2\/posts\/19249"}],"collection":[{"href":"https:\/\/www.salvatorianas.org.br\/blog\/wp-json\/wp\/v2\/posts"}],"about":[{"href":"https:\/\/www.salvatorianas.org.br\/blog\/wp-json\/wp\/v2\/types\/post"}],"author":[{"embeddable":true,"href":"https:\/\/www.salvatorianas.org.br\/blog\/wp-json\/wp\/v2\/users\/2"}],"replies":[{"embeddable":true,"href":"https:\/\/www.salvatorianas.org.br\/blog\/wp-json\/wp\/v2\/comments?post=19249"}],"version-history":[{"count":5,"href":"https:\/\/www.salvatorianas.org.br\/blog\/wp-json\/wp\/v2\/posts\/19249\/revisions"}],"predecessor-version":[{"id":19264,"href":"https:\/\/www.salvatorianas.org.br\/blog\/wp-json\/wp\/v2\/posts\/19249\/revisions\/19264"}],"wp:featuredmedia":[{"embeddable":true,"href":"https:\/\/www.salvatorianas.org.br\/blog\/wp-json\/wp\/v2\/media\/19250"}],"wp:attachment":[{"href":"https:\/\/www.salvatorianas.org.br\/blog\/wp-json\/wp\/v2\/media?parent=19249"}],"wp:term":[{"taxonomy":"category","embeddable":true,"href":"https:\/\/www.salvatorianas.org.br\/blog\/wp-json\/wp\/v2\/categories?post=19249"},{"taxonomy":"post_tag","embeddable":true,"href":"https:\/\/www.salvatorianas.org.br\/blog\/wp-json\/wp\/v2\/tags?post=19249"}],"curies":[{"name":"wp","href":"https:\/\/api.w.org\/{rel}","templated":true}]}}