{"id":19246,"date":"2022-11-20T01:51:00","date_gmt":"2022-11-20T01:51:00","guid":{"rendered":"https:\/\/www.salvatorianas.org.br\/blog\/?p=19246"},"modified":"2022-11-19T23:52:00","modified_gmt":"2022-11-19T23:52:00","slug":"nosso-senhor-jesus-cristo-rei-do-universo","status":"publish","type":"post","link":"https:\/\/www.salvatorianas.org.br\/blog\/nosso-senhor-jesus-cristo-rei-do-universo\/","title":{"rendered":"Nosso Senhor Jesus Cristo, Rei do Universo"},"content":{"rendered":"\n<h3 class=\"wp-block-heading\">Ora\u00e7\u00e3o do dia<\/h3>\n\n\n\n<p>Deus eterno e todo-poderoso, que dispusestes restaurar todas as coisas no vosso amado Filho, rei do universo, fazei que todas as criaturas, libertas da escravid\u00e3o e servindo \u00e0 vossa majestade, vos glorifiquem eternamente. Por Nosso Senhor Jesus Cristo, Vosso Filho, na unidade do Esp\u00edrito Santo.<\/p>\n\n\n\n<h3 class=\"wp-block-heading\">Leitura &#8211;&nbsp;2 Samuel 5,1-3<\/h3>\n\n\n\n<p>Leitura do segundo livro de Samuel.<\/p>\n\n\n\n<p>Naqueles dias, 1todas as tribos de Israel vieram encontrar-se com Davi em Hebron e disseram-lhe: \u201cAqui estamos. Somos teus ossos e tua carne. 2Tempo atr\u00e1s, quando Saul era nosso rei, eras tu que dirigias os neg\u00f3cios de Israel. E o Senhor te disse: \u2018Tu apascentar\u00e1s o meu povo Israel e ser\u00e1s o seu chefe&#8217;\u201d. 3Vieram, pois, todos os anci\u00e3os de Israel at\u00e9 o rei em Hebron. O rei Davi fez com eles uma alian\u00e7a em Hebron, na presen\u00e7a do Senhor, e eles o ungiram rei de Israel.<\/p>\n\n\n\n<p>Palavra do Senhor.<\/p>\n\n\n\n<h3 class=\"wp-block-heading\">Salmo Responsorial &#8211;&nbsp;121\/122<\/h3>\n\n\n\n<p><strong>Quanta alegria e felicidade: vamos \u00e0 casa do Senhor!<\/strong><\/p>\n\n\n\n<p>Que alegria quando ouvi que me disseram:<\/p>\n\n\n\n<p>\u201cVamos \u00e0 casa do Senhor!\u201d<\/p>\n\n\n\n<p>E agora nossos p\u00e9s j\u00e1 se det\u00eam,<\/p>\n\n\n\n<p>Jerusal\u00e9m, em tuas portas.<\/p>\n\n\n\n<p>Para l\u00e1 sobem as tribos de Israel,<\/p>\n\n\n\n<p>as tribos do Senhor.<\/p>\n\n\n\n<p>Para louvar, segundo a lei de Israel,<\/p>\n\n\n\n<p>o nome do Senhor.<\/p>\n\n\n\n<p>A sede da justi\u00e7a l\u00e1 est\u00e1<\/p>\n\n\n\n<p>e o trono de Davi.<\/p>\n\n\n\n<h3 class=\"wp-block-heading\">Leitura &#8211;&nbsp;Colossenses 1,12-20<\/h3>\n\n\n\n<p>Leitura da carta de S\u00e3o Paulo aos Colossenses.<\/p>\n\n\n\n<p>Irm\u00e3os, 12com alegria dai gra\u00e7as ao Pai, que vos tornou capazes de participar da luz, que \u00e9 a heran\u00e7a dos santos. 13Ele nos libertou do poder das trevas e nos recebeu no Reino de seu Filho amado, 14por quem temos a reden\u00e7\u00e3o, o perd\u00e3o dos pecados. 15Ele \u00e9 a imagem do Deus invis\u00edvel, o primog\u00eanito de toda a cria\u00e7\u00e3o, 16pois por causa dele foram criadas todas as coisas no c\u00e9u e na terra, as vis\u00edveis e as invis\u00edveis, tronos e domina\u00e7\u00f5es, soberanias e poderes. Tudo foi criado por meio dele e para ele. 17Ele existe antes de todas as coisas, e todas t\u00eam nele a sua consist\u00eancia. 18Ele \u00e9 a cabe\u00e7a do corpo, isto \u00e9, da Igreja. Ele \u00e9 o princ\u00edpio, o primog\u00eanito dentre os mortos; de sorte que em tudo ele tem a primazia, 19porque Deus quis habitar nele com toda a sua plenitude 20e por ele reconciliar consigo todos os seres, os que est\u00e3o na terra e no c\u00e9u, realizando a paz pelo sangue da sua cruz.<\/p>\n\n\n\n<p>Palavra do Senhor.<\/p>\n\n\n\n<h3 class=\"wp-block-heading\">Evangelho &#8211;&nbsp;Lucas 23,35-43<\/h3>\n\n\n\n<p>Aleluia, aleluia, aleluia.<\/p>\n\n\n\n<p>\u00c9 bendito aquele que vem vindo, que vem vindo em nome do Senhor; e o Reino que vem seja bendito, \/ ao que vem e a seu Reino, o louvor! (Mc 11,9s)<\/p>\n\n\n\n<p>Proclama\u00e7\u00e3o do Evangelho de Jesus Cristo segundo Lucas.<\/p>\n\n\n\n<p>Naquele tempo, 35os chefes zombavam de Jesus, dizendo: \u201cA outros ele salvou. Salve-se a si mesmo se, de fato, \u00e9 o Cristo de Deus, o escolhido!\u201d 36Os soldados tamb\u00e9m ca\u00e7oavam dele; aproximavam-se, ofereciam-lhe vinagre 37e diziam: \u201cSe \u00e9s o rei dos judeus, salva-te a ti mesmo!\u201d 38Acima dele havia um letreiro: \u201cEste \u00e9 o rei dos judeus\u201d. 39Um dos malfeitores crucificados o insultava, dizendo: \u201cTu n\u00e3o \u00e9s o Cristo? Salva-te a ti mesmo e a n\u00f3s!\u201d 40Mas o outro o repreendeu, dizendo: \u201cNem sequer temes a Deus, tu que sofres a mesma condena\u00e7\u00e3o? 41Para n\u00f3s \u00e9 justo, porque estamos recebendo o que merecemos; mas ele n\u00e3o fez nada de mal\u201d. 42E acrescentou: \u201cJesus, lembra-te de mim quando entrares no teu reinado\u201d. 43Jesus lhe respondeu: \u201cEm verdade eu te digo, ainda hoje estar\u00e1s comigo no para\u00edso\u201d.<\/p>\n\n\n\n<p>Palavra da salva\u00e7\u00e3o.<\/p>\n\n\n\n<h3 class=\"wp-block-heading\">Coment\u00e1rio ao Evangelho<\/h3>\n\n\n\n<p>ESTE \u00c9 O REI DOS JUDEUS!<\/p>\n\n\n\n<p>A crucifix\u00e3o de Jesus constituiu-se em um trauma para os disc\u00edpulos. Eles esperavam que seu Mestre fosse um Messias-rei glorioso, cheio de poder, capaz de p\u00f4r fim \u00e0 opress\u00e3o romana. Por isso, diante do Crucificado, viram esvair-se todas as suas esperan\u00e7as.<\/p>\n\n\n\n<p>Contudo, a inscri\u00e7\u00e3o afixada no alto da cruz &#8211; &#8220;Este \u00e9 o rei dos judeus&#8221; &#8211; era verdadeira. Efetivamente, Jesus era &#8220;rei dos judeus&#8221;, mas seu reino era bem diferente daquele que os disc\u00edpulos e os advers\u00e1rios esperavam.<\/p>\n\n\n\n<p>Uns e outros n\u00e3o conseguiam perceber a din\u00e2mica de salva\u00e7\u00e3o em que estava envolvida a morte de cruz. Ali, Jesus estava salvando toda a humanidade, por ser o Cristo de Deus, o eleito. A crucifix\u00e3o resultava de sua fidelidade total ao Pai, Senhor de sua exist\u00eancia. Isto significava que a vontade divina sempre fora o imperativo na vida do Filho de Deus. O Reino do Pai tornara-se o Reino de Jesus. Reino articulado no querer divino, e n\u00e3o na for\u00e7a das armas, da viol\u00eancia, das conquistas, da opress\u00e3o. Por conseguinte, os judeus e todos os que quisessem salvar-se, deveriam aderir a este Reino, cujo Rei \u00e9 Jesus.<\/p>\n\n\n\n<p>Os dois ladr\u00f5es, tamb\u00e9m crucificados com o Mestre, revelaram duas atitudes contrastantes diante desse Rei: um o rejeitou como fraco e impotente; o outro o acolheu e o reconheceu como sendo v\u00edtima da injusti\u00e7a. A este Jesus acolheu em seu Reino!<\/p>\n","protected":false},"excerpt":{"rendered":"<p>Ora\u00e7\u00e3o do dia Deus eterno e todo-poderoso, que dispusestes restaurar todas as coisas no vosso amado Filho, rei do universo, fazei que todas as criaturas, libertas da escravid\u00e3o e servindo \u00e0 vossa majestade,&#8230;<\/p>\n","protected":false},"author":2,"featured_media":19247,"comment_status":"open","ping_status":"open","sticky":false,"template":"","format":"standard","meta":[],"categories":[7],"tags":[],"_links":{"self":[{"href":"https:\/\/www.salvatorianas.org.br\/blog\/wp-json\/wp\/v2\/posts\/19246"}],"collection":[{"href":"https:\/\/www.salvatorianas.org.br\/blog\/wp-json\/wp\/v2\/posts"}],"about":[{"href":"https:\/\/www.salvatorianas.org.br\/blog\/wp-json\/wp\/v2\/types\/post"}],"author":[{"embeddable":true,"href":"https:\/\/www.salvatorianas.org.br\/blog\/wp-json\/wp\/v2\/users\/2"}],"replies":[{"embeddable":true,"href":"https:\/\/www.salvatorianas.org.br\/blog\/wp-json\/wp\/v2\/comments?post=19246"}],"version-history":[{"count":1,"href":"https:\/\/www.salvatorianas.org.br\/blog\/wp-json\/wp\/v2\/posts\/19246\/revisions"}],"predecessor-version":[{"id":19248,"href":"https:\/\/www.salvatorianas.org.br\/blog\/wp-json\/wp\/v2\/posts\/19246\/revisions\/19248"}],"wp:featuredmedia":[{"embeddable":true,"href":"https:\/\/www.salvatorianas.org.br\/blog\/wp-json\/wp\/v2\/media\/19247"}],"wp:attachment":[{"href":"https:\/\/www.salvatorianas.org.br\/blog\/wp-json\/wp\/v2\/media?parent=19246"}],"wp:term":[{"taxonomy":"category","embeddable":true,"href":"https:\/\/www.salvatorianas.org.br\/blog\/wp-json\/wp\/v2\/categories?post=19246"},{"taxonomy":"post_tag","embeddable":true,"href":"https:\/\/www.salvatorianas.org.br\/blog\/wp-json\/wp\/v2\/tags?post=19246"}],"curies":[{"name":"wp","href":"https:\/\/api.w.org\/{rel}","templated":true}]}}