{"id":19240,"date":"2022-11-19T01:37:00","date_gmt":"2022-11-19T01:37:00","guid":{"rendered":"https:\/\/www.salvatorianas.org.br\/blog\/?p=19240"},"modified":"2022-11-18T20:19:27","modified_gmt":"2022-11-18T20:19:27","slug":"sao-roque-gonzalez-santo-afonso-rodriguez-e-sao-joao-del-castillo-presbiteros-e-martires","status":"publish","type":"post","link":"https:\/\/www.salvatorianas.org.br\/blog\/sao-roque-gonzalez-santo-afonso-rodriguez-e-sao-joao-del-castillo-presbiteros-e-martires\/","title":{"rendered":"S\u00e3o Roque Gonz\u00e1lez, Santo Afonso Rodriguez e S\u00e3o Jo\u00e3o del Castillo, presb\u00edteros e m\u00e1rtires"},"content":{"rendered":"\n<h3 class=\"wp-block-heading\">Ora\u00e7\u00e3o do dia<\/h3>\n\n\n\n<p>Senhor, que a vossa palavra cres\u00e7a nas terras onde os vossos m\u00e1rtires a semearam e seja multiplicada em frutos de justi\u00e7a e de paz. Por Nosso Senhor Jesus Cristo, Vosso Filho, na unidade do Esp\u00edrito Santo.<\/p>\n\n\n\n<h3 class=\"wp-block-heading\">Leitura &#8211;&nbsp;Apocalipse 11,4-12<\/h3>\n\n\n\n<p>Leitura do livro do Apocalipse de s\u00e3o Jo\u00e3o.<\/p>\n\n\n\n<p>Disseram a mim: 11 4 \u201cS\u00e3o eles as duas oliveiras e os dois candelabros que se mant\u00eam diante do Senhor da terra.<\/p>\n\n\n\n<p>5 Se algu\u00e9m lhes quiser causar dano, sair\u00e1 fogo de suas bocas e devorar\u00e1 os inimigos. Com efeito, se algu\u00e9m os quiser ferir, cumpre que assim seja morto.<\/p>\n\n\n\n<p>6 Esses homens t\u00eam o poder de fechar o c\u00e9u para que n\u00e3o caia chuva durante os dias de sua profecia; t\u00eam poder sobre as \u00e1guas, para transform\u00e1-las em sangue, e de ferir a terra, sempre que quiserem, com toda sorte de flagelos.<\/p>\n\n\n\n<p>7 Mas, depois de terem terminado integralmente o seu testemunho, a Fera que sobe do abismo lhes far\u00e1 guerra, os vencer\u00e1 e os matar\u00e1.<\/p>\n\n\n\n<p>8 Seus cad\u00e1veres (jazer\u00e3o) na rua da grande cidade que se chama espiritualmente Sodoma e Egito (onde o seu Senhor foi crucificado).<\/p>\n\n\n\n<p>9 Muitos dentre os povos, tribos, l\u00ednguas e na\u00e7\u00f5es vir\u00e3o para v\u00ea-los por tr\u00eas dias e meio, e n\u00e3o permitir\u00e3o que sejam sepultados.<\/p>\n\n\n\n<p>10 Os habitantes da terra alegrar-se-\u00e3o por causa deles, felicitar-se-\u00e3o mutuamente e mandar\u00e3o presentes uns aos outros, porque esses dois profetas tinham sido seu tormento\u201d.<\/p>\n\n\n\n<p>11 Mas, depois de tr\u00eas dias e meio, um sopro de vida, vindo de Deus, os penetrou. Puseram-se de p\u00e9 e grande terror caiu sobre aqueles que os viam.<\/p>\n\n\n\n<p>12 Ouviram uma forte voz do c\u00e9u que dizia: \u201cSubi aqui!\u201d Subiram ent\u00e3o para o c\u00e9u numa nuvem, enquanto os seus inimigos os olhavam.<\/p>\n\n\n\n<p>Palavra do Senhor.<\/p>\n\n\n\n<h3 class=\"wp-block-heading\">Salmo Responsorial &#8211;&nbsp;143\/144<\/h3>\n\n\n\n<p><strong>Bendito seja o Senhor, meu rochedo!<\/strong><\/p>\n\n\n\n<p>Bendito seja o Senhor, meu rochedo,<\/p>\n\n\n\n<p>que adestrou minhas m\u00e3os para a luta,<\/p>\n\n\n\n<p>e os meus dedos treinou para a guerra!<\/p>\n\n\n\n<p>Ele \u00e9 meu amor, meu ref\u00fagio,<\/p>\n\n\n\n<p>libertador, fortaleza e abrigo;<\/p>\n\n\n\n<p>\u00e9 meu escudo: \u00e9 nele que espero,<\/p>\n\n\n\n<p>ele submete as na\u00e7\u00f5es a meus p\u00e9s.<\/p>\n\n\n\n<p>Um canto novo, meu Deus, vou cantar-vos,<\/p>\n\n\n\n<p>nas dez cordas da harpa louvar-vos,<\/p>\n\n\n\n<p>a v\u00f3s que dais a vit\u00f3ria aos reis<\/p>\n\n\n\n<p>e salvais vosso servo Davi.<\/p>\n\n\n\n<h3 class=\"wp-block-heading\">Leitura &#8211;<\/h3>\n\n\n\n<h3 class=\"wp-block-heading\">Evangelho &#8211;&nbsp;Lucas 20,27-40<\/h3>\n\n\n\n<p>Aleluia, aleluia, aleluia.<\/p>\n\n\n\n<p>Jesus Cristo salvador destruiu o mal e a morte; fez brilhar pelo evangelho a luz e a vida imperec\u00edveis (2Tm 1,10).<\/p>\n\n\n\n<p>Proclama\u00e7\u00e3o do Evangelho de Jesus Cristo segundo Lucas.<\/p>\n\n\n\n<p>Naquele tempo, 20 27 alguns saduceus &#8211; que negam a ressurrei\u00e7\u00e3o &#8211; aproximaram-se de Jesus e perguntaram-lhe:<\/p>\n\n\n\n<p>28 &#8220;Mestre, Mois\u00e9s prescreveu-nos: Se algu\u00e9m morrer e deixar mulher, mas n\u00e3o deixar filhos, case-se com ela o irm\u00e3o dele, e d\u00ea descend\u00eancia a seu irm\u00e3o.<\/p>\n\n\n\n<p>29 Ora, havia sete irm\u00e3os, o primeiro dos quais tomou uma mulher, mas morreu sem filhos.<\/p>\n\n\n\n<p>30 Casou-se com ela o segundo, mas tamb\u00e9m ele morreu sem filhos.<\/p>\n\n\n\n<p>31 Casou-se depois com ela o terceiro. E assim sucessivamente todos os sete, que morreram sem deixar filhos.<\/p>\n\n\n\n<p>32 Por fim, morreu tamb\u00e9m a mulher.<\/p>\n\n\n\n<p>33 Na ressurrei\u00e7\u00e3o, de qual deles ser\u00e1 a mulher? Porque os sete a tiveram por mulher&#8221;.<\/p>\n\n\n\n<p>34 Jesus respondeu: &#8220;Os filhos deste mundo casam-se e d\u00e3o-se em casamento,<\/p>\n\n\n\n<p>35 mas os que ser\u00e3o julgados dignos do s\u00e9culo futuro e da ressurrei\u00e7\u00e3o dos mortos n\u00e3o ter\u00e3o mulher nem marido.<\/p>\n\n\n\n<p>36 Eles jamais poder\u00e3o morrer, porque s\u00e3o iguais aos anjos e s\u00e3o filhos de Deus, porque s\u00e3o ressuscitados.<\/p>\n\n\n\n<p>37 Por outra parte, que os mortos h\u00e3o de ressuscitar \u00e9 o que Mois\u00e9s revelou na passagem da sar\u00e7a ardente, chamando ao Senhor: Deus de Abra\u00e3o, Deus de Isaac, Deus de Jac\u00f3 .<\/p>\n\n\n\n<p>38 Ora, Deus n\u00e3o \u00e9 Deus dos mortos, mas dos vivos; porque todos vivem para ele&#8221;.<\/p>\n\n\n\n<p>39 Alguns dos escribas disseram, ent\u00e3o: &#8220;Mestre, falaste bem&#8221;.<\/p>\n\n\n\n<p>40 E j\u00e1 n\u00e3o se atreviam a fazer-lhe pergunta alguma.<\/p>\n\n\n\n<p>Palavra da Salva\u00e7\u00e3o.<\/p>\n\n\n\n<h3 class=\"wp-block-heading\">Coment\u00e1rio ao Evangelho<\/h3>\n\n\n\n<p>O SENHOR DOS VIVOS<\/p>\n\n\n\n<p>O tema da ressurrei\u00e7\u00e3o opunha os fariseus aos saduceus. Os primeiros afirmavam que haveria a ressurrei\u00e7\u00e3o, enquanto que os outros a negavam. Quando os saduceus interrogaram Jesus a respeito desta quest\u00e3o, tinham em mente coloc\u00e1-lo em apuros, al\u00e9m de ridicularizar o partido rival. Por isso, bolaram uma situa\u00e7\u00e3o grotesca, partindo da Lei do levirato que obrigava o irm\u00e3o desposar a cunhada vi\u00fava, caso n\u00e3o tivesse gerado filhos com seu marido.<\/p>\n\n\n\n<p>Jesus n\u00e3o caiu na armadilha dos saduceus. O fato aludido comportava duas s\u00e9rias lacunas. A primeira consistia em imaginar que a vida eterna seria uma continua\u00e7\u00e3o pura e simples da vida terrena, de forma que, na ressurrei\u00e7\u00e3o, persistiriam as encrencas da vida presente. A vida eterna, na verdade, consiste na participa\u00e7\u00e3o da vida divina, longe da amea\u00e7a da morte. A\u00ed, os esquemas terrenos n\u00e3o t\u00eam validade. O segundo pressuposto falso consistia em considerar Deus como Senhor dos mortos e n\u00e3o como Senhor dos vivos. Na verdade, para ele, todos est\u00e3o vivos, at\u00e9 mesmo os patriarcas do povo. Ele se mant\u00e9m em comunh\u00e3o com os justos, mesmo al\u00e9m da morte, quando s\u00e3o estabelecidos relacionamentos duradouros, numa explos\u00e3o de vida, sem a menor influ\u00eancia da morte. Por conseguinte, a ressurrei\u00e7\u00e3o deve ser pensada a partir do amor misericordioso de Deus, que partilha vida abundante com a humanidade, e n\u00e3o a partir dos esquemas mesquinhos do pecado e da morte.<\/p>\n\n\n\n<p><\/p>\n","protected":false},"excerpt":{"rendered":"<p>Ora\u00e7\u00e3o do dia Senhor, que a vossa palavra cres\u00e7a nas terras onde os vossos m\u00e1rtires a semearam e seja multiplicada em frutos de justi\u00e7a e de paz. Por Nosso Senhor Jesus Cristo, Vosso&#8230;<\/p>\n","protected":false},"author":2,"featured_media":19243,"comment_status":"open","ping_status":"open","sticky":false,"template":"","format":"standard","meta":[],"categories":[7],"tags":[],"_links":{"self":[{"href":"https:\/\/www.salvatorianas.org.br\/blog\/wp-json\/wp\/v2\/posts\/19240"}],"collection":[{"href":"https:\/\/www.salvatorianas.org.br\/blog\/wp-json\/wp\/v2\/posts"}],"about":[{"href":"https:\/\/www.salvatorianas.org.br\/blog\/wp-json\/wp\/v2\/types\/post"}],"author":[{"embeddable":true,"href":"https:\/\/www.salvatorianas.org.br\/blog\/wp-json\/wp\/v2\/users\/2"}],"replies":[{"embeddable":true,"href":"https:\/\/www.salvatorianas.org.br\/blog\/wp-json\/wp\/v2\/comments?post=19240"}],"version-history":[{"count":2,"href":"https:\/\/www.salvatorianas.org.br\/blog\/wp-json\/wp\/v2\/posts\/19240\/revisions"}],"predecessor-version":[{"id":19245,"href":"https:\/\/www.salvatorianas.org.br\/blog\/wp-json\/wp\/v2\/posts\/19240\/revisions\/19245"}],"wp:featuredmedia":[{"embeddable":true,"href":"https:\/\/www.salvatorianas.org.br\/blog\/wp-json\/wp\/v2\/media\/19243"}],"wp:attachment":[{"href":"https:\/\/www.salvatorianas.org.br\/blog\/wp-json\/wp\/v2\/media?parent=19240"}],"wp:term":[{"taxonomy":"category","embeddable":true,"href":"https:\/\/www.salvatorianas.org.br\/blog\/wp-json\/wp\/v2\/categories?post=19240"},{"taxonomy":"post_tag","embeddable":true,"href":"https:\/\/www.salvatorianas.org.br\/blog\/wp-json\/wp\/v2\/tags?post=19240"}],"curies":[{"name":"wp","href":"https:\/\/api.w.org\/{rel}","templated":true}]}}