{"id":19236,"date":"2022-11-18T11:56:56","date_gmt":"2022-11-18T11:56:56","guid":{"rendered":"https:\/\/www.salvatorianas.org.br\/blog\/?p=19236"},"modified":"2022-11-18T11:58:09","modified_gmt":"2022-11-18T11:58:09","slug":"sexta-feira-33a-semana-do-tempo-comum","status":"publish","type":"post","link":"https:\/\/www.salvatorianas.org.br\/blog\/sexta-feira-33a-semana-do-tempo-comum\/","title":{"rendered":"Sexta-feira &#8211; 33\u00aa Semana do Tempo Comum"},"content":{"rendered":"\n<h3 class=\"wp-block-heading\">Ora\u00e7\u00e3o do dia<\/h3>\n\n\n\n<p>\u00d3 Deus, guardai sob a prote\u00e7\u00e3o dos ap\u00f3stolos Pedro e Paulo a vossa Igreja, que deles recebe a primeira semente do Evangelho, e concedei que por eles receba, at\u00e9 o fim dos tempos, a gra\u00e7a que a faz crescer. Por Nosso Senhor Jesus Cristo, Vosso Filho, na unidade do Esp\u00edrito Santo.<\/p>\n\n\n\n<h3 class=\"wp-block-heading\">Leitura &#8211;&nbsp;Atos 28,11-16.30-31<\/h3>\n\n\n\n<p>Leitura dos Atos dos Ap\u00f3stolos.<\/p>\n\n\n\n<p>11Depois de tr\u00eas meses, embarcamos num navio alexandrino, que passara o inverno na ilha de Malta e tinha como emblema os Di\u00f3scuros. 12Fizemos escala em Siracusa e a\u00ed permanecemos tr\u00eas dias. 13Depois, costeando, chegamos a R\u00e9gio. No dia seguinte, levantou-se o vento sul e, em dois dias, chegamos a Put\u00e9oli. 14A\u00ed encontramos alguns irm\u00e3os, que nos pediram para ficar sete dias com eles. Em seguida, fomos para Roma. 15Os irm\u00e3os de Roma, informados a nosso respeito, vieram receber-nos no Foro \u00c1pio e Tr\u00eas Tabernas. Ao v\u00ea-los, Paulo deu gra\u00e7as a Deus e sentiu-se animado. 16Quando entramos em Roma, Paulo recebeu permiss\u00e3o para morar em casa particular, com um soldado que o vigiava. 30Paulo morou dois anos numa casa alugada. Ele recebia todos os que o procuravam, 31pregando o Reino de Deus. Com toda a coragem e sem obst\u00e1culos, ele ensinava as coisas que se referiam ao Senhor Jesus Cristo.<\/p>\n\n\n\n<p>Palavra do Senhor.<\/p>\n\n\n\n<h3 class=\"wp-block-heading\">Salmo Responsorial &#8211;&nbsp;97\/98<\/h3>\n\n\n\n<p><strong>O Senhor fez conhecer seu poder salvador, e \u00e0s na\u00e7\u00f5es, sua justi\u00e7a.<\/strong><\/p>\n\n\n\n<p>Cantai ao Senhor Deus um canto novo,<\/p>\n\n\n\n<p>porque ele fez prod\u00edgios.<\/p>\n\n\n\n<p>Sua m\u00e3o e o seu bra\u00e7o forte e santo<\/p>\n\n\n\n<p>alcan\u00e7aram-lhe a vit\u00f3ria.<\/p>\n\n\n\n<p>O Senhor fez conhecer a salva\u00e7\u00e3o,<\/p>\n\n\n\n<p>e \u00e0s na\u00e7\u00f5es, sua justi\u00e7a;<\/p>\n\n\n\n<p>recordou o seu amor sempre fiel<\/p>\n\n\n\n<p>pela casa de Israel.<\/p>\n\n\n\n<p>Os confins do universo contemplaram<\/p>\n\n\n\n<p>a salva\u00e7\u00e3o do nosso Deus.<\/p>\n\n\n\n<p>Aclamai o Senhor Deus, \u00f3 terra inteira,<\/p>\n\n\n\n<p>alegrai-vos e exultai!<\/p>\n\n\n\n<p>Cantai salmos ao Senhor ao som da harpa<\/p>\n\n\n\n<p>e da c\u00edtara suave!<\/p>\n\n\n\n<p>Aclamai, com os clarins e as trombetas,<\/p>\n\n\n\n<p>ao Senhor, o nosso rei.<\/p>\n\n\n\n<h3 class=\"wp-block-heading\">Leitura &#8211;<\/h3>\n\n\n\n<h3 class=\"wp-block-heading\">Evangelho &#8211;&nbsp;Mateus 14,22-33<\/h3>\n\n\n\n<p>Aleluia, aleluia, aleluia.<\/p>\n\n\n\n<p>A v\u00f3s, \u00f3 Deus, louvamos, a v\u00f3s, Senhor, cantamos; vos louva, \u00f3 Senhor, o coro dos ap\u00f3stolos!<\/p>\n\n\n\n<p>Proclama\u00e7\u00e3o do Evangelho de Jesus Cristo segundo Mateus.<\/p>\n\n\n\n<p>Depois que a multid\u00e3o comera fartamente, 22Jesus mandou que os disc\u00edpulos entrassem na barca e seguissem, \u00e0 sua frente, para o outro lado do mar, enquanto ele despediria as multid\u00f5es. 23Depois de despedi-las, Jesus subiu ao monte, para orar a s\u00f3s. A noite chegou, e Jesus continuava ali, sozinho. 24A barca, por\u00e9m, j\u00e1 longe da terra, era agitada pelas ondas, pois o vento era contr\u00e1rio. 25Pelas tr\u00eas horas da manh\u00e3, Jesus veio at\u00e9 os disc\u00edpulos, andando sobre o mar. 26Quando os disc\u00edpulos o avistaram andando sobre o mar, ficaram apavorados e disseram: \u201c\u00c9 um fantasma\u201d. E gritaram de medo. 27Jesus, por\u00e9m, logo lhes disse: \u201cCoragem, sou eu. N\u00e3o tenhais medo!\u201d 28Ent\u00e3o Pedro lhe disse: \u201cSenhor, se \u00e9s tu, manda-me ir ao teu encontro, caminhando sobre a \u00e1gua\u201d. 29E Jesus respondeu: \u201cVem!\u201d Pedro desceu da barca e come\u00e7ou a andar sobre a \u00e1gua, em dire\u00e7\u00e3o a Jesus. 30Mas, quando sentiu o vento, ficou com medo e, come\u00e7ando a afundar, gritou: \u201cSenhor, salva-me!\u201d 31Jesus logo estendeu a m\u00e3o, segurou Pedro e lhe disse: \u201cHomem fraco na f\u00e9, por que duvidaste?\u201d 32Assim que subiram na barca, o vento se acalmou. 33Os que estavam na barca prostraram-se diante dele, dizendo: \u201cVerdadeiramente, tu \u00e9s o Filho de Deus!\u201d<\/p>\n\n\n\n<p>Palavra da salva\u00e7\u00e3o.<\/p>\n\n\n\n<h3 class=\"wp-block-heading\">Coment\u00e1rio ao Evangelho<\/h3>\n\n\n\n<p>EM MEIO \u00c0S TEMPESTADES<\/p>\n\n\n\n<p>A cena evang\u00e9lica desenrola-se em meio aos ventos, tempestades e ondas encapeladas, que p\u00f5em em risco a vida dos disc\u00edpulos, enquanto atravessam o mar da Galileia. Al\u00e9m disso, \u00e9 noite! A natureza toda parece ter-se colocado contra o pequeno grupo. O qu\u00ea fazer neste contexto desesperador, quando todos j\u00e1 haviam sido tomados pelo medo?<\/p>\n\n\n\n<p>A salva\u00e7\u00e3o aparece com a chegada de Jesus. Embora a tempestade continue, ele lhes recomenda a n\u00e3o temer, mas confiar. Quando o Mestre est\u00e1 com eles, podem estar seguros de que n\u00e3o perecer\u00e3o.<\/p>\n\n\n\n<p>A ousadia de Pedro, querendo por \u00e0 prova o Mestre, acabou em fracasso. Amedrontado pelo vento furioso, come\u00e7ou a afundar. Sua falta de f\u00e9 levou-o a duvidar da presen\u00e7a do Senhor. Donde o risco de quase ter sido tragado pelas ondas. S\u00f3 se salvou porque recorreu a Jesus.<\/p>\n\n\n\n<p>Este fato ilustra a vida da comunidade crist\u00e3, atribulada por persegui\u00e7\u00f5es, verdadeiras tempestades que devem enfrentar. Quando tudo parece concorrer para fazer a comunidade sucumbir, \u00e9 preciso reconhecer a presen\u00e7a salvadora do Mestre. At\u00e9 mesmo as lideran\u00e7as, representadas por Pedro, correm o risco de perder a f\u00e9. Atitude arriscada, que pode levar a todos de rold\u00e3o. S\u00f3 \u00e9 poss\u00edvel salvar-se, recorrendo a Jesus: &#8220;Senhor, salva-nos!&#8221;<\/p>\n","protected":false},"excerpt":{"rendered":"<p>Ora\u00e7\u00e3o do dia \u00d3 Deus, guardai sob a prote\u00e7\u00e3o dos ap\u00f3stolos Pedro e Paulo a vossa Igreja, que deles recebe a primeira semente do Evangelho, e concedei que por eles receba, at\u00e9 o&#8230;<\/p>\n","protected":false},"author":2,"featured_media":19237,"comment_status":"open","ping_status":"open","sticky":false,"template":"","format":"standard","meta":[],"categories":[7],"tags":[],"_links":{"self":[{"href":"https:\/\/www.salvatorianas.org.br\/blog\/wp-json\/wp\/v2\/posts\/19236"}],"collection":[{"href":"https:\/\/www.salvatorianas.org.br\/blog\/wp-json\/wp\/v2\/posts"}],"about":[{"href":"https:\/\/www.salvatorianas.org.br\/blog\/wp-json\/wp\/v2\/types\/post"}],"author":[{"embeddable":true,"href":"https:\/\/www.salvatorianas.org.br\/blog\/wp-json\/wp\/v2\/users\/2"}],"replies":[{"embeddable":true,"href":"https:\/\/www.salvatorianas.org.br\/blog\/wp-json\/wp\/v2\/comments?post=19236"}],"version-history":[{"count":1,"href":"https:\/\/www.salvatorianas.org.br\/blog\/wp-json\/wp\/v2\/posts\/19236\/revisions"}],"predecessor-version":[{"id":19238,"href":"https:\/\/www.salvatorianas.org.br\/blog\/wp-json\/wp\/v2\/posts\/19236\/revisions\/19238"}],"wp:featuredmedia":[{"embeddable":true,"href":"https:\/\/www.salvatorianas.org.br\/blog\/wp-json\/wp\/v2\/media\/19237"}],"wp:attachment":[{"href":"https:\/\/www.salvatorianas.org.br\/blog\/wp-json\/wp\/v2\/media?parent=19236"}],"wp:term":[{"taxonomy":"category","embeddable":true,"href":"https:\/\/www.salvatorianas.org.br\/blog\/wp-json\/wp\/v2\/categories?post=19236"},{"taxonomy":"post_tag","embeddable":true,"href":"https:\/\/www.salvatorianas.org.br\/blog\/wp-json\/wp\/v2\/tags?post=19236"}],"curies":[{"name":"wp","href":"https:\/\/api.w.org\/{rel}","templated":true}]}}