{"id":19232,"date":"2022-11-17T12:59:37","date_gmt":"2022-11-17T12:59:37","guid":{"rendered":"https:\/\/www.salvatorianas.org.br\/blog\/?p=19232"},"modified":"2022-11-17T12:59:38","modified_gmt":"2022-11-17T12:59:38","slug":"santa-isabel-da-hungria-memoria-33a-semana-do-tempo-comum","status":"publish","type":"post","link":"https:\/\/www.salvatorianas.org.br\/blog\/santa-isabel-da-hungria-memoria-33a-semana-do-tempo-comum\/","title":{"rendered":"Santa Isabel da Hungria, Mem\u00f3ria 33\u00aa Semana do Tempo Comum"},"content":{"rendered":"\n<h3 class=\"wp-block-heading\">Ora\u00e7\u00e3o do dia<\/h3>\n\n\n\n<p>\u00d3 Deus, que destes a santa Isabel da Hungria reconhecer e venerar o Cristo nos pobres, concedei-nos, por sua intercess\u00e3o, servir os pobres e aflitos com incans\u00e1vel caridade. Por Nosso Senhor Jesus Cristo, Vosso Filho, na unidade do Esp\u00edrito Santo.<\/p>\n\n\n\n<h3 class=\"wp-block-heading\">Leitura &#8211;&nbsp;Apocalipse 5,1-10<\/h3>\n\n\n\n<p>Leitura do livro do Apocalipse de livro de s\u00e3o Jo\u00e3o.<\/p>\n\n\n\n<p>5 1 Eu vi tamb\u00e9m, na m\u00e3o direita do que estava assentado no trono, um livro escrito por dentro e por fora, selado com sete selos.<\/p>\n\n\n\n<p>2 Vi ent\u00e3o um anjo vigoroso, que clamava em alta voz: \u201cQuem \u00e9 digno de abrir o livro e desatar os seus selos?\u201d<\/p>\n\n\n\n<p>3 Mas ningu\u00e9m, nem no c\u00e9u, nem na terra, nem debaixo da terra, podia abrir o livro ou examin\u00e1-lo.<\/p>\n\n\n\n<p>4 Eu chorava muito, porque ningu\u00e9m fora achado digno de abrir o livro e examin\u00e1-lo.<\/p>\n\n\n\n<p>5 Ent\u00e3o um dos Anci\u00e3os me falou: \u201cN\u00e3o chores! O Le\u00e3o da tribo de Jud\u00e1, o descendente de Davi achou meio de abrir o livro e os sete selos\u201d.<\/p>\n\n\n\n<p>6 Eu vi no meio do trono, dos quatro Animais e no meio dos Anci\u00e3os um Cordeiro de p\u00e9, como que imolado. Tinha ele sete chifres e sete olhos (que s\u00e3o os sete Esp\u00edritos de Deus, enviados por toda a terra).<\/p>\n\n\n\n<p>7 Veio e recebeu o livro da m\u00e3o direita do que se assentava no trono.<\/p>\n\n\n\n<p>8 Quando recebeu o livro, os quatro Animais e os vinte e quatro Anci\u00e3os prostraram-se diante do Cordeiro, tendo cada um uma c\u00edtara e ta\u00e7as de ouro cheias de perfume (que s\u00e3o as ora\u00e7\u00f5es dos santos).<\/p>\n\n\n\n<p>9 Cantavam um c\u00e2ntico novo, dizendo: \u201cTu \u00e9s digno de receber o livro e de abrir-lhe os selos, porque foste imolado e resgataste para Deus, ao pre\u00e7o de teu sangue, homens de toda tribo, l\u00edngua, povo e ra\u00e7a;<\/p>\n\n\n\n<p>10 e deles fizeste para nosso Deus um reino de sacerdotes, que reinam sobre a terra\u201d.<\/p>\n\n\n\n<p>Palavra do Senhor.<\/p>\n\n\n\n<h3 class=\"wp-block-heading\">Salmo Responsorial &#8211;&nbsp;149<\/h3>\n\n\n\n<p><strong>Fizestes de n\u00f3s, para Deus, sacerdotes e povo de reis.<\/strong><\/p>\n\n\n\n<p>Cantai ao Senhor Deus um canto novo,<\/p>\n\n\n\n<p>e o seu louvor na assembleia dos fi\u00e9is!<\/p>\n\n\n\n<p>Alegre-se Israel em quem o fez,<\/p>\n\n\n\n<p>e Si\u00e3o se rejubile no seu Rei!<\/p>\n\n\n\n<p>Com dan\u00e7as glorifiquem o seu nome,<\/p>\n\n\n\n<p>toquem harpa e tambor em sua honra!<\/p>\n\n\n\n<p>Porque, de fato, o Senhor ama seu povo<\/p>\n\n\n\n<p>e coroa com vit\u00f3ria os seus humildes.<\/p>\n\n\n\n<p>Exultem os fi\u00e9is por sua gl\u00f3ria,<\/p>\n\n\n\n<p>e cantando se levantem de seus leitos,<\/p>\n\n\n\n<p>com louvores do Senhor em sua boca;<\/p>\n\n\n\n<p>eis a gl\u00f3ria para todos os seus santos.<\/p>\n\n\n\n<h3 class=\"wp-block-heading\">Leitura &#8211;<\/h3>\n\n\n\n<h3 class=\"wp-block-heading\">Evangelho &#8211;&nbsp;Lucas 19,41-44<\/h3>\n\n\n\n<p>Aleluia, aleluia, aleluia.<\/p>\n\n\n\n<p>Oxal\u00e1 ouv\u00edsseis hoje a sua voz: n\u00e3o fecheis os cora\u00e7\u00f5es como em Meriba! (Sl 94,8).<\/p>\n\n\n\n<p>Proclama\u00e7\u00e3o do Evangelho de Jesus Cristo segundo Lucas.<\/p>\n\n\n\n<p>Naquele tempo, 19 41 aproximando-se ainda mais, Jesus contemplou Jerusal\u00e9m e chorou sobre ela, dizendo:<\/p>\n\n\n\n<p>42 \u201cOh! Se tamb\u00e9m tu, ao menos neste dia que te \u00e9 dado, conhecesses o que te pode trazer a paz! Mas n\u00e3o, isso est\u00e1 oculto aos teus olhos.<\/p>\n\n\n\n<p>43 Vir\u00e3o sobre ti dias em que os teus inimigos te cercar\u00e3o de trincheiras, te sitiar\u00e3o e te apertar\u00e3o de todos os lados;<\/p>\n\n\n\n<p>44 destruir-te-\u00e3o a ti e a teus filhos que estiverem dentro de ti, e n\u00e3o deixar\u00e3o em ti pedra sobre pedra, porque n\u00e3o conheceste o tempo em que foste visitada\u201d.<\/p>\n\n\n\n<p>Palavra da Salva\u00e7\u00e3o.<\/p>\n\n\n\n<h3 class=\"wp-block-heading\">Coment\u00e1rio ao Evangelho<\/h3>\n\n\n\n<p>A VISITA RECUSADA<\/p>\n\n\n\n<p>O pranto de Jesus sobre Jerusal\u00e9m expressava sua frustra\u00e7\u00e3o diante de um povo fechado \u00e0 sua prega\u00e7\u00e3o, e que relutava em converter-se diante de seus apelos. Embora Jesus tenha sido enviado pelo Pai como mensageiro de paz, tornou-se v\u00edtima do \u00f3dio e da persegui\u00e7\u00e3o dos destinat\u00e1rios de sua miss\u00e3o. Ele tinha \u00e0 sua frente pessoas cegadas por um esquema mental t\u00e3o r\u00edgido, a ponto de n\u00e3o abrirem espa\u00e7o para a novidade do Reino que lhes era anunciado. Pensavam ter encontrado Deus, mas se recusavam a acolh\u00ea-lo na pessoa de seu enviado.<\/p>\n\n\n\n<p>O mensageiro da paz transformou-se, ent\u00e3o, em anunciador de castigos e desgra\u00e7as. Num linguajar pr\u00f3prio dos antigos profetas, Jesus anunciou o futuro, sem meios termos. A infidelidade a Deus levaria o povo \u00e0 ru\u00edna completa. Seu orgulho seria dobrado pela a\u00e7\u00e3o inclemente dos inimigos, que n\u00e3o teriam miseric\u00f3rdia. O povo escolhido de outrora n\u00e3o seria mais objeto do carinho divino.<\/p>\n\n\n\n<p>As palavras fortes de Jesus contra Jerusal\u00e9m constitu\u00edam-se no seu \u00faltimo apelo prof\u00e9tico \u00e0 convers\u00e3o. Nenhum prazer lhe causaria ver a cidade santa destru\u00edda e o povo massacrado. Entretanto, pelos rumos que as coisas estavam tomando, n\u00e3o havia d\u00favida quanto ao desfecho da situa\u00e7\u00e3o. N\u00e3o foi por falta de alerta que o castigo chegaria.<\/p>\n","protected":false},"excerpt":{"rendered":"<p>Ora\u00e7\u00e3o do dia \u00d3 Deus, que destes a santa Isabel da Hungria reconhecer e venerar o Cristo nos pobres, concedei-nos, por sua intercess\u00e3o, servir os pobres e aflitos com incans\u00e1vel caridade. Por Nosso&#8230;<\/p>\n","protected":false},"author":2,"featured_media":19233,"comment_status":"open","ping_status":"open","sticky":false,"template":"","format":"standard","meta":[],"categories":[7],"tags":[],"_links":{"self":[{"href":"https:\/\/www.salvatorianas.org.br\/blog\/wp-json\/wp\/v2\/posts\/19232"}],"collection":[{"href":"https:\/\/www.salvatorianas.org.br\/blog\/wp-json\/wp\/v2\/posts"}],"about":[{"href":"https:\/\/www.salvatorianas.org.br\/blog\/wp-json\/wp\/v2\/types\/post"}],"author":[{"embeddable":true,"href":"https:\/\/www.salvatorianas.org.br\/blog\/wp-json\/wp\/v2\/users\/2"}],"replies":[{"embeddable":true,"href":"https:\/\/www.salvatorianas.org.br\/blog\/wp-json\/wp\/v2\/comments?post=19232"}],"version-history":[{"count":1,"href":"https:\/\/www.salvatorianas.org.br\/blog\/wp-json\/wp\/v2\/posts\/19232\/revisions"}],"predecessor-version":[{"id":19234,"href":"https:\/\/www.salvatorianas.org.br\/blog\/wp-json\/wp\/v2\/posts\/19232\/revisions\/19234"}],"wp:featuredmedia":[{"embeddable":true,"href":"https:\/\/www.salvatorianas.org.br\/blog\/wp-json\/wp\/v2\/media\/19233"}],"wp:attachment":[{"href":"https:\/\/www.salvatorianas.org.br\/blog\/wp-json\/wp\/v2\/media?parent=19232"}],"wp:term":[{"taxonomy":"category","embeddable":true,"href":"https:\/\/www.salvatorianas.org.br\/blog\/wp-json\/wp\/v2\/categories?post=19232"},{"taxonomy":"post_tag","embeddable":true,"href":"https:\/\/www.salvatorianas.org.br\/blog\/wp-json\/wp\/v2\/tags?post=19232"}],"curies":[{"name":"wp","href":"https:\/\/api.w.org\/{rel}","templated":true}]}}