{"id":19225,"date":"2022-11-15T20:43:00","date_gmt":"2022-11-15T20:43:00","guid":{"rendered":"https:\/\/www.salvatorianas.org.br\/blog\/?p=19225"},"modified":"2022-11-16T12:48:43","modified_gmt":"2022-11-16T12:48:43","slug":"18o-congresso-eucaristico-nacional-testemunho-publico-de-fe-e-de-vida-eclesial","status":"publish","type":"post","link":"https:\/\/www.salvatorianas.org.br\/blog\/18o-congresso-eucaristico-nacional-testemunho-publico-de-fe-e-de-vida-eclesial\/","title":{"rendered":"18\u00ba Congresso Eucar\u00edstico Nacional: Testemunho p\u00fablico de f\u00e9 e de vida eclesial"},"content":{"rendered":"\n<p>O 18\u00ba Congresso Eucar\u00edstico Nacional (CEN), aconteceu na Grande Recife, entre os dias 11 e 15 de novembro. O Tema do congresso <strong>&#8220;P\u00e3o em todas as mesas<\/strong>&#8221; ser\u00e1 uma excelente ocasi\u00e3o para a promo\u00e7\u00e3o de uma verdadeira catequese sobre a eucaristia e de viv\u00eancia deste grande mist\u00e9rio de f\u00e9 nas comunidades.<\/p>\n\n\n\n<p>Um Congresso Eucar\u00edstico quer ser a converg\u00eancia de todas as pessoas que professam a f\u00e9 cat\u00f3lica na realidade da Sant\u00edssima Eucaristia, e que desejam dar um testemunho p\u00fablico de sua f\u00e9 na presen\u00e7a real do Senhor Jesus, animando, consolando e convertendo os fi\u00e9is.<\/p>\n\n\n\n<p>Realizado geralmente a cada quatro anos, o congresso de Recife, que tem como figura de destaque o legado pontif\u00edcio na pessoa do bispo em\u00e9rito de Leiria-F\u00e1tima, diocese portuguesa, cardeal dom Ant\u00f3nio Augusto dos Santos Marto, deve receber mais de 13 mil pessoas de diversas partes do pa\u00eds. Mais de 200 bispos e mil padres est\u00e3o inscritos no evento, que \u00e9 um dos mais importantes para a Igreja Cat\u00f3lica no Brasil.<\/p>\n\n\n\n<p>O congresso tem a tradi\u00e7\u00e3o de deixar um legado em todas as cidades por que passa. Neste ano, a heran\u00e7a para o Recife ser\u00e1 a &#8220;Casa do P\u00e3o&#8221;, um espa\u00e7o de apoio para a popula\u00e7\u00e3o mais necessitada.<\/p>\n\n\n\n<h2 class=\"wp-block-heading\"><strong>Missa Solene abre o 18\u00ba Congresso Eucar\u00edstico Nacional, em Olinda (PE)<\/strong><\/h2>\n\n\n\n<p><\/p>\n\n\n\n<p><\/p>\n\n\n\n<figure class=\"wp-block-image\"><img decoding=\"async\" src=\"https:\/\/cen2020.com.br\/wp-content\/uploads\/2022\/11\/missa-abertura.jpeg\" alt=\"\"\/><\/figure>\n\n\n\n<p><\/p>\n\n\n\n<p>A celebra\u00e7\u00e3o da Santa Missa abriu, na noite desta sexta-feira (11), o\u00a018\u00ba Congresso Eucar\u00edstico Nacional, na \u00e1rea externa do Centro de Conven\u00e7\u00f5es de Pernambuco, em Olinda (PE). Em torno do altar, cerca de 10 mil pessoas participaram da liturgia presidida pelo bispo em\u00e9rito de Leiria-F\u00e1tima, em Portugal, e enviado especial do Papa Francisco, o cardeal Dom Ant\u00f3nio Marto.<\/p>\n\n\n\n<p>Entre os concelebrantes, o n\u00fancio apost\u00f3lico no Brasil, Dom Giambattista Diquattro; o arcebispo de S\u00e3o Paulo, cardeal Dom Odilo Pedro Scherer; o presidente da CNBB NE2, Dom Paulo Jackson N\u00f3brega de Sousa; o arcebispo de Olinda e Recife, Dom Fernando Saburido, e seu auxiliar, Dom Limacedo Ant\u00f4nio da Silva.<\/p>\n\n\n\n<p>Quase 180 bispos estiveram presentes, assim como mais de mil sacerdotes, al\u00e9m de seminaristas, di\u00e1conos e religiosos. A solenidade foi transmitida para todo o Brasil por uma cadeia de TVs e r\u00e1dios de inspira\u00e7\u00e3o cat\u00f3lica, e para o mundo por meio de canais do YouTube, estendendo a grande mesa eucar\u00edstica aos cinco continentes.<\/p>\n\n\n\n<p>O cardeal destacou que o tema do 18\u00ba CEN interpela a todos, sobretudo, uma \u201chumanidade provada no trauma de uma pandemia, dilacerada pelo drama de uma terceira guerra mundial em epis\u00f3dios de efeitos globais de migra\u00e7\u00e3o for\u00e7ada\u201d. Dom Marto ainda destacou que o Congresso chama aten\u00e7\u00e3o para o agravamento da pobreza e das desigualdades sociais.<\/p>\n\n\n\n<p>\u201cSaboreamos essa Eucaristia com fervor, alegria e gratid\u00e3o para que o dom que nos \u00e9 oferecido no sacramento possa ser verdadeiramente colhido na nossa vida e possa dar frutos abundantes de gra\u00e7a e de esperan\u00e7a a este mundo e a este tempo dif\u00edceis\u201d, declarou o cardeal.<\/p>\n\n\n\n<h2 class=\"wp-block-heading\"><strong>Dom Helder Camara<\/strong><\/h2>\n\n\n\n<p>Ao chamar a aten\u00e7\u00e3o para a partilha do p\u00e3o como extens\u00e3o da comunh\u00e3o com o Cristo na mesa eucar\u00edstica, Dom Marto lembrou o Servo de Deus e arcebispo de Olinda e Recife entre 1964 e 1985, Dom Helder Camara. \u201cQuando S\u00e3o Jo\u00e3o Paulo II esteve aqui no recife chamou \u2018Dom Helder irm\u00e3o dos pobres meu irm\u00e3o\u2019. Eles poderiam dizer as palavras de Madre Teresa de Calcut\u00e1: \u2018na missa n\u00f3s temos Jesus presente sob a apar\u00eancia do p\u00e3o, enquanto nas favelas vemos e tocamos Cristo nos corpos mutilados e nas crian\u00e7as\u2019\u201d, declarou.<\/p>\n\n\n\n<p>Dom Helder foi homenageado mais cedo. Na Igreja Catedral Sant\u00edssimo Salvador do Mundo, S\u00e9 de Olinda, os bispos&nbsp; se reuniram para rezar a Liturgia das Horas e foram surpreendidos por dom Fernando Saburido, que presenteou os irm\u00e3os no episcopado com uma r\u00e9plica da cruz peitoral usada pelo Dom da Paz. \u201cUma figura emblem\u00e1tica para todo episcopado brasileiro e aqui ele foi lembrado mais uma vez\u201d, comemorou o bispo da Diocese de Ponta de Pedras (PA), Dom Teodoro Mendes Tavares.<\/p>\n\n\n\n<p>Dom Saburido refor\u00e7ou o quanto Dom Helder \u00e9 amado, sobretudo, no Recife e que para os pernambucanos \u201cele n\u00e3o morreu\u201d. \u201cDe modo que esse Congresso est\u00e1 levando muito em foco a sua pessoa\u201d, afirmou o arcebispo.<\/p>\n\n\n\n<p>Os bispos e arcebispos encerraram a tarde de ora\u00e7\u00e3o e confraterniza\u00e7\u00e3o fazendo uma visita ao Semin\u00e1rio de Olinda, um dos mais antigos do Brasil e que foi revitalizado recentemente.<\/p>\n\n\n\n<h2 class=\"wp-block-heading\"><strong>Segundo dia do CEN tem estreia do Simp\u00f3sio Teol\u00f3gico, Momento Mariano e Vig\u00edlia da Juventude<\/strong><\/h2>\n\n\n\n<p><\/p>\n\n\n\n<figure class=\"wp-block-image\"><img decoding=\"async\" src=\"https:\/\/cen2020.com.br\/wp-content\/uploads\/2022\/11\/simposio-1.jpeg\" alt=\"\"\/><\/figure>\n\n\n\n<p><\/p>\n\n\n\n<p>O 18\u00ba Congresso Eucar\u00edstico Nacional (CEN) retoma as atividades neste s\u00e1bado (12) com missa celebrada, \u00e0s 8h, na capela montada no Centro de Conven\u00e7\u00f5es (Cecon) de Pernambuco, em Olinda (PE). No mesmo hor\u00e1rio e tamb\u00e9m dentro do pavilh\u00e3o do Cecon, ser\u00e3o reabertas ao p\u00fablico a Exposi\u00e7\u00e3o Testemunhas de Santidade, a mostra das Pastorais Sociais e a Feira Cat\u00f3lica.<\/p>\n\n\n\n<p>Este segundo dia do CEN \u00e9 marcado pela estreia do&nbsp;<strong><a href=\"https:\/\/cnbbne2.org.br\/congresso-eucaristico-membros-da-presidencia-e-de-regionais-e-comissoes-da-cnbb-conduzirao-oficinas-e-catequeses\/\">Simp\u00f3sio Teol\u00f3gico<\/a><\/strong>&nbsp;que ser\u00e1 composto por confer\u00eancias e oficinas conduzidas por padres, bispos e cardeais do Brasil, e seguir\u00e1 at\u00e9 segunda-feira (14) sempre a partir das 9h, no Teatro Guararapes. \u00danica atividade paga do Congresso, o Simp\u00f3sio tem o objetivo de aprofundar o mist\u00e9rio da Eucaristia \u2013 \u201cfonte e \u00e1pice de toda vida crist\u00e3\u201d \u2013 a partir do Texto-Base. Esse subs\u00eddio re\u00fane escritos de religiosos, doutores e estudiosos em sete cap\u00edtulos que se desdobram a partir do tema \u201cP\u00e3o em todas as mesas\u201d e lema \u201cRepartiam o p\u00e3o com alegria e n\u00e3o havia necessitados entre eles\u201d (At 2,46) do CEN.<\/p>\n\n\n\n<p>A primeira confer\u00eancia do Simp\u00f3sio Teol\u00f3gico discutir\u00e1 a \u201cEspiritualidade Eucar\u00edstica: Entre piedade e escr\u00fapulos\u201d e ser\u00e1 ministrada pelo bispo da Diocese de Nossa Senhora do Livramento (BA), Dom Armando Bucciol. O mesmo mote ser\u00e1 o norteador da oficina conduzida pelo bispo da Diocese de Caic\u00f3 (RN) e vice-presidente da CNBB NE2, Dom Ant\u00f4nio Carlos Cruz Santos, MSC, \u00e0s 11h.<\/p>\n\n\n\n<p>No mesmo hor\u00e1rio, mas no Audit\u00f3rio Tabocas ocorrer\u00e1 a oficina \u201cCelebra\u00e7\u00e3o Eucar\u00edstica e minist\u00e9rios\u201d assessorada pelo Padre Francisco Taborda, SJ. J\u00e1 no Audit\u00f3rio Beberibe o arcebispo da Arquidiocese de Curitiba (PR), Dom Jos\u00e9 Ant\u00f4nio Peruzzo, conduzir\u00e1 a oficina \u201cA liturgia da Palavra na Celebra\u00e7\u00e3o Eucar\u00edstica\u201d.<\/p>\n\n\n\n<h2 class=\"wp-block-heading\"><strong>Catequeses P\u00fablicas<\/strong><\/h2>\n\n\n\n<p>A partir deste s\u00e1bado at\u00e9 a segunda-feira (14), o p\u00fablico poder\u00e1 acompanhar as Catequeses P\u00fablicas que ser\u00e3o ministradas no palco montado na Feira Cat\u00f3lica. As sess\u00f5es ocorrer\u00e3o sempre \u00e0s 14h e \u00e0s 16h.<\/p>\n\n\n\n<p>No primeiro dia, o bispo da Diocese de Ara\u00e7ua\u00ed (MG) e membro do Instituto Prado, Dom Esmeraldo Barreto de Farias, apresentar\u00e1 o tema \u201cEucaristia e Miss\u00e3o\u201d, \u00e0s 14h. Na segunda catequese, \u00e0s 16h, a religiosa da Congrega\u00e7\u00e3o das Mensageiras do Amor Divino, Maria In\u00eas Vieira Ribeiro apresentar\u00e1 o tema \u201cAspectos essenciais da teologia eucar\u00edstica cat\u00f3lica\u201d.<\/p>\n\n\n\n<h2 class=\"wp-block-heading\"><strong>Momento Mariano<\/strong><\/h2>\n\n\n\n<p>Tradicionalmente a Igreja dedica o s\u00e1bado \u00e0 Nossa Senhora e no Congresso n\u00e3o ser\u00e1 diferente. \u00c0s 18h, devotos de Maria se reunir\u00e3o nas 150 par\u00f3quias da Arquidiocese de Olinda e Recife para rezar o Santo Ter\u00e7o, com transmiss\u00e3o a partir dos santu\u00e1rios:<\/p>\n\n\n\n<ul><li>Santu\u00e1rio Arquidiocesano Nossa Senhora da Concei\u00e7\u00e3o do Morro, em Casa Amarela, zona norte do Recife (1\u00ba mist\u00e9rio);<\/li><li>Santu\u00e1rio M\u00e3e Rainha de Schoenstatt, em Ouro Preto, Olinda (2\u00ba mist\u00e9rio);<\/li><li>Santu\u00e1rio Arquidiocesano Nossa Senhora Aparecida, em Jussaral, no Cabo de Santo Agostinho (3\u00ba mist\u00e9rio);<\/li><li>Santu\u00e1rio Arquidiocesano Nossa Senhora da Escada, em Escada (4\u00ba mist\u00e9rio);<\/li><li>Santu\u00e1rio Arquidiocesano Nossa Senhora de F\u00e1tima, na Soledade, centro do Recife (5\u00ba mist\u00e9rio).<\/li><\/ul>\n\n\n\n<p>A Ora\u00e7\u00e3o do Ter\u00e7o Mariano ser\u00e1 apresentada pelo padre e cantor Dami\u00e3o Silva com transmiss\u00e3o pelas redes sociais da Arquidiocese de Olinda e Recife e pelas TVs de inspira\u00e7\u00e3o cat\u00f3lica. O encerramento ser\u00e1 com o legado pontif\u00edcio, o bispo em\u00e9rito de Leiria-F\u00e1tima, o Cardeal Dom Ant\u00f3nio Marto, que presidir\u00e1, \u00e0s 19h, a Celebra\u00e7\u00e3o Eucar\u00edstica, no Santu\u00e1rio de F\u00e1tima \u2013 o primeiro do mundo dedicado \u00e0 santa.<\/p>\n\n\n\n<h2 class=\"wp-block-heading\"><strong>Vig\u00edlia da Juventude<\/strong><\/h2>\n\n\n\n<p>Jovens de todo o Brasil viver\u00e3o um momento especial na Vig\u00edlia da Juventude, que ser\u00e1 realizada na \u00e1rea externa do Cecon. Ser\u00e3o 10 horas de louvor, shows, adora\u00e7\u00e3o e missa, come\u00e7ando \u00e0s 20h do s\u00e1bado com acolhida e sauda\u00e7\u00e3o do arcebispo de Olinda e Recife, dom Fernando Saburido, seguida de apresenta\u00e7\u00e3o cultural.&nbsp;<\/p>\n\n\n\n<p>\u00c0s 23h, os jovens acolher\u00e3o as rel\u00edquias dos beatos Carlos Acutis e Benigna Cardoso. Logo depois, \u00e0 0h do domingo (13), o presidente da Comiss\u00e3o Regional Pastoral para a Juventude da CNBB NE2, dom Ant\u00f4nio Carlos Santos Cruz, presidir\u00e1 a Santa Missa.<\/p>\n\n\n\n<p>Ap\u00f3s a Celebra\u00e7\u00e3o da Eucaristia, o padre Adilson Sim\u00f5es, da Diocese de Pesqueira (PE), conduzir\u00e1 a catequese e a Adora\u00e7\u00e3o ao Sant\u00edssimo Sacramento. A partir das 2h45, o Frei Gilson assumir\u00e1 o momento de adora\u00e7\u00e3o at\u00e9 \u00e0s 4h quando ser\u00e1 rezado o Santo Ros\u00e1rio em homenagem a \u201cMaria, mulher eucar\u00edstica\u201d. O encerramento ser\u00e1 \u00e0s 6h com a apresenta\u00e7\u00e3o do tenor Igor Alves.<\/p>\n\n\n\n<h2 class=\"wp-block-heading\"><strong>CEN tem programa\u00e7\u00e3o para a fam\u00edlia e celebra\u00e7\u00e3o da Primeira Comunh\u00e3o para 3 mil crian\u00e7as <\/strong><\/h2>\n\n\n\n<p><\/p>\n\n\n\n<figure class=\"wp-block-image\"><img decoding=\"async\" src=\"https:\/\/cen2020.com.br\/wp-content\/uploads\/2022\/11\/IMG_5497-1024x683.jpg\" alt=\"\"\/><\/figure>\n\n\n\n<p><\/p>\n\n\n\n<p>O terceiro dia do CEN teve in\u00edcio com a Celebra\u00e7\u00e3o Eucar\u00edstica, \u00e0s 8h, na capela montada no mezanino do pavilh\u00e3o do Cecon. Ainda nesta manh\u00e3 acontece o Simp\u00f3sio Teol\u00f3gico no Teatro Guararapes com a confer\u00eancia \u201cEucaristia e pluralidade cultural: desafios teol\u00f3gicos e pastorais\u201d, que ser\u00e1 ministrada pelo arcebispo primaz de S\u00e3o Salvador (BA), o cardeal S\u00e9rgio da Rocha.<\/p>\n\n\n\n<p>Seguindo as atividades do Simp\u00f3sio Teol\u00f3gico, que visa debater e aprofundar os estudos sobre a Eucaristia a partir do Texto-Base escrito por especialistas para o CEN, ser\u00e3o realizadas tr\u00eas oficinas simultaneamente a partir das 11h. Entre os ministrantes estar\u00e3o o arcebispo de Manaus (AM) e rec\u00e9m-nomeado cardeal pelo Papa Francisco, Dom Leonardo Steiner, e o bispo de Garanhuns (PE) e presidente do Regional Nordeste 2 da Confer\u00eancia Nacional dos Bispos do Brasil (CNBB NE2), Dom Paulo Jackson N\u00f3brega de Sousa.<\/p>\n\n\n\n<p>A partir das 14h, no palco da Feira Cat\u00f3lica, onde est\u00e3o reunidos mais de 140 expositores, ter\u00e1 in\u00edcio o segundo dia de Catequeses P\u00fablicas. Na primeira palestra, o bispo auxiliar da Arquidiocese do Rio de Janeiro e secret\u00e1rio-executivo da CNBB, Dom Joel Amado Portella, apresentar\u00e1 o tema \u201cEucaristia e unidade em tempos de polariza\u00e7\u00e3o\u201d. Em seguida, \u00e0s 16h, ser\u00e1 a vez do jornalista, professor e fundador da Comunidade dos Viventes, Gabriel Marquim, fazer a palestra \u201cEucaristia e os empobrecidos no contexto da pandemia\u201d.<\/p>\n\n\n\n<h2 class=\"wp-block-heading\"><strong>Para a fam\u00edlia<\/strong><\/h2>\n\n\n\n<p>A programa\u00e7\u00e3o do 18\u00ba CEN no Centro de Conven\u00e7\u00f5es \u00e9 uma oportunidade gratuita para todos da fam\u00edlia. Dentro da Feira Cat\u00f3lica h\u00e1 op\u00e7\u00f5es para os adultos, mas tamb\u00e9m para as crian\u00e7as. No super stand da Comiss\u00e3o Pastoral para a Anima\u00e7\u00e3o Mission\u00e1ria, os pais e as m\u00e3es encontram atividades para as crian\u00e7as que incluem recrea\u00e7\u00e3o e oficinas de pintura.<\/p>\n\n\n\n<p>A feira ainda conta com uma pra\u00e7a de alimenta\u00e7\u00e3o. A entrada tamb\u00e9m \u00e9 gratuita e o funcionamento vai at\u00e9 \u00e0s 20h.<\/p>\n\n\n\n<h2 class=\"wp-block-heading\"><strong>Primeira Comunh\u00e3o<\/strong><\/h2>\n\n\n\n<p>A Arquidiocese de Olinda e Recife, anfitri\u00e3 pela segunda vez do Congresso Eucar\u00edstico Nacional, acolhe nesta edi\u00e7\u00e3o mais de 180 bispos e arcebispos de todo o Brasil. Os ep\u00edscopos, neste domingo, ter\u00e3o a miss\u00e3o de celebrar a Primeira Eucaristia para cerca de 3.000 crian\u00e7as. As solenidades ocorrer\u00e3o nas 148 par\u00f3quias e tr\u00eas \u00e1reas pastorais da arquidiocese a partir das 17h.<\/p>\n\n\n\n<p>O bispo em\u00e9rito de Leiria-F\u00e1tima e legado pontif\u00edcio para o 18\u00ba CEN, Cardeal Dom Ant\u00f3nio Marto, preside a celebra\u00e7\u00e3o da Primeira Comunh\u00e3o, \u00e0s 18h, no Santu\u00e1rio de Nossa Senhora da Concei\u00e7\u00e3o, no Morro da Concei\u00e7\u00e3o, zona norte do Recife.<\/p>\n\n\n\n<p>Ap\u00f3s ministrar os sacramentos aos milhares de meninos e de meninas, os bispos e arcebispos celebrar\u00e3o a Santa Missa junto com os fi\u00e9is da comunidade local, \u00e0s 19h.\u00a0<\/p>\n\n\n\n<h2 class=\"wp-block-heading\"><strong>CEN entra na reta final com a conclus\u00e3o do Simp\u00f3sio Teol\u00f3gico e das Catequeses P\u00fablicas nesta segunda (14)<\/strong><\/h2>\n\n\n\n<p><\/p>\n\n\n\n<figure class=\"wp-block-image\"><img decoding=\"async\" src=\"https:\/\/cen2020.com.br\/wp-content\/uploads\/2022\/11\/DSC01668-1024x683.jpg\" alt=\"\"\/><\/figure>\n\n\n\n<p><\/p>\n\n\n\n<p>O 18\u00ba Congresso Eucar\u00edstico Nacional (CEN) entra, nesta segunda-feira (14), na reta final com a conclus\u00e3o do Simp\u00f3sio Teol\u00f3gico e das Catequeses P\u00fablicas, ambas as atividades acontecem no Centro de Conven\u00e7\u00f5es de Pernambuco (Cecon). O CEN \u00e9 um dos mais importantes eventos da Igreja Cat\u00f3lica no Brasil e nesta edi\u00e7\u00e3o est\u00e1 reunindo mais de 180 bispos e de 1,2 mil padres, al\u00e9m de religiosos e religiosas, di\u00e1conos, seminaristas e leigos.<\/p>\n\n\n\n<p>Neste quarto e pen\u00faltimo dia de Congresso, a programa\u00e7\u00e3o come\u00e7a \u00e0s 8h com a Missa celebrada na capela montada no mezanino do pavilh\u00e3o do Cecon. Em seguida, ser\u00e3o reabertas a Feira Cat\u00f3lica, com mais de 140 expositores de diversos segmentos do mercado religiosos, e as exposi\u00e7\u00f5es \u201cTestemunhas de Santidade\u201d e das Pastorais Sociais.<\/p>\n\n\n\n<h2 class=\"wp-block-heading\"><strong>Simp\u00f3sio Teol\u00f3gico<\/strong><\/h2>\n\n\n\n<p>A \u00faltima confer\u00eancia do Simp\u00f3sio Teol\u00f3gico ser\u00e1 ministrada pelo arcebispo de Belo Horizonte e presidente da Confer\u00eancia Nacional dos Bispos do Brasil (CNBB), Dom Walmor Oliveira de Azevedo. O prelado apresentar\u00e1 o tema \u201cEucaristia: alimento para a miss\u00e3o\u201d, no Teatro Guararapes, a partir das 9h.<\/p>\n\n\n\n<p>\u00danica atividade paga do Congresso, o Simp\u00f3sio tem o objetivo de aprofundar o mist\u00e9rio da Eucaristia \u2013 \u201cfonte e \u00e1pice de toda vida crist\u00e3\u201d \u2013 a partir do Texto-Base. Esse subs\u00eddio re\u00fane escritos de religiosos, doutores e estudiosos em sete cap\u00edtulos que se desdobram a partir do tema \u201cP\u00e3o em todas as mesas\u201d e lema \u201cRepartiam o p\u00e3o com alegria e n\u00e3o havia necessitados entre eles\u201d (At 2,46) do CEN.<\/p>\n\n\n\n<p>Ap\u00f3s a confer\u00eancia, \u00e0s 11h, os congressistas se dividir\u00e3o para participar das oficinas: \u201cCelebra\u00e7\u00e3o Eucar\u00edstica: ritos e formas\u201d com o bispo de Paranagu\u00e1 (PR) e presidente da Comiss\u00e3o Episcopal de Pastoral para a Liturgia da CNBB, Dom Edmar Peron, no Teatro Guararapes; \u201cEucaristia e miss\u00e3o em Aparecida e na&nbsp;<em>Evangelii Gaudium<\/em>\u201d, conduzida pelo secret\u00e1rio nacional da Pontif\u00edcia Uni\u00e3o Mission\u00e1ria, Padre Ant\u00f4nio Niemiec, no Audit\u00f3rio Tabocas; \u201cEucaristia e inicia\u00e7\u00e3o \u00e0 vida crist\u00e3\u201d ser\u00e1 ministrada no Audit\u00f3rio Beberibe pelo arcebispo de Santa Maria (RS), Dom Leomar Brustolin.<\/p>\n\n\n\n<h2 class=\"wp-block-heading\"><strong>Catequeses P\u00fablicas<\/strong><\/h2>\n\n\n\n<p>Visitantes da Feira Cat\u00f3lica do 18\u00ba CEN t\u00eam a oportunidade de participar das Catequeses P\u00fablicas ministradas por bispos, sacerdotes, religiosas e leigos no palco montado no pavilh\u00e3o do Cecon.<\/p>\n\n\n\n<p>Neste \u00faltimo dia de forma\u00e7\u00f5es, a professora da Universidade Federal de Roraima e integrante da Rede Eclesial Panamaz\u00f4nica&nbsp; (Repam), M\u00e1rcia Oliveira, vai apresentar a palestra \u201cEucaristia e Sinodalidade na Amaz\u00f4nia: novos caminhos para a Igreja e para uma ecologia integral\u201d. A primeira catequese tem in\u00edcio \u00e0s 14h.<\/p>\n\n\n\n<p>O padre Reginaldo Manzotti ir\u00e1 ministrar a \u00faltima catequese p\u00fablica, a partir das 16h. O sacerdote da Arquidiocese de Curitiba, que tamb\u00e9m \u00e9 cantor, escritor e apresentador, traz para o 18\u00ba CEN o tema \u201cEucaristia, comunica\u00e7\u00e3o e evangeliza\u00e7\u00e3o\u201d.<\/p>\n\n\n\n<h2 class=\"wp-block-heading\"><strong>Inaugura\u00e7\u00e3o da Casa do P\u00e3o e pronunciamento oficial da sede do 19\u00ba Congresso Eucar\u00edstico Nacional marcam o \u00faltimo dia do 18\u00ba CEN<\/strong><\/h2>\n\n\n\n<p><\/p>\n\n\n\n<figure class=\"wp-block-image\"><img decoding=\"async\" src=\"https:\/\/cen2020.com.br\/wp-content\/uploads\/2022\/11\/Copia-de-httpsdrive.google.comdriveu0folders1Zhd9cVTowiRUk0spHxbOb2iQyhELNArj-1-1-1080x675.png\" alt=\"\"\/><\/figure>\n\n\n\n<p><\/p>\n\n\n\n<p>A inaugura\u00e7\u00e3o da Casa do P\u00e3o, marco do 18\u00ba CEN, ser\u00e1 realizada \u00e0s 9h na sede do espa\u00e7o, localizada na Rua do Imperador, bairro de Santo Ant\u00f4nio. A atividade inaugural ir\u00e1 ofertar um caf\u00e9 da manh\u00e3 com mil refei\u00e7\u00f5es para os bispos e os futuros assistidos do projeto. Os preparativos dos alimentos t\u00eam in\u00edcio \u00e0s 5h30, no convento de Santo Ant\u00f4nio, na mesma localidade.<\/p>\n\n\n\n<p>A feitura das refei\u00e7\u00f5es contar\u00e1 com o aux\u00edlio de 120 volunt\u00e1rios, que j\u00e1 realizam trabalhos ligados a in\u00fameras ONGs e Pastoral do Povo de Rua do Regional Nordeste 2 da Confer\u00eancia Nacional dos Bispos do Brasil (CNBB NE2). &nbsp;Para os moradores em situa\u00e7\u00e3o de rua, o projeto Banho do Bem ir\u00e1 garantir a higiene pessoal.<\/p>\n\n\n\n<p>O ato inaugural contar\u00e1 com o pronunciamento do legado pontif\u00edcio, do Ant\u00f3nio Marto, e do arcebispo de Olinda e Recife, dom Fernando Saburido. Na sequ\u00eancia, o corte simb\u00f3lico da fita e o descerramento de placa conclui a cerim\u00f4nia.<\/p>\n\n\n\n<p>As mil refei\u00e7\u00f5es ser\u00e3o postas \u00e0 mesa e servidas em marmitas numa estrutura que ser\u00e1 montada no mesmo logradouro, e ir\u00e1 ofertar \u2013 entre as op\u00e7\u00f5es do card\u00e1pio \u2013 cuscuz, bolo, sanduiche, suco e caf\u00e9.<\/p>\n\n\n\n<p><\/p>\n\n\n\n<h2 class=\"wp-block-heading\">Milhares de fi\u00e9is se re\u00fanem para o encerramento do XVIII Congresso Eucar\u00edstico Nacional<\/h2>\n\n\n\n<p><\/p>\n\n\n\n<figure class=\"wp-block-image\"><img decoding=\"async\" src=\"https:\/\/www.a12.com\/source\/files\/originals\/Encerramento_18_Congresso_Eucaristico_Nacional_-_local-519908.jpeg\" alt=\"\"\/><\/figure>\n\n\n\n<p><\/p>\n\n\n\n<p><strong>\u00c0s 16h desta ter\u00e7a-feira, 15 de novembro<\/strong>, o Marco Zero de Recife &#8211; PE, recebeu a&nbsp;<strong>Celebra\u00e7\u00e3o Eucar\u00edstica de Conclus\u00e3o do Congresso.<\/strong><\/p>\n\n\n\n<p><strong>Com tema \u201cP\u00e3o em todas as mesas\u201d e lema \u201cRepartiam o p\u00e3o com alegria e n\u00e3o havia necessitados entre eles\u201d<\/strong>, o Congresso visa&nbsp;<strong>convergir todos os cat\u00f3licos sobre a Sant\u00edssima Eucaristia,<\/strong>&nbsp;de forma que busca partilhar testemunhos p\u00fablicos de f\u00e9 em Jesus Eucar\u00edstico.<\/p>\n\n\n\n<p><strong>O tema que \u00e9 t\u00e3o atual e necess\u00e1rio, conversa diretamente com a realidade enfrentada pela popula\u00e7\u00e3o brasileira,<\/strong>\u00a0a qual a Igreja tem dado tremenda aten\u00e7\u00e3o, como exemplo o\u00a0Dia Mundial dos Pobres\u00a0e a\u00a0Campanha da Fraternidade 2023.<\/p>\n\n\n\n<p><strong>O Congresso \u00e9 um dos eventos mais importantes da Igreja Cat\u00f3lica no Brasil e ocorre a cada quatro anos.\u00a0<\/strong>Entretanto,\u00a0<strong>por causa das complica\u00e7\u00f5es da pandemia de Covid-19, a 18\u00ba edi\u00e7\u00e3o<\/strong>, que era para acontecer em 2020,\u00a0<strong>ocorreu neste ano de 2022.<\/strong><\/p>\n\n\n\n<p><strong>Celebra\u00e7\u00e3o Eucar\u00edstica<\/strong><\/p>\n\n\n\n<p><strong>Presidida por dom Ant\u00f3nio Marto, cardeal e bispo em\u00e9rito de Leiria-F\u00e1tima (Portugal) e enviado especial do Papa Francisco,<\/strong>&nbsp;a Celebra\u00e7\u00e3o teve in\u00edcio com um cortejo, que contou com a&nbsp;<strong>presen\u00e7a de cerca de 1.200 padres e 200 bispos participantes do Congresso<\/strong>, pela Boulevard Rio Branco at\u00e9 a pra\u00e7a do Marco Zero.<\/p>\n\n\n\n<p>Ap\u00f3s leitura \u201cAn\u00fancio da Eucaristia\u201d,\u00a0<strong>o Representante do Pont\u00edfice fez sua homilia,<\/strong>\u00a0em que\u00a0<strong>falou sobre a maravilha da presen\u00e7a de Jesus na eucaristia e o que ela significa em nossa vida.<\/strong><\/p>\n\n\n\n<p><em>\u201c<strong>O corpo e o sangue s\u00e3o a express\u00e3o da pessoa inteira, com toda a sua vida, com toda a sua hist\u00f3ria, com todo o seu infinito amor<\/strong>, (&#8230;) at\u00e9 a morte na cruz, amor eternizado na ressurrei\u00e7\u00e3o. (\u2026)<\/em><\/p>\n\n\n\n<p><em><strong>Jesus deixa-nos o dom mais admir\u00e1vel e impens\u00e1vel, o dom da sua presen\u00e7a real,\u00a0<\/strong>do seu amor infinito e redentor que s\u00f3 ele pode fazer enquanto ressuscitado, para permanecer conosco para sempre, um alimento que nos d\u00e1 vida verdadeira e eterna.\u201d<\/em>,\u00a0<strong>disse dom Ant\u00f3nio.<\/strong><\/p>\n\n\n\n<p><\/p>\n\n\n\n<figure class=\"wp-block-image\"><img decoding=\"async\" src=\"https:\/\/www.a12.com\/source\/files\/originals\/Encerramento_18_Congresso_Eucaristico_Nacional_-_dom_Antonio_Marto-156739.jpeg\" alt=\"Reprodu\u00e7\u00e3o\/ TV Aparecida Ao Vivo\"\/><\/figure>\n\n\n\n<p><\/p>\n\n\n\n<p>Ao tratar sobre&nbsp;<strong>como recebemos a h\u00f3stia, o bispo em\u00e9rito explica o significado<\/strong>&nbsp;que tem para nossa vida.<\/p>\n\n\n\n<p><em>\u201cQuando eu comungo, como \u00e9 que eu respondo?<\/em><\/p>\n\n\n\n<p><em><strong>Eu respondo \u2018am\u00e9m\u2019, esta resposta \u00e9 mais do que um simples \u2018acredito na presen\u00e7a real\u2019, \u00e9 tamb\u00e9m um compromisso que diz \u2018sim\u2019 ao senhor<\/strong>: quero receber te com todo o meu cora\u00e7\u00e3o, quero que entres na minha vida, quero viver do teu amor, quero seguir os teus passos, quero colaborar contigo por um mundo melhor\u201d<\/em>,&nbsp;<strong>explicou dom Ant\u00f3nio.<\/strong><\/p>\n\n\n\n<p><strong>O Representante do Pont\u00edfice tamb\u00e9m falou sobre a import\u00e2ncia do Evangelho reverberar em nossa vida e em nossa sociedade<\/strong>&nbsp;e abordou o&nbsp;<strong>exemplo vivo que Francisco \u00e9 de fraternidade<\/strong>, fator fundamental para construirmos o sonho de Deus para toda a humanidade.<\/p>\n\n\n\n<p><strong>Ao final da celebra\u00e7\u00e3o, foi feita uma prociss\u00e3o com o Sant\u00edssimo Sacramento,<\/strong>\u00a0saindo do Marco Zero e indo at\u00e9 o P\u00e1tio da Bas\u00edlica do Carmo.<\/p>\n\n\n\n<figure class=\"wp-block-image\"><img decoding=\"async\" src=\"https:\/\/imgv2-2-f.scribdassets.com\/img\/document\/445754159\/original\/4a8759b7db\/1662481376?v=1\" alt=\"Oracao Cen2020 | PDF\"\/><\/figure>\n","protected":false},"excerpt":{"rendered":"<p>O 18\u00ba Congresso Eucar\u00edstico Nacional (CEN), aconteceu na Grande Recife, entre os dias 11 e 15 de novembro. O Tema do congresso &#8220;P\u00e3o em todas as mesas&#8221; ser\u00e1 uma excelente ocasi\u00e3o para a&#8230;<\/p>\n","protected":false},"author":2,"featured_media":19226,"comment_status":"open","ping_status":"open","sticky":false,"template":"","format":"standard","meta":[],"categories":[1],"tags":[],"_links":{"self":[{"href":"https:\/\/www.salvatorianas.org.br\/blog\/wp-json\/wp\/v2\/posts\/19225"}],"collection":[{"href":"https:\/\/www.salvatorianas.org.br\/blog\/wp-json\/wp\/v2\/posts"}],"about":[{"href":"https:\/\/www.salvatorianas.org.br\/blog\/wp-json\/wp\/v2\/types\/post"}],"author":[{"embeddable":true,"href":"https:\/\/www.salvatorianas.org.br\/blog\/wp-json\/wp\/v2\/users\/2"}],"replies":[{"embeddable":true,"href":"https:\/\/www.salvatorianas.org.br\/blog\/wp-json\/wp\/v2\/comments?post=19225"}],"version-history":[{"count":3,"href":"https:\/\/www.salvatorianas.org.br\/blog\/wp-json\/wp\/v2\/posts\/19225\/revisions"}],"predecessor-version":[{"id":19230,"href":"https:\/\/www.salvatorianas.org.br\/blog\/wp-json\/wp\/v2\/posts\/19225\/revisions\/19230"}],"wp:featuredmedia":[{"embeddable":true,"href":"https:\/\/www.salvatorianas.org.br\/blog\/wp-json\/wp\/v2\/media\/19226"}],"wp:attachment":[{"href":"https:\/\/www.salvatorianas.org.br\/blog\/wp-json\/wp\/v2\/media?parent=19225"}],"wp:term":[{"taxonomy":"category","embeddable":true,"href":"https:\/\/www.salvatorianas.org.br\/blog\/wp-json\/wp\/v2\/categories?post=19225"},{"taxonomy":"post_tag","embeddable":true,"href":"https:\/\/www.salvatorianas.org.br\/blog\/wp-json\/wp\/v2\/tags?post=19225"}],"curies":[{"name":"wp","href":"https:\/\/api.w.org\/{rel}","templated":true}]}}