{"id":19214,"date":"2022-11-13T13:37:00","date_gmt":"2022-11-13T13:37:00","guid":{"rendered":"https:\/\/www.salvatorianas.org.br\/blog\/?p=19214"},"modified":"2022-11-15T13:52:49","modified_gmt":"2022-11-15T13:52:49","slug":"igreja-celebra-6o-dia-mundial-dos-pobres-neste-domingo","status":"publish","type":"post","link":"https:\/\/www.salvatorianas.org.br\/blog\/igreja-celebra-6o-dia-mundial-dos-pobres-neste-domingo\/","title":{"rendered":"Igreja celebra 6\u00ba Dia Mundial dos Pobres neste domingo"},"content":{"rendered":"\n<p>Neste domingo, 13, a Igreja celebra o Dia Mundial dos Pobres. Iniciativas em todo o mundo fazem valer as palavras do Papa Francisco no aux\u00edlio aos menos favorecidos. No cerne da<strong><a href=\"https:\/\/www.vatican.va\/content\/francesco\/pt\/messages\/poveri\/documents\/20220613-messaggio-vi-giornatamondiale-poveri-2022.html\" target=\"_blank\" rel=\"noreferrer noopener\">&nbsp;mensagem para a data deste ano<\/a><\/strong>, o Papa recorda que o ap\u00f3stolo Paulo dirige-se aos crist\u00e3os de Corinto para fundamentar o seu compromisso de solidariedade para com os irm\u00e3os necessitados: \u201cJesus Cristo fez-Se pobre por v\u00f3s\u201d (cf. 2 Cor 8, 9).<\/p>\n\n\n\n<p>A data foi institu\u00edda na conclus\u00e3o do&nbsp;<a href=\"https:\/\/noticias.cancaonova.com\/mundo\/anodamisericordia\/\"><strong>Ano Santo Extraordin\u00e1rio da Miseric\u00f3rdia<\/strong><\/a>, em 20 de novembro de 2016.&nbsp;\u201cEste dia pretende estimular, em primeiro lugar, os crentes, para que reajam \u00e0 cultura do descarte e do desperd\u00edcio, assumindo a cultura do encontro. Ao mesmo tempo, o convite \u00e9 dirigido a todos, independentemente da sua perten\u00e7a religiosa, para que se abram \u00e0 partilha com os pobres em todas as formas de solidariedade, como sinal concreto de fraternidade\u201d, explicou o Pont\u00edfice na \u00e9poca.&nbsp;<\/p>\n\n\n\n<p>Desde ent\u00e3o, institui\u00e7\u00f5es religiosas, leigos e pessoas de boa vontade em todo o mundo t\u00eam voltado os olhares para os menos favorecidos. No Brasil, nos primeiros anos, a CNBB confiou a anima\u00e7\u00e3o e a mobiliza\u00e7\u00e3o do Dia Mundial dos Pobres \u00e0 C\u00e1ritas Brasileira, que j\u00e1 realizava a Semana da Solidariedade. A partir da III Jornada Mundial dos Pobres, as Pastorais e Organismos Sociais ligados \u00e0 Cepast-CNBB assumiram coletivamente a anima\u00e7\u00e3o e mobiliza\u00e7\u00e3o da data.<\/p>\n\n\n\n<h3 class=\"wp-block-heading\">Os pobres no pontificado de Francisco<\/h3>\n\n\n\n<p>Membro do Comit\u00ea de Forma\u00e7\u00e3o e M\u00edstica da C\u00e1ritas Brasileira e da Caritas Diocesana de Crici\u00fama (SC), Neuza Mafra recorda que a Jornada Mundial dos Pobres visa sensibilizar a sociedade, as pessoas e a pr\u00f3pria Igreja para a solidariedade transformadora. Esta se d\u00e1, destaca Neuza, atrav\u00e9s da pr\u00e1tica da justi\u00e7a social, de modo a incidir na constru\u00e7\u00e3o de uma cultura de solidariedade.&nbsp;<\/p>\n\n\n\n<p>\u201cEssa a\u00e7\u00e3o vai al\u00e9m de um evento pontual \u2013 o Dia Mundial dos Pobres \u2013 e deve antes constituir-se num processo para o enfrentamento de realidades que atingem mais diretamente os pobres, como a fome, por exemplo.\u201d&nbsp;Para Neuza,&nbsp;isso significa ir \u00e0 raiz das causas geradoras da pobreza, como afirmou&nbsp; o Papa Francisco. Ela recorda que desde o in\u00edcio de seu pontificado,&nbsp;Francisco tem sido incisivo na defesa dos empobrecidos, dos vulner\u00e1veis, para os quais tem um olhar compassivo, misericordioso.&nbsp;<\/p>\n\n\n\n<p>\u201cEssa \u00e9 sua marca. Ao dirigir-se aos Movimentos Populares, por estarem mais pr\u00f3ximos dos empobrecidos, foi firme ao lembrar das in\u00fameras priva\u00e7\u00f5es a que s\u00e3o submetidos: \u2018Nenhuma fam\u00edlia sem casa, nenhum campon\u00eas sem terra, nenhum trabalhador sem direitos, nenhuma pessoa sem a dignidade que o trabalho d\u00e1\u2019.\u201d<\/p>\n\n\n\n<h3 class=\"wp-block-heading\"><strong>O trabalho caritativo da Alian\u00e7a de Miseric\u00f3rdia<\/strong><\/h3>\n\n\n\n<p>Tamb\u00e9m atuando fortemente junto aos pobres no Brasil, a Comunidade Cat\u00f3lica Alian\u00e7a de Miseric\u00f3rdia busca ser uma express\u00e3o viva do amor misericordioso que brota do cora\u00e7\u00e3o de Deus atrav\u00e9s da sua Igreja. Uma aten\u00e7\u00e3o especial para com os mais pobres material e espiritualmente, sintetizada na express\u00e3o \u201cEvangelizar para Transformar\u201d, \u00e9 o que afirma a Irm\u00e3 Hellena da Cruz, Mission\u00e1ria da Comunidade.<\/p>\n\n\n\n<p>Segundo ela, o Dia do Pobre tamb\u00e9m vem tornar evidente a miss\u00e3o da comunidade. \u201cPodemos afirmar que, para a Alian\u00e7a de Miseric\u00f3rdia, todos os dias \u00e9 dia do pobre e, com isso, ter um dia institu\u00eddo oficialmente pela Igreja para comemorar o dia do pobre \u00e9 sinal que o carisma da Alian\u00e7a est\u00e1 inscrito por Deus no cora\u00e7\u00e3o da Igreja.\u201d<\/p>\n\n\n\n<p>A miss\u00e3o da comunidade \u00e9 orientada de forma especial a alcan\u00e7ar todos os exclu\u00eddos espiritual e socialmente.&nbsp; \u201cAssumimos, por isso, um compromisso espec\u00edfico de evangeliza\u00e7\u00e3o \u2018Ad Gentes\u2019 entrando em todos os bols\u00f5es de mis\u00e9ria, dos \u2018por\u00f5es da nossa humanidade\u2019, segundo as indica\u00e7\u00f5es do documento Redemptoris Missio\u201d, explica Irm\u00e3 Helena.<\/p>\n\n\n\n<p>Sobre a atua\u00e7\u00e3o de forma pr\u00e1tica, a mission\u00e1ria explica que \u00e9 realizada a evangeliza\u00e7\u00e3o com a popula\u00e7\u00e3o em situa\u00e7\u00e3o de rua, promovendo a essas pessoas possibilidade de acolhimento em casas de miss\u00e3o da obra para o resgate espiritual, humano e social. Para essa atividade, os mission\u00e1rios dormem nas ruas com a popula\u00e7\u00e3o a fim de evangelizar e estreitar os v\u00ednculos despertando o desejo de sa\u00edda das ruas.<\/p>\n\n\n\n<p>\u201cA comunidade conta com nove casas de acolhimento e tr\u00eas centros de conviv\u00eancia; realiza atividades em periferias fazendo ponte entre ricos e pobres para o an\u00fancio do Evangelho, dando oportunidade \u00e0s crian\u00e7as de se inserirem em orat\u00f3rios, CCAs e creches, al\u00e9m de ofertar oportunidade \u00e0s fam\u00edlias por meio de servi\u00e7os de apoio.\u201d<\/p>\n\n\n\n<p>A segunda vice-presidente e consagrada da Comunidade, Mary de Calcut\u00e1, conta que, desde que o Papa Francisco instituiu essa data, a Alian\u00e7a de Miseric\u00f3rdia tamb\u00e9m possui iniciativas concretas para esse dia, fazendo jus ao que ele representa.&nbsp;<\/p>\n\n\n\n<p>\u201cFazemos a\u00e7\u00f5es onde estamos nas ruas, nas favelas, fazemos um trabalho social de evangeliza\u00e7\u00e3o \u2013&nbsp; embora para n\u00f3s essa a\u00e7\u00e3o seja cont\u00ednua<strong>.&nbsp;<\/strong>\u00c9 um dia muito festejado, de muita alegria, ora\u00e7\u00e3o e escuta das dores, do sofrimento, e tamb\u00e9m de muitas pessoas que nos pedem pra sair das ruas, e a gente consegue atender o pedido deles\u201d<\/p>\n\n\n\n<h3 class=\"wp-block-heading\"><strong>Miss\u00e3o Vicentina na Sociedade<\/strong><\/h3>\n\n\n\n<p>Conhecida pela sua forte atua\u00e7\u00e3o em prol dos mais necessitados, a Sociedade de S\u00e3o Vicente de Paulo (SSVP) tem o objetivo de aliviar o sofrimento das pessoas vulner\u00e1veis e fortalecer a f\u00e9 de seus membros.&nbsp;O presidente do Conselho Geral Internacional da SSVP, Renato Lima, explica que a entidade chegou ao Brasil h\u00e1 150 anos, em 1872.&nbsp;<\/p>\n\n\n\n<p>\u201cO foco central do nosso trabalho \u00e9 a caridade, ao visitar fam\u00edlias necessitadas em suas casas. Tamb\u00e9m temos algumas obras sociais, como creches e lares de idosos. Como sempre digo, o papel do vicentino \u00e9 fazer as pessoas felizes, por meio da ajuda material e espiritual. Isso o fazemos pela evangeliza\u00e7\u00e3o dos socorridos e pelo crescimento espiritual entre n\u00f3s, confrades e cons\u00f3cias.\u201d<\/p>\n\n\n\n<p>Para Renato, o Dia Mundial dos Pobres refor\u00e7a a miss\u00e3o vicentina na Sociedade, pois os ajuda a potencializar a a\u00e7\u00e3o vicentina e faz com que outras pessoas e institui\u00e7\u00f5es pensem um pouco mais sobre a maneira como lidam com os mais necessitados.&nbsp;<\/p>\n\n\n\n<p>\u201cN\u00e3o existem s\u00f3 os pobres materialmente falando, mas sobretudo a pobreza moral e espiritual, que podemos enfrentar com a viv\u00eancia das obras de miseric\u00f3rdia espirituais. O Dia dos Pobres ajuda a SSVP a falar sobre essa realidade. Tomara que muita gente possa fazer uma doa\u00e7\u00e3o aos pobres, para que possamos reduzir a mis\u00e9ria no nosso pa\u00eds.\u201d<\/p>\n\n\n\n<p>Apesar de todo o aux\u00edlio que as doa\u00e7\u00f5es trazem, Renato afirma que o que de fato tira as pessoas da pobreza \u00e9 a educa\u00e7\u00e3o e o emprego.&nbsp;\u201cQualquer esfor\u00e7o nesse sentido ser\u00e1 fundamental para romper com o ciclo da pobreza. As situa\u00e7\u00f5es de vulnerabilidade atuais s\u00e3o muitas, por exemplo, os enfermos, as mulheres abandonadas, as crian\u00e7as sem esperan\u00e7a, os jovens que ca\u00edram nas drogas, os pobres digitais, entre outras formas de pobreza. Temos que apresentar solu\u00e7\u00f5es para cada um desses filhos de Deus.\u201d<\/p>\n\n\n\n<h3 class=\"wp-block-heading\"><strong>O conv\u00edvio com os pobres abrir\u00e1 as portas do Para\u00edso<\/strong><\/h3>\n\n\n\n<p>Renato ressalta que a caridade \u00e9 tudo para os carentes. Para aqueles que recebem a visita semanal dos vicentinos, a caridade pode ser a face mais vis\u00edvel da solidariedade humana, mas quem tamb\u00e9m ganha muito com isso s\u00e3o os pr\u00f3prios vicentinos.<\/p>\n\n\n\n<p>\u201cN\u00f3s, vicentinos, somos quem mais ganhamos, pois \u00e9 justamente o conv\u00edvio com os pobres que abrir\u00e3o as portas do Para\u00edso, quando Deus nos chamar. A caridade apaga um mont\u00e3o de pecados e nos torna pessoas menos soberbas e mais humildes. Ser vicentino \u00e9, assim, um presente de Deus, pois conseguimos atuar nessa dupla dimens\u00e3o: a caridade aos que sofrem e a salva\u00e7\u00e3o para as nossas almas.\u201d<\/p>\n\n\n\n<p>Fonte: Vatican News<\/p>\n","protected":false},"excerpt":{"rendered":"<p>Neste domingo, 13, a Igreja celebra o Dia Mundial dos Pobres. Iniciativas em todo o mundo fazem valer as palavras do Papa Francisco no aux\u00edlio aos menos favorecidos. No cerne da&nbsp;mensagem para a&#8230;<\/p>\n","protected":false},"author":2,"featured_media":19215,"comment_status":"open","ping_status":"open","sticky":false,"template":"","format":"standard","meta":[],"categories":[1],"tags":[],"_links":{"self":[{"href":"https:\/\/www.salvatorianas.org.br\/blog\/wp-json\/wp\/v2\/posts\/19214"}],"collection":[{"href":"https:\/\/www.salvatorianas.org.br\/blog\/wp-json\/wp\/v2\/posts"}],"about":[{"href":"https:\/\/www.salvatorianas.org.br\/blog\/wp-json\/wp\/v2\/types\/post"}],"author":[{"embeddable":true,"href":"https:\/\/www.salvatorianas.org.br\/blog\/wp-json\/wp\/v2\/users\/2"}],"replies":[{"embeddable":true,"href":"https:\/\/www.salvatorianas.org.br\/blog\/wp-json\/wp\/v2\/comments?post=19214"}],"version-history":[{"count":1,"href":"https:\/\/www.salvatorianas.org.br\/blog\/wp-json\/wp\/v2\/posts\/19214\/revisions"}],"predecessor-version":[{"id":19216,"href":"https:\/\/www.salvatorianas.org.br\/blog\/wp-json\/wp\/v2\/posts\/19214\/revisions\/19216"}],"wp:featuredmedia":[{"embeddable":true,"href":"https:\/\/www.salvatorianas.org.br\/blog\/wp-json\/wp\/v2\/media\/19215"}],"wp:attachment":[{"href":"https:\/\/www.salvatorianas.org.br\/blog\/wp-json\/wp\/v2\/media?parent=19214"}],"wp:term":[{"taxonomy":"category","embeddable":true,"href":"https:\/\/www.salvatorianas.org.br\/blog\/wp-json\/wp\/v2\/categories?post=19214"},{"taxonomy":"post_tag","embeddable":true,"href":"https:\/\/www.salvatorianas.org.br\/blog\/wp-json\/wp\/v2\/tags?post=19214"}],"curies":[{"name":"wp","href":"https:\/\/api.w.org\/{rel}","templated":true}]}}