{"id":19201,"date":"2022-11-14T01:44:00","date_gmt":"2022-11-14T01:44:00","guid":{"rendered":"https:\/\/www.salvatorianas.org.br\/blog\/?p=19201"},"modified":"2022-11-11T14:46:50","modified_gmt":"2022-11-11T14:46:50","slug":"33a-semana-do-tempo-comum","status":"publish","type":"post","link":"https:\/\/www.salvatorianas.org.br\/blog\/33a-semana-do-tempo-comum\/","title":{"rendered":"33\u00aa Semana do Tempo Comum"},"content":{"rendered":"\n<h3 class=\"wp-block-heading\">Ora\u00e7\u00e3o do dia<\/h3>\n\n\n\n<p>Senhor nosso Deus, fazei que a nossa alegria consista em vos servir de todo o cora\u00e7\u00e3o, pois s\u00f3 teremos felicidade completa servindo a v\u00f3s, o criador de todas as coisas. Por Nosso Senhor Jesus Cristo, Vosso Filho, na unidade do Esp\u00edrito Santo.<\/p>\n\n\n\n<h3 class=\"wp-block-heading\">Leitura &#8211;&nbsp;Apocalipse 1,1-4; 2,1-5.<\/h3>\n\n\n\n<p>Leitura do livro do Apocalipse de s\u00e3o Jo\u00e3o.<\/p>\n\n\n\n<p>1 1 Revela\u00e7\u00e3o de Jesus Cristo, que lhe foi confiada por Deus para manifestar aos seus servos o que deve acontecer em breve. Ele, por sua vez, por interm\u00e9dio de seu anjo, comunicou ao seu servo Jo\u00e3o,<\/p>\n\n\n\n<p>2 o qual atesta, como palavra de Deus, o testemunho de Jesus Cristo e tudo o que viu.<\/p>\n\n\n\n<p>3 Feliz o leitor e os ouvintes se observarem as coisas nela escritas, porque o tempo est\u00e1 pr\u00f3ximo.<\/p>\n\n\n\n<p>4 Jo\u00e3o \u00e0s sete igrejas que est\u00e3o na \u00c1sia: a v\u00f3s, gra\u00e7a e paz da parte daquele que \u00e9, que era e que vem da parte dos sete Esp\u00edritos que est\u00e3o diante do seu trono<\/p>\n\n\n\n<p>1 Ao anjo da igreja de \u00c9feso, escreve: Eis o que diz aquele que segura as sete estrelas na sua m\u00e3o direita, aquele que anda pelo meio dos sete candelabros de ouro.<\/p>\n\n\n\n<p>2 Conhe\u00e7o tuas obras, teu trabalho e tua paci\u00eancia: n\u00e3o podes suportar os maus, puseste \u00e0 prova os que se dizem ap\u00f3stolos e n\u00e3o o s\u00e3o e os achaste mentirosos.<\/p>\n\n\n\n<p>3 Tens perseveran\u00e7a, sofreste pelo meu nome e n\u00e3o desanimaste.<\/p>\n\n\n\n<p>4 Mas tenho contra ti que arrefeceste o teu primeiro amor.<\/p>\n\n\n\n<p>5 Lembra-te, pois, donde ca\u00edste. Arrepende-te e retorna \u00e0s tuas primeiras obras. Sen\u00e3o, virei a ti e removerei o teu candelabro do seu lugar, caso n\u00e3o te arrependas.<\/p>\n\n\n\n<p>Palavra do Senhor.<\/p>\n\n\n\n<h3 class=\"wp-block-heading\">Salmo Responsorial &#8211;&nbsp;1<\/h3>\n\n\n\n<p><strong>Ao vencedor concederei comer da \u00e1rvore da vida!<\/strong><\/p>\n\n\n\n<p>Feliz \u00e9 todo aquele que n\u00e3o anda<\/p>\n\n\n\n<p>conforme os conselhos dos perversos;<\/p>\n\n\n\n<p>que n\u00e3o entra no caminho dos malvados,<\/p>\n\n\n\n<p>nem junto aos zombadores vai sentar-se;<\/p>\n\n\n\n<p>mas encontra seu prazer na lei de Deus<\/p>\n\n\n\n<p>e a medita, dia e noite, sem cessar.<\/p>\n\n\n\n<p>Eis que ele \u00e9 semelhante a uma \u00e1rvore,<\/p>\n\n\n\n<p>que \u00e0 beira da torrente est\u00e1 plantada;<\/p>\n\n\n\n<p>ela sempre d\u00e1 seus frutos a seu tempo,<\/p>\n\n\n\n<p>e jamais as suas folhas v\u00e3o murchar.<\/p>\n\n\n\n<p>Eis que tudo o que ele faz vai prosperar.<\/p>\n\n\n\n<p>Mas bem outra \u00e9 a sorte dos perversos.<\/p>\n\n\n\n<p>Ao contr\u00e1rio, s\u00e3o iguais \u00e0 palha seca<\/p>\n\n\n\n<p>espalhada e dispersada pelo vento.<\/p>\n\n\n\n<p>Pois Deus vigia o caminho dos eleitos,<\/p>\n\n\n\n<p>mas a estrada dos malvados leva \u00e0 morte.<\/p>\n\n\n\n<h3 class=\"wp-block-heading\">Leitura &#8211;<\/h3>\n\n\n\n<h3 class=\"wp-block-heading\">Evangelho &#8211;&nbsp;Lucas 18,35-43<\/h3>\n\n\n\n<p>Aleluia, aleluia, aleluia.<\/p>\n\n\n\n<p>Eu sou a luz do mundo; aquele que me segue n\u00e3o caminha entre as trevas, mas ter\u00e1 a luz da vida (Jo 8,12).<\/p>\n\n\n\n<p>Proclama\u00e7\u00e3o do Evangelho de Jesus Cristo segundo Lucas.<\/p>\n\n\n\n<p>18 35 Ao aproximar-se Jesus de Jeric\u00f3, estava um cego sentado \u00e0 beira do caminho, pedindo esmolas.<\/p>\n\n\n\n<p>36 Ouvindo o ru\u00eddo da multid\u00e3o que passava, perguntou o que havia.<\/p>\n\n\n\n<p>37 Responderam-lhe: \u201c\u00c9 Jesus de Nazar\u00e9, que passa\u201d.<\/p>\n\n\n\n<p>38 Ele ent\u00e3o exclamou: \u201cJesus, filho de Davi, tem piedade de mim!\u201d<\/p>\n\n\n\n<p>39 Os que vinham na frente repreendiam-no rudemente para que se calasse. Mas ele gritava ainda mais forte: \u201cFilho de Davi, tem piedade de mim!\u201d<\/p>\n\n\n\n<p>40 Jesus parou e mandou que lho trouxessem. Chegando ele perto, perguntou-lhe:<\/p>\n\n\n\n<p>41 \u201cQue queres que te fa\u00e7a?\u201d Respondeu ele: \u201cSenhor, que eu veja\u201d.<\/p>\n\n\n\n<p>42 Jesus lhe disse: \u201cV\u00ea! Tua f\u00e9 te salvou\u201d.<\/p>\n\n\n\n<p>43 E imediatamente ficou vendo e seguia a Jesus, glorificando a Deus. Presenciando isto, todo o povo deu gl\u00f3ria a Deus.<\/p>\n\n\n\n<p>Palavra da Salva\u00e7\u00e3o.<\/p>\n\n\n\n<h3 class=\"wp-block-heading\">Coment\u00e1rio ao Evangelho<\/h3>\n\n\n\n<p>QUE QUERES QUE EU FA\u00c7A?<\/p>\n\n\n\n<p>A cura do cego de Jeric\u00f3 \u00e9 carregada de simbolismo.<\/p>\n\n\n\n<p>Estando bem pr\u00f3ximo de Jerusal\u00e9m, onde sofreria a paix\u00e3o, foi da boca de um pobre marginalizado que Jesus ouviu a proclama\u00e7\u00e3o de sua condi\u00e7\u00e3o messi\u00e2nica. Ao cham\u00e1-lo de Filho de Davi, o mendigo cego professou sua f\u00e9 no Mestre, como o Messias longamente esperado pelo povo. Seu pedido de piedade manifestava a condi\u00e7\u00e3o da humanidade inteira, carente da miseric\u00f3rdia de Jesus. Sua f\u00e9 profunda no poder taumat\u00fargico do Senhor revelava o tipo de relacionamento que se deveria estabelecer entre Jesus e seus disc\u00edpulos; relacionamento feito de entrega total e confiante.<\/p>\n\n\n\n<p>A recupera\u00e7\u00e3o da vis\u00e3o significava que, para seguir Jesus, como fez o ex-cego, era preciso estar de olhos abertos, colocar-se em cont\u00ednuo discernimento e n\u00e3o se deixar levar pela cegueira espiritual que pode levar \u00e0 decep\u00e7\u00e3o em rela\u00e7\u00e3o a Jesus. Tendo-se posto a seguir Jesus, glorificando a Deus, o miraculado tornava-se s\u00edmbolo da disposi\u00e7\u00e3o que deve ter o disc\u00edpulo para seguir o Mestre, mormente, quando se trata de enfrentar a paix\u00e3o e a cruz.<\/p>\n\n\n\n<p>Jesus dirige a cada disc\u00edpulo a pergunta &#8220;Que queres que eu te fa\u00e7a?&#8221;. E reserva-lhe um gesto misericordioso, cujo efeito ser\u00e1 prepar\u00e1-lo para a prova\u00e7\u00e3o da f\u00e9. Mas o disc\u00edpulo n\u00e3o poder\u00e1 manter-se cego, indiferente ao Senhor que passa, despreparado para segui-lo.<\/p>\n","protected":false},"excerpt":{"rendered":"<p>Ora\u00e7\u00e3o do dia Senhor nosso Deus, fazei que a nossa alegria consista em vos servir de todo o cora\u00e7\u00e3o, pois s\u00f3 teremos felicidade completa servindo a v\u00f3s, o criador de todas as coisas&#8230;.<\/p>\n","protected":false},"author":2,"featured_media":19202,"comment_status":"open","ping_status":"open","sticky":false,"template":"","format":"standard","meta":[],"categories":[7],"tags":[],"_links":{"self":[{"href":"https:\/\/www.salvatorianas.org.br\/blog\/wp-json\/wp\/v2\/posts\/19201"}],"collection":[{"href":"https:\/\/www.salvatorianas.org.br\/blog\/wp-json\/wp\/v2\/posts"}],"about":[{"href":"https:\/\/www.salvatorianas.org.br\/blog\/wp-json\/wp\/v2\/types\/post"}],"author":[{"embeddable":true,"href":"https:\/\/www.salvatorianas.org.br\/blog\/wp-json\/wp\/v2\/users\/2"}],"replies":[{"embeddable":true,"href":"https:\/\/www.salvatorianas.org.br\/blog\/wp-json\/wp\/v2\/comments?post=19201"}],"version-history":[{"count":1,"href":"https:\/\/www.salvatorianas.org.br\/blog\/wp-json\/wp\/v2\/posts\/19201\/revisions"}],"predecessor-version":[{"id":19203,"href":"https:\/\/www.salvatorianas.org.br\/blog\/wp-json\/wp\/v2\/posts\/19201\/revisions\/19203"}],"wp:featuredmedia":[{"embeddable":true,"href":"https:\/\/www.salvatorianas.org.br\/blog\/wp-json\/wp\/v2\/media\/19202"}],"wp:attachment":[{"href":"https:\/\/www.salvatorianas.org.br\/blog\/wp-json\/wp\/v2\/media?parent=19201"}],"wp:term":[{"taxonomy":"category","embeddable":true,"href":"https:\/\/www.salvatorianas.org.br\/blog\/wp-json\/wp\/v2\/categories?post=19201"},{"taxonomy":"post_tag","embeddable":true,"href":"https:\/\/www.salvatorianas.org.br\/blog\/wp-json\/wp\/v2\/tags?post=19201"}],"curies":[{"name":"wp","href":"https:\/\/api.w.org\/{rel}","templated":true}]}}