{"id":19198,"date":"2022-11-13T01:37:00","date_gmt":"2022-11-13T01:37:00","guid":{"rendered":"https:\/\/www.salvatorianas.org.br\/blog\/?p=19198"},"modified":"2022-11-11T14:40:50","modified_gmt":"2022-11-11T14:40:50","slug":"33o-domingo-do-tempo-comum","status":"publish","type":"post","link":"https:\/\/www.salvatorianas.org.br\/blog\/33o-domingo-do-tempo-comum\/","title":{"rendered":"33\u00ba Domingo do Tempo Comum"},"content":{"rendered":"\n<h3 class=\"wp-block-heading\">Ora\u00e7\u00e3o do dia<\/h3>\n\n\n\n<p>Senhor nosso Deus, fazei que a nossa alegria consista em vos servir de todo o cora\u00e7\u00e3o, pois s\u00f3 teremos felicidade completa servindo a v\u00f3s, o criador de todas as coisas. Por Nosso Senhor Jesus Cristo, Vosso Filho, na unidade do Esp\u00edrito Santo.<\/p>\n\n\n\n<h3 class=\"wp-block-heading\">Leitura &#8211;&nbsp;Malaquias 3,19-20<\/h3>\n\n\n\n<p>Leitura da profecia de Malaquias.<\/p>\n\n\n\n<p>19Eis que vir\u00e1 o dia, abrasador como fornalha, em que todos os soberbos e \u00edmpios ser\u00e3o como palha; e esse dia vindouro haver\u00e1 de queim\u00e1-los, diz o Senhor dos ex\u00e9rcitos, tal que n\u00e3o lhes deixar\u00e1 raiz nem ramo. 20Para v\u00f3s, que temeis o meu nome, nascer\u00e1 o sol da justi\u00e7a, trazendo salva\u00e7\u00e3o em suas asas.<\/p>\n\n\n\n<p>Palavra do Senhor.<\/p>\n\n\n\n<h3 class=\"wp-block-heading\">Salmo Responsorial &#8211;&nbsp;97\/98<\/h3>\n\n\n\n<p><strong>O Senhor vir\u00e1 julgar a terra inteira; com justi\u00e7a julgar\u00e1.<\/strong><\/p>\n\n\n\n<p>Cantai salmos ao Senhor ao som da harpa<\/p>\n\n\n\n<p>e da c\u00edtara suave!<\/p>\n\n\n\n<p>Aclamai, com os clarins e as trombetas,<\/p>\n\n\n\n<p>ao Senhor, o nosso rei!<\/p>\n\n\n\n<p>Aplauda o mar com todo ser que nele vive,<\/p>\n\n\n\n<p>o mundo inteiro e toda gente!<\/p>\n\n\n\n<p>As montanhas e os rios batam palmas<\/p>\n\n\n\n<p>e exultem de alegria.<\/p>\n\n\n\n<p>Exultem na presen\u00e7a do Senhor, pois ele vem,<\/p>\n\n\n\n<p>vem julgar a terra inteira.<\/p>\n\n\n\n<p>Julgar\u00e1 o universo com justi\u00e7a<\/p>\n\n\n\n<p>e as na\u00e7\u00f5es com equidade.<\/p>\n\n\n\n<h3 class=\"wp-block-heading\">Leitura &#8211;&nbsp;2 Tessalonicenses 3,7-12<\/h3>\n\n\n\n<p>Leitura da segunda carta de S\u00e3o Paulo aos Tessalonicenses.<\/p>\n\n\n\n<p>Irm\u00e3os, 7bem sabeis como deveis seguir o nosso exemplo, pois n\u00e3o temos vivido entre v\u00f3s na ociosidade. 8De ningu\u00e9m recebemos de gra\u00e7a o p\u00e3o que comemos. Pelo contr\u00e1rio, trabalhamos com esfor\u00e7o e cansa\u00e7o, de dia e de noite, para n\u00e3o sermos pesados a ningu\u00e9m. 9N\u00e3o que n\u00e3o tiv\u00e9ssemos o direito de faz\u00ea-lo, mas quer\u00edamos apresentar-nos como exemplo a ser imitado. 10Com efeito, quando est\u00e1vamos entre v\u00f3s, demos esta regra: \u201cQuem n\u00e3o quer trabalhar tamb\u00e9m n\u00e3o deve comer\u201d. 11Ora, ouvimos dizer que entre v\u00f3s h\u00e1 alguns que vivem \u00e0 toa, muito ocupados em n\u00e3o fazer nada. 12Em nome do Senhor Jesus Cristo, ordenamos e exortamos a estas pessoas que, trabalhando, comam na tranquilidade o seu pr\u00f3prio p\u00e3o.<\/p>\n\n\n\n<p>Palavra do Senhor.<\/p>\n\n\n\n<h3 class=\"wp-block-heading\">Evangelho &#8211;&nbsp;Lucas 21,5-19<\/h3>\n\n\n\n<p>Aleluia, aleluia, aleluia.<\/p>\n\n\n\n<p>Levantai vossa cabe\u00e7a e olhai, pois a vossa reden\u00e7\u00e3o se aproxima! (Lc 21,28)<\/p>\n\n\n\n<p>Proclama\u00e7\u00e3o do Evangelho de Jesus Cristo segundo Lucas.<\/p>\n\n\n\n<p>Naquele tempo, 5algumas pessoas comentavam a respeito do templo que era enfeitado com belas pedras e com ofertas votivas. Jesus disse: 6\u201cV\u00f3s admirais estas coisas? Dias vir\u00e3o em que n\u00e3o ficar\u00e1 pedra sobre pedra. Tudo ser\u00e1 destru\u00eddo\u201d. 7Mas eles perguntaram: \u201cMestre, quando acontecer\u00e1 isso? E qual vai ser o sinal de que essas coisas est\u00e3o para acontecer?\u201d 8Jesus respondeu: \u201cCuidado para n\u00e3o serdes enganados, porque muitos vir\u00e3o em meu nome, dizendo: \u2018Sou eu!\u2019 e ainda: \u2018O tempo est\u00e1 pr\u00f3ximo\u2019. N\u00e3o sigais essa gente! 9Quando ouvirdes falar de guerras e revolu\u00e7\u00f5es, n\u00e3o fiqueis apavorados. \u00c9 preciso que essas coisas aconte\u00e7am primeiro, mas n\u00e3o ser\u00e1 logo o fim\u201d. 10E Jesus continuou: \u201cUm povo se levantar\u00e1 contra outro povo, um pa\u00eds atacar\u00e1 outro pa\u00eds. 11Haver\u00e1 grandes terremotos, fomes e pestes em muitos lugares; acontecer\u00e3o coisas pavorosas e grandes sinais ser\u00e3o vistos no c\u00e9u. 12Antes, por\u00e9m, que essas coisas aconte\u00e7am, sereis presos e perseguidos; sereis entregues \u00e0s sinagogas e postos na pris\u00e3o; sereis levados diante de reis e governadores por causa do meu nome. 13Essa ser\u00e1 a ocasi\u00e3o em que testemunhareis a vossa f\u00e9. 14Fazei o firme prop\u00f3sito de n\u00e3o planejar com anteced\u00eancia a pr\u00f3pria defesa; 15porque eu vos darei palavras t\u00e3o acertadas, que nenhum dos inimigos vos poder\u00e1 resistir ou rebater. 16Sereis entregues at\u00e9 mesmo pelos pr\u00f3prios pais, irm\u00e3os, parentes e amigos. E eles matar\u00e3o alguns de v\u00f3s. 17Todos vos odiar\u00e3o por causa do meu nome. 18Mas v\u00f3s n\u00e3o perdereis um s\u00f3 fio de cabelo da vossa cabe\u00e7a. 19\u00c9 permanecendo firmes que ireis ganhar a vida!\u201d<\/p>\n\n\n\n<p>Palavra da salva\u00e7\u00e3o.<\/p>\n\n\n\n<h3 class=\"wp-block-heading\">Coment\u00e1rio ao Evangelho<\/h3>\n\n\n\n<p>A SALVA\u00c7\u00c3O PELA PERSEVERAN\u00c7A<\/p>\n\n\n\n<p>Os disc\u00edpulos de Jesus foram alertados contra os falsos alarmes de chegada do fim do mundo. O resultado disto era o medo, a inseguran\u00e7a e, de modo especial, o sentir-se bloqueado e desmotivado para fazer o bem. \u00c9 perda de tempo dar ouvidos a quem se considera entendido nas coisas relativas ao fim do mundo, e quer se fazer de mestre dos outros.<\/p>\n\n\n\n<p>As persegui\u00e7\u00f5es e dificuldades devem ser vistas pelos disc\u00edpulos como ocasi\u00e3o para dar testemunho do Reino, sem a ilus\u00e3o de que tudo acabar\u00e1 em breve. Por causa do nome de Jesus, eles seriam aprisionados, entregues \u00e0s sinagogas judaicas, e levados diante de reis e governadores. Entre seus traidores estariam os seus pr\u00f3prios familiares e amigos. Seriam odiados, e muitos haveriam de sofrer morte violenta.<\/p>\n\n\n\n<p>Em todas estas circunst\u00e2ncias tr\u00e1gicas, os disc\u00edpulos teriam a possibilidade de experimentar a prote\u00e7\u00e3o divina. Do Pai receberiam for\u00e7a para se defenderem diante dos tribunais, rebatendo as falsas acusa\u00e7\u00f5es e testemunhando o nome de Jesus com denodo. E tamb\u00e9m, a for\u00e7a necess\u00e1ria para n\u00e3o se intimidarem e nem sucumbirem \u00e0s investidas dos advers\u00e1rios.<\/p>\n\n\n\n<p>Se forem capazes de perseverar, at\u00e9 o fim, no testemunho de Jesus, ser\u00e3o salvos. Desta forma, ficar\u00e1 patente sua ades\u00e3o radical ao Reino e sua n\u00e3o compactua\u00e7\u00e3o com o mal e o pecado. Quem perseverar, experimentar\u00e1 a miseric\u00f3rdia salv\u00edfica do Pai.<\/p>\n","protected":false},"excerpt":{"rendered":"<p>Ora\u00e7\u00e3o do dia Senhor nosso Deus, fazei que a nossa alegria consista em vos servir de todo o cora\u00e7\u00e3o, pois s\u00f3 teremos felicidade completa servindo a v\u00f3s, o criador de todas as coisas&#8230;.<\/p>\n","protected":false},"author":2,"featured_media":19199,"comment_status":"open","ping_status":"open","sticky":false,"template":"","format":"standard","meta":[],"categories":[7],"tags":[],"_links":{"self":[{"href":"https:\/\/www.salvatorianas.org.br\/blog\/wp-json\/wp\/v2\/posts\/19198"}],"collection":[{"href":"https:\/\/www.salvatorianas.org.br\/blog\/wp-json\/wp\/v2\/posts"}],"about":[{"href":"https:\/\/www.salvatorianas.org.br\/blog\/wp-json\/wp\/v2\/types\/post"}],"author":[{"embeddable":true,"href":"https:\/\/www.salvatorianas.org.br\/blog\/wp-json\/wp\/v2\/users\/2"}],"replies":[{"embeddable":true,"href":"https:\/\/www.salvatorianas.org.br\/blog\/wp-json\/wp\/v2\/comments?post=19198"}],"version-history":[{"count":1,"href":"https:\/\/www.salvatorianas.org.br\/blog\/wp-json\/wp\/v2\/posts\/19198\/revisions"}],"predecessor-version":[{"id":19200,"href":"https:\/\/www.salvatorianas.org.br\/blog\/wp-json\/wp\/v2\/posts\/19198\/revisions\/19200"}],"wp:featuredmedia":[{"embeddable":true,"href":"https:\/\/www.salvatorianas.org.br\/blog\/wp-json\/wp\/v2\/media\/19199"}],"wp:attachment":[{"href":"https:\/\/www.salvatorianas.org.br\/blog\/wp-json\/wp\/v2\/media?parent=19198"}],"wp:term":[{"taxonomy":"category","embeddable":true,"href":"https:\/\/www.salvatorianas.org.br\/blog\/wp-json\/wp\/v2\/categories?post=19198"},{"taxonomy":"post_tag","embeddable":true,"href":"https:\/\/www.salvatorianas.org.br\/blog\/wp-json\/wp\/v2\/tags?post=19198"}],"curies":[{"name":"wp","href":"https:\/\/api.w.org\/{rel}","templated":true}]}}