{"id":19195,"date":"2022-11-12T01:31:00","date_gmt":"2022-11-12T01:31:00","guid":{"rendered":"https:\/\/www.salvatorianas.org.br\/blog\/?p=19195"},"modified":"2022-11-11T14:33:18","modified_gmt":"2022-11-11T14:33:18","slug":"sao-josafa-bispo-e-martir","status":"publish","type":"post","link":"https:\/\/www.salvatorianas.org.br\/blog\/sao-josafa-bispo-e-martir\/","title":{"rendered":"S\u00e3o Josaf\u00e1, bispo e m\u00e1rtir"},"content":{"rendered":"\n<h3 class=\"wp-block-heading\">Ora\u00e7\u00e3o do dia<\/h3>\n\n\n\n<p>Suscitai, \u00f3 Deus, na vossa Igreja o Esp\u00edrito que impeliu o bispo s\u00e3o Josaf\u00e1 a dar a vida por suas ovelhas e concedei que, por sua intercess\u00e3o, fortificados pelo mesmo Esp\u00edrito, estejamos prontos a dar a nossa vida pelos nossos irm\u00e3os. Por Nosso Senhor Jesus Cristo, Vosso Filho, na unidade do Esp\u00edrito Santo.<\/p>\n\n\n\n<h3 class=\"wp-block-heading\">Leitura &#8211;&nbsp;3\u00aa Carta de Jo\u00e3o 5-8<\/h3>\n\n\n\n<p>Leitura da terceira carta de s\u00e3o Jo\u00e3o.<\/p>\n\n\n\n<p>5 Car\u00edssimo, fazes obras de f\u00e9 em tudo o que realizas para os teus irm\u00e3os, mesmo para os irm\u00e3os estrangeiros.<\/p>\n\n\n\n<p>6 Estes, perante a comunidade, deram testemunho do teu amor. Far\u00e1s bem em prov\u00ea-los para a sua viagem, de um modo digno de Deus.<\/p>\n\n\n\n<p>7 Pois por amor do seu nome partiram, sem nada receber dos pag\u00e3os.<\/p>\n\n\n\n<p>8 Devemos, portanto, receber a tais homens, para cooperar com eles pela verdade.<\/p>\n\n\n\n<p>Palavra do Senhor.<\/p>\n\n\n\n<h3 class=\"wp-block-heading\">Salmo Responsorial &#8211;&nbsp;111\/112<\/h3>\n\n\n\n<p><strong>Feliz aquele que respeita o Senhor!<\/strong><\/p>\n\n\n\n<p>Feliz aquele que respeita o Senhor<\/p>\n\n\n\n<p>E que ama com carinho a sua lei!<\/p>\n\n\n\n<p>Sua descend\u00eancia ser\u00e1 forte sobre a terra,<\/p>\n\n\n\n<p>Aben\u00e7oada a gera\u00e7\u00e3o dos homens retos!<\/p>\n\n\n\n<p>Haver\u00e1 gl\u00f3ria e riqueza em sua casa,<\/p>\n\n\n\n<p>E permanece para sempre o bem que fez.<\/p>\n\n\n\n<p>Ele \u00e9 correto e generoso e compassivo,<\/p>\n\n\n\n<p>Como luz brilha nas trevas para os justos.<\/p>\n\n\n\n<p>Feliz o homem prestativo,<\/p>\n\n\n\n<p>Que resolve seus neg\u00f3cios com justi\u00e7a.<\/p>\n\n\n\n<p>Porque jamais vacilar\u00e1 o homem reto,<\/p>\n\n\n\n<p>Sua lembran\u00e7a permanece eternamente!<\/p>\n\n\n\n<h3 class=\"wp-block-heading\">Leitura &#8211;<\/h3>\n\n\n\n<h3 class=\"wp-block-heading\">Evangelho &#8211;&nbsp;Lucas 18,1-8<\/h3>\n\n\n\n<p>Aleluia, aleluia, aleluia.<\/p>\n\n\n\n<p>Pelo evangelho o Pai nos chamou, a fim de alcan\u00e7armos a gl\u00f3ria de nosso Senhor Jesus Cristo (2Ts 2,14).<\/p>\n\n\n\n<p>Proclama\u00e7\u00e3o do Evangelho de Jesus Cristo segundo Lucas.<\/p>\n\n\n\n<p>Naquele tempo, 18 1 Jesus prop\u00f4s aos seus disc\u00edpulos uma par\u00e1bola para mostrar que \u00e9 necess\u00e1rio orar sempre sem jamais deixar de faz\u00ea-lo.<\/p>\n\n\n\n<p>2 \u201cHavia em certa cidade um juiz que n\u00e3o temia a Deus, nem respeitava pessoa alguma.<\/p>\n\n\n\n<p>3 Na mesma cidade vivia tamb\u00e9m uma vi\u00fava que vinha com freq\u00fc\u00eancia \u00e0 sua presen\u00e7a para dizer-lhe: \u2018Faze-me justi\u00e7a contra o meu advers\u00e1rio\u2019.<\/p>\n\n\n\n<p>4 Ele, por\u00e9m, por muito tempo n\u00e3o o quis. Por fim, refletiu consigo: \u2018Eu n\u00e3o temo a Deus nem respeito os homens;<\/p>\n\n\n\n<p>5 todavia, porque esta vi\u00fava me importuna, far-lhe-ei justi\u00e7a, sen\u00e3o ela n\u00e3o cessar\u00e1 de me molestar\u2019\u201d.<\/p>\n\n\n\n<p>6 Prosseguiu o Senhor: \u201cOuvis o que diz este juiz injusto?<\/p>\n\n\n\n<p>7 Por acaso n\u00e3o far\u00e1 Deus justi\u00e7a aos seus escolhidos, que est\u00e3o clamando por ele dia e noite? Porventura tardar\u00e1 em socorr\u00ea-los?<\/p>\n\n\n\n<p>8 Digo-vos que em breve lhes far\u00e1 justi\u00e7a. Mas, quando vier o Filho do Homem, acaso achar\u00e1 f\u00e9 sobre a terra?\u201d<\/p>\n\n\n\n<p>Palavra da Salva\u00e7\u00e3o.<\/p>\n\n\n\n<h3 class=\"wp-block-heading\">Coment\u00e1rio ao Evangelho<\/h3>\n\n\n\n<p>ORAR SEM DESANIMAR<\/p>\n\n\n\n<p>Jesus serviu-se de um fato da vida cotidiana para recomendar aos disc\u00edpulos a rezar sem desanimar, e manter firme a esperan\u00e7a de serem atendidos por Deus.<\/p>\n\n\n\n<p>Uma pobre vi\u00fava, n\u00e3o tendo como fazer valer seus direitos, recorreu a um juiz, cuja fama era de n\u00e3o ser temente a Deus, nem ter respeito pelas pessoas. Por ser mulher, pobre e vi\u00fava, ela estava em total desvantagem. Sendo mulher, n\u00e3o tinha nenhum prest\u00edgio, numa sociedade onde s\u00f3 o homem tinha valor. Sendo pobre, carecia de recursos materiais para se confrontar com o explorador. Sendo vi\u00fava, n\u00e3o tinha amparo social. Sem dinheiro, s\u00f3 podia contar com a honestidade dos ju\u00edzes. Ela, por\u00e9m, n\u00e3o se deu por vencida. Enfrentou a situa\u00e7\u00e3o, com garra e determina\u00e7\u00e3o, at\u00e9 que o juiz fizesse valer o seu direito. Sua vit\u00f3ria foi fruto da perseveran\u00e7a.<\/p>\n\n\n\n<p>Diante disso, os disc\u00edpulos foram instados a recorrer, com perseveran\u00e7a a Deus, justo juiz, na certeza de serem atendidos. Se um juiz in\u00edquo, sem f\u00e9 e sem lei, foi demovido de sua insensibilidade por causa da insist\u00eancia de uma pobre vi\u00fava, de quanto mais ser\u00e1 capaz o disc\u00edpulo que pede, sem desfalecer, ao Pai de miseric\u00f3rdia!<\/p>\n\n\n\n<p>Todavia, \u00e9 preciso ter uma f\u00e9 inabal\u00e1vel. Existia, realmente, no cora\u00e7\u00e3o dos disc\u00edpulos, uma f\u00e9 assim?<\/p>\n","protected":false},"excerpt":{"rendered":"<p>Ora\u00e7\u00e3o do dia Suscitai, \u00f3 Deus, na vossa Igreja o Esp\u00edrito que impeliu o bispo s\u00e3o Josaf\u00e1 a dar a vida por suas ovelhas e concedei que, por sua intercess\u00e3o, fortificados pelo mesmo&#8230;<\/p>\n","protected":false},"author":2,"featured_media":19196,"comment_status":"open","ping_status":"open","sticky":false,"template":"","format":"standard","meta":[],"categories":[7],"tags":[],"_links":{"self":[{"href":"https:\/\/www.salvatorianas.org.br\/blog\/wp-json\/wp\/v2\/posts\/19195"}],"collection":[{"href":"https:\/\/www.salvatorianas.org.br\/blog\/wp-json\/wp\/v2\/posts"}],"about":[{"href":"https:\/\/www.salvatorianas.org.br\/blog\/wp-json\/wp\/v2\/types\/post"}],"author":[{"embeddable":true,"href":"https:\/\/www.salvatorianas.org.br\/blog\/wp-json\/wp\/v2\/users\/2"}],"replies":[{"embeddable":true,"href":"https:\/\/www.salvatorianas.org.br\/blog\/wp-json\/wp\/v2\/comments?post=19195"}],"version-history":[{"count":1,"href":"https:\/\/www.salvatorianas.org.br\/blog\/wp-json\/wp\/v2\/posts\/19195\/revisions"}],"predecessor-version":[{"id":19197,"href":"https:\/\/www.salvatorianas.org.br\/blog\/wp-json\/wp\/v2\/posts\/19195\/revisions\/19197"}],"wp:featuredmedia":[{"embeddable":true,"href":"https:\/\/www.salvatorianas.org.br\/blog\/wp-json\/wp\/v2\/media\/19196"}],"wp:attachment":[{"href":"https:\/\/www.salvatorianas.org.br\/blog\/wp-json\/wp\/v2\/media?parent=19195"}],"wp:term":[{"taxonomy":"category","embeddable":true,"href":"https:\/\/www.salvatorianas.org.br\/blog\/wp-json\/wp\/v2\/categories?post=19195"},{"taxonomy":"post_tag","embeddable":true,"href":"https:\/\/www.salvatorianas.org.br\/blog\/wp-json\/wp\/v2\/tags?post=19195"}],"curies":[{"name":"wp","href":"https:\/\/api.w.org\/{rel}","templated":true}]}}