{"id":19188,"date":"2022-11-10T14:26:00","date_gmt":"2022-11-10T14:26:00","guid":{"rendered":"https:\/\/www.salvatorianas.org.br\/blog\/?p=19188"},"modified":"2022-11-11T14:27:36","modified_gmt":"2022-11-11T14:27:36","slug":"sao-leao-magno-papa-e-doutor-da-igreja","status":"publish","type":"post","link":"https:\/\/www.salvatorianas.org.br\/blog\/sao-leao-magno-papa-e-doutor-da-igreja\/","title":{"rendered":"S\u00e3o Le\u00e3o Magno, papa e doutor da Igreja"},"content":{"rendered":"\n<h3 class=\"wp-block-heading\">Ora\u00e7\u00e3o do dia<\/h3>\n\n\n\n<p>\u00d3 Deus, que jamais permitis que as pot\u00eancias do mal prevale\u00e7am contra a vossa Igreja, fundada sobre a rocha inabal\u00e1vel dos ap\u00f3stolos, dai-lhe, pelos m\u00e9ritos do papa s\u00e3o Le\u00e3o, permanecer firme na verdade e gozar paz para sempre. Por Nosso Senhor Jesus Cristo, Vosso Filho, na unidade do Esp\u00edrito Santo.<\/p>\n\n\n\n<h3 class=\"wp-block-heading\">Leitura &#8211;&nbsp;Fil\u00eamon 7-20<\/h3>\n\n\n\n<p>Leitura da carta de S\u00e3o Paulo a Fil\u00eamon.<\/p>\n\n\n\n<p>Car\u00edssimo, 7grande alegria e consolo tive por causa de tua caridade. Os cora\u00e7\u00f5es dos santos foram reanimados por ti, irm\u00e3o. 8Por esse motivo, se bem que tenha plena autoridade em Cristo para prescrever-te tua obriga\u00e7\u00e3o, 9prefiro fazer apenas um apelo \u00e0 tua caridade. Eu, Paulo, velho como estou e agora tamb\u00e9m prisioneiro de Cristo Jesus, 10fa\u00e7o-te um pedido em favor do meu filho que fiz nascer para Cristo na pris\u00e3o, On\u00e9simo. 11Antes, ele era in\u00fatil para ti; agora, ele \u00e9 valioso para ti e para mim. 12Eu o estou mandando de volta para ti. Ele \u00e9 como se fosse o meu pr\u00f3prio cora\u00e7\u00e3o. 13Gostaria de t\u00ea-lo comigo, a fim de que fosse teu representante para cuidar de mim nesta pris\u00e3o, que eu devo ao Evangelho. 14Mas eu n\u00e3o quis fazer nada sem o teu parecer, para que a tua bondade n\u00e3o seja for\u00e7ada, mas espont\u00e2nea. 15Se ele te foi retirado por algum tempo, talvez seja para que o tenhas de volta para sempre, 16j\u00e1 n\u00e3o como escravo, mas, muito mais do que isso, como um irm\u00e3o querido, muit\u00edssimo querido para mim quanto mais ele o for para ti, tanto como pessoa humana quanto como irm\u00e3o no Senhor. 17Assim, se est\u00e1s em comunh\u00e3o de f\u00e9 comigo, recebe-o como se fosse a mim mesmo. 18Se em alguma coisa te prejudicou ou se alguma coisa te deve, p\u00f5e em minha conta. 19Eu, Paulo, de meu punho o escrevo: eu o pagarei; para n\u00e3o dizer que tu mesmo me deves a pr\u00f3pria vida. 20Sim, irm\u00e3o, deixa que eu te explore no Senhor. Conforta em Cristo meu cora\u00e7\u00e3o.<\/p>\n\n\n\n<p>Palavra do Senhor.<\/p>\n\n\n\n<h3 class=\"wp-block-heading\">Salmo Responsorial &#8211;&nbsp;145\/146<\/h3>\n\n\n\n<p><strong>Feliz quem se apoia no Deus de Jac\u00f3!<\/strong><\/p>\n\n\n\n<p>O Senhor faz justi\u00e7a aos que s\u00e3o oprimidos;<\/p>\n\n\n\n<p>\u2020 ele d\u00e1 alimento aos famintos,<\/p>\n\n\n\n<p>\u00e9 o Senhor quem liberta os cativos.<\/p>\n\n\n\n<p>O Senhor abre os olhos aos cegos,<\/p>\n\n\n\n<p>o Senhor faz erguer-se o ca\u00eddo,<\/p>\n\n\n\n<p>o Senhor ama aquele que \u00e9 justo.<\/p>\n\n\n\n<p>\u00c9 o Senhor quem protege o estrangeiro.<\/p>\n\n\n\n<p>Quem ampara a vi\u00fava e o \u00f3rf\u00e3o,<\/p>\n\n\n\n<p>mas confunde os caminhos dos maus.<\/p>\n\n\n\n<p>O Senhor reinar\u00e1 para sempre! \u2020 \u00d3 Si\u00e3o, o teu Deus reinar\u00e1<\/p>\n\n\n\n<p>para sempre e por todos os s\u00e9culos!<\/p>\n\n\n\n<h3 class=\"wp-block-heading\">Leitura &#8211;<\/h3>\n\n\n\n<h3 class=\"wp-block-heading\">Evangelho &#8211;&nbsp;Lucas 17,20-25<\/h3>\n\n\n\n<p>Aleluia, aleluia, aleluia.<\/p>\n\n\n\n<p>Eu sou a videira e v\u00f3s sois os ramos; um fruto abundante v\u00f3s haveis de dar (Jo 15,5).<\/p>\n\n\n\n<p>Proclama\u00e7\u00e3o do Evangelho de Jesus Cristo segundo Lucas.<\/p>\n\n\n\n<p>Naquele tempo, 20os fariseus perguntaram a Jesus sobre o momento em que chegaria o Reino de Deus. Jesus respondeu: \u201cO Reino de Deus n\u00e3o vem ostensivamente. 21Nem se poder\u00e1 dizer: \u2018Est\u00e1 aqui\u2019 ou \u2018est\u00e1 ali\u2019, porque o Reino de Deus est\u00e1 entre v\u00f3s\u201d. 22E Jesus disse aos disc\u00edpulos: \u201cDias vir\u00e3o em que desejareis ver um s\u00f3 dia do Filho do Homem e n\u00e3o podereis ver. 23As pessoas vos dir\u00e3o: \u2018Ele est\u00e1 ali\u2019 ou \u2018ele est\u00e1 aqui\u2019. N\u00e3o deveis ir nem correr atr\u00e1s. 24Pois, como o rel\u00e2mpago brilha de um lado at\u00e9 o outro do c\u00e9u, assim tamb\u00e9m ser\u00e1 o Filho do Homem no seu dia. 25Antes, por\u00e9m, ele dever\u00e1 sofrer muito e ser rejeitado por esta gera\u00e7\u00e3o\u201d.<\/p>\n\n\n\n<p>Palavra da salva\u00e7\u00e3o.<\/p>\n\n\n\n<h3 class=\"wp-block-heading\">Coment\u00e1rio ao Evangelho<\/h3>\n\n\n\n<p>A MANIFESTA\u00c7\u00c3O DO REINO<\/p>\n\n\n\n<p>No tempo de Jesus, eram fortes as expectativas do fim do mundo e da manifesta\u00e7\u00e3o de Deus na hist\u00f3ria humana. A domina\u00e7\u00e3o estrangeira j\u00e1 se tornara insuport\u00e1vel. A falta de liberdade, certas atitudes abusivas das autoridades romanas, e o cansa\u00e7o pela espera do fim geravam uma febre escatol\u00f3gica. Acabava-se por ver o Messias, em toda parte.<\/p>\n\n\n\n<p>Certos grupos, de car\u00e1ter apocal\u00edptico, iam al\u00e9m. Chegavam a estabelecer calend\u00e1rios, calcular datas, determinar sinais indicativos da consuma\u00e7\u00e3o dos tempos. \u00c9 poss\u00edvel que suas descri\u00e7\u00f5es aterradoras de guerras, fome e pestes acabassem por gerar um clima de terror no cora\u00e7\u00e3o das pessoas.<\/p>\n\n\n\n<p>Os fariseus, por sua vez, pregavam o caminho da estrita observ\u00e2ncia da Lei e a penit\u00eancia como a forma de melhor preparar-se para a chegada do Messias. Os ess\u00eanios segregaram-se no deserto, \u00e0s margens do Mar Morto, formando uma comunidade continuamente voltada para as purifica\u00e7\u00f5es rituais, \u00e0 espera do Messias vindouro.<\/p>\n\n\n\n<p>Jesus procurou libertar os disc\u00edpulos deste escatologismo in\u00fatil. Em primeiro lugar, porque o Reino de Deus j\u00e1 estava presente na hist\u00f3ria humana, na a\u00e7\u00e3o do Filho de Deus. Em tudo quanto fazia ou pregava, era o pr\u00f3prio Deus interpelando a humanidade. Em segundo lugar, porque, por ocasi\u00e3o da segunda vinda do Messias, todos haveriam de dar-se conta de sua chegada. Por conseguinte, qualquer preocupa\u00e7\u00e3o a este respeito seria desnecess\u00e1ria.<\/p>\n","protected":false},"excerpt":{"rendered":"<p>Ora\u00e7\u00e3o do dia \u00d3 Deus, que jamais permitis que as pot\u00eancias do mal prevale\u00e7am contra a vossa Igreja, fundada sobre a rocha inabal\u00e1vel dos ap\u00f3stolos, dai-lhe, pelos m\u00e9ritos do papa s\u00e3o Le\u00e3o, permanecer&#8230;<\/p>\n","protected":false},"author":2,"featured_media":19189,"comment_status":"open","ping_status":"open","sticky":false,"template":"","format":"standard","meta":[],"categories":[7],"tags":[],"_links":{"self":[{"href":"https:\/\/www.salvatorianas.org.br\/blog\/wp-json\/wp\/v2\/posts\/19188"}],"collection":[{"href":"https:\/\/www.salvatorianas.org.br\/blog\/wp-json\/wp\/v2\/posts"}],"about":[{"href":"https:\/\/www.salvatorianas.org.br\/blog\/wp-json\/wp\/v2\/types\/post"}],"author":[{"embeddable":true,"href":"https:\/\/www.salvatorianas.org.br\/blog\/wp-json\/wp\/v2\/users\/2"}],"replies":[{"embeddable":true,"href":"https:\/\/www.salvatorianas.org.br\/blog\/wp-json\/wp\/v2\/comments?post=19188"}],"version-history":[{"count":1,"href":"https:\/\/www.salvatorianas.org.br\/blog\/wp-json\/wp\/v2\/posts\/19188\/revisions"}],"predecessor-version":[{"id":19190,"href":"https:\/\/www.salvatorianas.org.br\/blog\/wp-json\/wp\/v2\/posts\/19188\/revisions\/19190"}],"wp:featuredmedia":[{"embeddable":true,"href":"https:\/\/www.salvatorianas.org.br\/blog\/wp-json\/wp\/v2\/media\/19189"}],"wp:attachment":[{"href":"https:\/\/www.salvatorianas.org.br\/blog\/wp-json\/wp\/v2\/media?parent=19188"}],"wp:term":[{"taxonomy":"category","embeddable":true,"href":"https:\/\/www.salvatorianas.org.br\/blog\/wp-json\/wp\/v2\/categories?post=19188"},{"taxonomy":"post_tag","embeddable":true,"href":"https:\/\/www.salvatorianas.org.br\/blog\/wp-json\/wp\/v2\/tags?post=19188"}],"curies":[{"name":"wp","href":"https:\/\/api.w.org\/{rel}","templated":true}]}}