{"id":19185,"date":"2022-11-11T12:55:09","date_gmt":"2022-11-11T12:55:09","guid":{"rendered":"https:\/\/www.salvatorianas.org.br\/blog\/?p=19185"},"modified":"2022-11-11T12:55:09","modified_gmt":"2022-11-11T12:55:09","slug":"caracteristicas-do-bem-aventurado-francisco-jordan","status":"publish","type":"post","link":"https:\/\/www.salvatorianas.org.br\/blog\/caracteristicas-do-bem-aventurado-francisco-jordan\/","title":{"rendered":"CARACTER\u00cdSTICAS DO BEM-AVENTURADO FRANCISCO JORDAN"},"content":{"rendered":"\n<p>&#8220;<strong>Ora, a vida eterna \u00e9 esta: que eles conhe\u00e7am a ti, o \u00fanico Deus verdadeiro, e aquele que tu enviaste, Jesus Cristo&#8221;.<\/strong> <strong>(Jo 17,3)<\/strong><\/p>\n\n\n\n<p>Somos chamados a contemplar caracter\u00edsticas de vida humana, crist\u00e3 e religiosa do Bem-aventurado Francisco Jordan em vista de uma causa maior \u2013 o seguimento de Jesus Salvador. S\u00e3o estas as 7 caracter\u00edsticas importantes de Jordan que toda Fam\u00edlia Salvatoriana sempre deve recordar:<\/p>\n\n\n\n<p><strong>ORA\u00c7\u00c3O: <\/strong>Uma caracter\u00edstica do Bem-aventurado Francisco Jordan era o seu esp\u00edrito de ora\u00e7\u00e3o. Toda sua vida interior repousava sobre o fundamento da ora\u00e7\u00e3o. E foi sobre estes alicerces que ele fundou a congrega\u00e7\u00e3o. <em>\u201cRezem, rezem sempre de novo\u201d<\/em>. <em>\u201cEu queria deixar-vos uma heran\u00e7a particular, se assim posso dizer,&nbsp; e esta heran\u00e7a \u00e9 precisamente uma grande confian\u00e7a em Deus\u201d<\/em>. (Palavras e Exorta\u00e7\u00f5es P\u00e1g. 16; 1-2.)<\/p>\n\n\n\n<p><strong>FACILIDADE LINGU\u00cdSTICA: <\/strong>No dia 21 de julho de 1878, Jordan foi ordenado sacerdote e mais tarde, por ordem de seu bispo, foi para Roma a fim de iniciar os estudos de l\u00ednguas orientais: s\u00edrio, aramaico, copta, \u00e1rabe, hebraico e grego. O conhecimento de tais idiomas o facilitaria na comunica\u00e7\u00e3o entre os diferentes povos. Nesse tempo, no L\u00edbano, ao toque da gra\u00e7a, num segredo que o c\u00e9u lhe reservou, teve clareza da vontade de Deus em fundar a Congrega\u00e7\u00e3o. A partir dali, com o apoio da Igreja e muito sacrif\u00edcio iniciou a coloca\u00e7\u00e3o dos alicerces da congrega\u00e7\u00e3o.<\/p>\n\n\n\n<p><strong>CONFIAN\u00c7A INABAL\u00c1VEL NA DIVINA PROVID\u00caNCIA:<\/strong> \u201cSe quisermos ser fi\u00e9is \u00e0 nossa voca\u00e7\u00e3o e miss\u00e3o, no dia-a-dia, n\u00e3o podemos perder de vista duas premissas fundamentais: uma grande confian\u00e7a em Deus, aliada a uma forma\u00e7\u00e3o s\u00f3lida\u201d.<\/p>\n\n\n\n<p>IM<strong>PRENSA:<\/strong> O Bem-aventurado Francisco Jordan estabeleceu fortes v\u00ednculos com a imprensa, pois acreditava que poderia, pela imprensa, divulgar&nbsp; o amor salv\u00edfico de Deus ao povo. \u201c<em>N\u00e3o se esque\u00e7am, pois, n\u00e3o se esque\u00e7am de se recordarem sempre de novo da import\u00e2ncia da imprensa, para que todos se capacitem e se tornem \u00fateis para anunciar a palavra de Deus no p\u00falpito, nas escolas, onde quer que seja!<\/em>\u201d O importante era levar a Palavra de Deus a um n\u00famero maior poss\u00edvel de pessoas.<\/p>\n\n\n\n<p><strong>AMOR \u00c0 CRUZ: <\/strong>Francisco Jordan dizia que o amor \u00e0 cruz era o seu tema predileto. <em>\u201cN\u00e3o tenhais medo da cruz. Ela \u00e9 um sinal de que Deus vos ama<\/em>\u201d. (Pe. Jordan).<strong>&nbsp; <\/strong>As obras s\u00f3 vingam \u00e0 sombra da cruz&#8230;. O seguimento de Jesus Cristo e a cruz s\u00e3o insepar\u00e1veis. (Alocu\u00e7\u00f5es 01 \u2013 p\u00e1g. 26) <strong>&nbsp;<\/strong>Com a m\u00e1xima do seguimento, Padre Jordan descreve, aconselha, encoraja, envia \u00e0 miss\u00e3o. &nbsp;<em>\u201cQue o bom Deus fa\u00e7a de voc\u00eas aut\u00eanticos e constantes amantes e imitadores da cruz!<\/em>\u201d (Alocu\u00e7\u00f5es 279).<\/p>\n\n\n\n<p><strong>DEVO\u00c7\u00c3O \u00c0 NOSSA SENHORA: <\/strong>O Bem-aventurado Francisco Jordan&nbsp; era particularmente devoto \u00e0 Nossa Senhora. Ele era um verdadeiro e fiel filho de Maria. Era extraordinariamente grande&nbsp; a sua confian\u00e7a em Maria. \u201c<em>\u00d3 Maria, M\u00e3e de Deus, s\u00ea minha auxiliadora e poderosa protetora!\u201d <\/em>Pe. Jordan<\/p>\n\n\n\n<p><strong>A PAZ:<\/strong> O Fundador da Fam\u00edlia Salvatoriana, era um homem muito pac\u00edfico. Ele amava a paz e a considerava como uma grande heran\u00e7a deixada pelo Salvador do mundo, a qual n\u00f3s devemos conservar mesmo \u00e0 custa dos maiores sacrif\u00edcios.<\/p>\n\n\n\n<p>No legado aos seus filhos e filhas espirituais ele insiste que tenhamos mansid\u00e3o e humildade, amabilidade e gratid\u00e3o; vida de f\u00e9 e santidade; sil\u00eancio e uni\u00e3o; universalidade, caridade fraterna e paz; zelo apost\u00f3lico e devo\u00e7\u00e3o ao Esp\u00edrito Santo. Sobretudo, ele nos recomenda o <strong>Seguimento do Evangelho.<\/strong> &nbsp;Essas e outras caracter\u00edsticas, &nbsp;lhe eram peculiares, exigiam dele muita determina\u00e7\u00e3o, disciplina e busca de seus objetivos.<\/p>\n\n\n\n<p>Francisco Jordan nutria&nbsp; uma especial devo\u00e7\u00e3o ao Esp\u00edrito Santo. Exortava-nos frequentemente a que recorr\u00eassemos ao Divino Par\u00e1clito. Ele revela, aqui, seu apre\u00e7o \u00e0 vida de ora\u00e7\u00e3o. Ele est\u00e1 profundamente convencido de que, sem a ora\u00e7\u00e3o e, particularmente, sem as luzes do Esp\u00edrito Santo n\u00e3o podemos realizar a miss\u00e3o na congrega\u00e7\u00e3o. Nossa miss\u00e3o exige que sejamos pessoas orantes. Concluindo, a \u00faltima exorta\u00e7\u00e3o de nosso fundador:<\/p>\n\n\n\n<p>\u201c<em>Se voc\u00eas cumprirem o seu dever, ainda que as ondas quebrem por cima de suas cabe\u00e7as, persegui\u00e7\u00f5es de todos os lados, venha o que vier, n\u00e3o temam! Confiem no Senhor e andem no caminho certo. Cumpram seu dever e voc\u00eas ver\u00e3o que o Senhor os ajudar\u00e1<\/em>\u201d. (Alocu\u00e7\u00f5es 16; p\u00e1g. 231).<\/p>\n\n\n\n<p>Ir. Ines Razera, SDS<\/p>\n","protected":false},"excerpt":{"rendered":"<p>&#8220;Ora, a vida eterna \u00e9 esta: que eles conhe\u00e7am a ti, o \u00fanico Deus verdadeiro, e aquele que tu enviaste, Jesus Cristo&#8221;. (Jo 17,3) Somos chamados a contemplar caracter\u00edsticas de vida humana, crist\u00e3&#8230;<\/p>\n","protected":false},"author":2,"featured_media":19186,"comment_status":"open","ping_status":"open","sticky":false,"template":"","format":"standard","meta":[],"categories":[1],"tags":[],"_links":{"self":[{"href":"https:\/\/www.salvatorianas.org.br\/blog\/wp-json\/wp\/v2\/posts\/19185"}],"collection":[{"href":"https:\/\/www.salvatorianas.org.br\/blog\/wp-json\/wp\/v2\/posts"}],"about":[{"href":"https:\/\/www.salvatorianas.org.br\/blog\/wp-json\/wp\/v2\/types\/post"}],"author":[{"embeddable":true,"href":"https:\/\/www.salvatorianas.org.br\/blog\/wp-json\/wp\/v2\/users\/2"}],"replies":[{"embeddable":true,"href":"https:\/\/www.salvatorianas.org.br\/blog\/wp-json\/wp\/v2\/comments?post=19185"}],"version-history":[{"count":1,"href":"https:\/\/www.salvatorianas.org.br\/blog\/wp-json\/wp\/v2\/posts\/19185\/revisions"}],"predecessor-version":[{"id":19187,"href":"https:\/\/www.salvatorianas.org.br\/blog\/wp-json\/wp\/v2\/posts\/19185\/revisions\/19187"}],"wp:featuredmedia":[{"embeddable":true,"href":"https:\/\/www.salvatorianas.org.br\/blog\/wp-json\/wp\/v2\/media\/19186"}],"wp:attachment":[{"href":"https:\/\/www.salvatorianas.org.br\/blog\/wp-json\/wp\/v2\/media?parent=19185"}],"wp:term":[{"taxonomy":"category","embeddable":true,"href":"https:\/\/www.salvatorianas.org.br\/blog\/wp-json\/wp\/v2\/categories?post=19185"},{"taxonomy":"post_tag","embeddable":true,"href":"https:\/\/www.salvatorianas.org.br\/blog\/wp-json\/wp\/v2\/tags?post=19185"}],"curies":[{"name":"wp","href":"https:\/\/api.w.org\/{rel}","templated":true}]}}