{"id":19179,"date":"2022-11-08T11:35:00","date_gmt":"2022-11-08T11:35:00","guid":{"rendered":"https:\/\/www.salvatorianas.org.br\/blog\/?p=19179"},"modified":"2022-11-09T11:37:05","modified_gmt":"2022-11-09T11:37:05","slug":"terca-feira-32a-semana-do-tempo-comum","status":"publish","type":"post","link":"https:\/\/www.salvatorianas.org.br\/blog\/terca-feira-32a-semana-do-tempo-comum\/","title":{"rendered":"Ter\u00e7a-feira &#8211; 32\u00aa Semana do Tempo Comum"},"content":{"rendered":"\n<h3 class=\"wp-block-heading\">Ora\u00e7\u00e3o do dia<\/h3>\n\n\n\n<p>Deus de poder e miseric\u00f3rdia, afastai de n\u00f3s todo obst\u00e1culo para que, inteiramente dispon\u00edveis, nos dediquemos ao vosso servi\u00e7o. Por Nosso Senhor Jesus Cristo, Vosso Filho, na unidade do Esp\u00edrito Santo.<\/p>\n\n\n\n<h3 class=\"wp-block-heading\">Leitura &#8211;&nbsp;Tito 2,1-8.11-14<\/h3>\n\n\n\n<p>Leitura da Carta de S\u00e3o Paulo a Tito.<\/p>\n\n\n\n<p>2 1 Carr\u00edssimo, o teu ensinamento, por\u00e9m, seja conforme \u00e0 s\u00e3 doutrina.<\/p>\n\n\n\n<p>2 Os mais velhos sejam s\u00f3brios, graves, prudentes, fortes na f\u00e9, na caridade, na paci\u00eancia. 3 Assim tamb\u00e9m as mulheres de mais idade mostrem no seu exterior uma compostura santa, n\u00e3o sejam maldizentes nem intemperantes, mas mestras de bons conselhos.<\/p>\n\n\n\n<p>4 Que saibam ensinar as jovens a amarem seus maridos, a quererem bem seus filhos,<\/p>\n\n\n\n<p>5 a serem prudentes, castas, cuidadosas da casa, bondosas, submissas a seus maridos, para que a palavra de Deus n\u00e3o seja desacreditada.<\/p>\n\n\n\n<p>6 Exorta igualmente os mo\u00e7os a serem morigerados,<\/p>\n\n\n\n<p>7 e mostra-te em tudo modelo de bom comportamento: pela integridade na doutrina, gravidade,<\/p>\n\n\n\n<p>8 linguagem s\u00e3 e irrepreens\u00edvel, para que o advers\u00e1rio seja confundido, n\u00e3o tendo a dizer de n\u00f3s mal algum.<\/p>\n\n\n\n<p>9 Exorta os servos a que sejam submissos a seus senhores e atentos em agradar-lhes. Em lugar de reclamar deles<\/p>\n\n\n\n<p>10 e defraud\u00e1-los, procurem em tudo testemunhar-lhes incondicional fidelidade, para que por todos seja respeitada a doutrina de Deus, nosso Salvador.<\/p>\n\n\n\n<p>11 Manifestou-se, com efeito, a gra\u00e7a de Deus, fonte de salva\u00e7\u00e3o para todos os homens.<\/p>\n\n\n\n<p>12 Veio para nos ensinar a renunciar \u00e0 impiedade e \u00e0s paix\u00f5es mundanas e a viver neste mundo com toda sobriedade, justi\u00e7a e piedade,<\/p>\n\n\n\n<p>13 na expectativa da nossa esperan\u00e7a feliz, a apari\u00e7\u00e3o gloriosa de nosso grande Deus e Salvador, Jesus Cristo,<\/p>\n\n\n\n<p>14 que se entregou por n\u00f3s, a fim de nos resgatar de toda a iniq\u00fcidade, nos purificar e nos constituir seu povo de predile\u00e7\u00e3o, zeloso na pr\u00e1tica do bem.<\/p>\n\n\n\n<p>Palavra do Senhor.<\/p>\n\n\n\n<h3 class=\"wp-block-heading\">Salmo Responsorial &#8211;&nbsp;36\/37<\/h3>\n\n\n\n<p><strong>A salva\u00e7\u00e3o de quem \u00e9 justo vem de Deus!<\/strong><\/p>\n\n\n\n<p>Confia no Senhor e faze o bem,<\/p>\n\n\n\n<p>E sobre a terra habitar\u00e1s em seguran\u00e7a.<\/p>\n\n\n\n<p>Coloca no Senhor tua alegria,<\/p>\n\n\n\n<p>E ele dar\u00e1 o que pedir teu cora\u00e7\u00e3o.<\/p>\n\n\n\n<p>O Senhor cuida da vida dos honestos,<\/p>\n\n\n\n<p>E sua heran\u00e7a permanece eternamente.<\/p>\n\n\n\n<p>\u00c9 o Senhor quem firma os passos dos mortais<\/p>\n\n\n\n<p>E dirige o caminhar dos que lhe agradam.<\/p>\n\n\n\n<p>Afasta-te do mal e faze o bem,<\/p>\n\n\n\n<p>E ter\u00e1s tua morada para sempre.<\/p>\n\n\n\n<p>Os justos herdar\u00e3o a nova terra<\/p>\n\n\n\n<p>E nela habitar\u00e3o eternamente.<\/p>\n\n\n\n<h3 class=\"wp-block-heading\">Leitura &#8211;<\/h3>\n\n\n\n<h3 class=\"wp-block-heading\">Evangelho &#8211;&nbsp;Lucas 17,7-10<\/h3>\n\n\n\n<p>Aleluia, aleluia, aleluia.<\/p>\n\n\n\n<p>Quem me ama, realmente, guardar\u00e1 minha palavra, e meu Pai o amar\u00e1 e a ele n\u00f3s viremos (Jo 14,23).<\/p>\n\n\n\n<p>Proclama\u00e7\u00e3o do Evangelho de Jesus Cristo segundo Lucas.<\/p>\n\n\n\n<p>Naquele tempo, disse Jesus: 17 7 &#8220;Qual de v\u00f3s, tendo um servo ocupado em lavrar ou em guardar o gado, quando voltar do campo lhe dir\u00e1: \u2018Vem depressa sentar-te \u00e0 mesa?\u2019<\/p>\n\n\n\n<p>8 E n\u00e3o lhe dir\u00e1 ao contr\u00e1rio: \u2018Prepara-me a ceia, cinge-te e serve-me, enquanto como e bebo, e depois disto comer\u00e1s e beber\u00e1s tu?\u2019<\/p>\n\n\n\n<p>9 E se o servo tiver feito tudo o que lhe ordenara, porventura fica-lhe o senhor devendo alguma obriga\u00e7\u00e3o?<\/p>\n\n\n\n<p>10 Assim tamb\u00e9m v\u00f3s, depois de terdes feito tudo o que vos foi ordenado, dizei: \u2018Somos servos como quaisquer outros; fizemos o que dev\u00edamos fazer\u2019&#8221;.<\/p>\n\n\n\n<p>Palavra da Salva\u00e7\u00e3o.<\/p>\n\n\n\n<h3 class=\"wp-block-heading\">Coment\u00e1rio ao Evangelho<\/h3>\n\n\n\n<p>SOMOS SERVOS IN\u00daTEIS<\/p>\n\n\n\n<p>O disc\u00edpulo do Reino comporta-se, na comunidade, como um servidor. Tudo quanto faz prima pela gratuidade. N\u00e3o se poupa, em se tratando de ser \u00fatil aos irm\u00e3os, pelo fato de servir por voca\u00e7\u00e3o. E faz tudo quanto est\u00e1 a seu alcance, sem optar pelo servi\u00e7o que lhe \u00e9 mais c\u00f4modo. Tamb\u00e9m se recusa a fazer exig\u00eancias.<\/p>\n\n\n\n<p>Rompe com o projeto do Reino, o disc\u00edpulo que se deixa contaminar pelo esp\u00edrito farisaico e serve aos outros com segundas inten\u00e7\u00f5es. Serve para ser visto e louvado, para poder exigir de Deus a salva\u00e7\u00e3o, para fazer penit\u00eancia pelos pr\u00f3prios pecados, para pagar alguma promessa. Todas essas s\u00e3o motiva\u00e7\u00f5es que desmerecem o servi\u00e7o realizado.<\/p>\n\n\n\n<p>A correta compreens\u00e3o do servi\u00e7o crist\u00e3o decorre do tipo de relacionamento do disc\u00edpulo com Jesus. O servidor crist\u00e3o sabe que seu Senhor olha para al\u00e9m das apar\u00eancias; que concede a salva\u00e7\u00e3o movido por miseric\u00f3rdia, e que \u00e9 in\u00fatil pretender apresentar-se diante dele com o t\u00edtulo de justo. O Mestre recusa-se a estabelecer rela\u00e7\u00f5es comerciais com seus disc\u00edpulos, na base do dar e receber. N\u00e3o imp\u00f5e a ningu\u00e9m um servi\u00e7o para castig\u00e1-lo ou lev\u00e1-lo a penitenciar-se, e sim, como sinal de supera\u00e7\u00e3o do pr\u00f3prio ego\u00edsmo e demonstra\u00e7\u00e3o da capacidade de fazer-se solid\u00e1rio.<\/p>\n\n\n\n<p>Quando o disc\u00edpulo serve, movido por este esp\u00edrito, tem consci\u00eancia de estar fazendo o que lhe compete. E n\u00e3o passa de um servo in\u00fatil.<\/p>\n","protected":false},"excerpt":{"rendered":"<p>Ora\u00e7\u00e3o do dia Deus de poder e miseric\u00f3rdia, afastai de n\u00f3s todo obst\u00e1culo para que, inteiramente dispon\u00edveis, nos dediquemos ao vosso servi\u00e7o. Por Nosso Senhor Jesus Cristo, Vosso Filho, na unidade do Esp\u00edrito&#8230;<\/p>\n","protected":false},"author":2,"featured_media":19180,"comment_status":"open","ping_status":"open","sticky":false,"template":"","format":"standard","meta":[],"categories":[7],"tags":[],"_links":{"self":[{"href":"https:\/\/www.salvatorianas.org.br\/blog\/wp-json\/wp\/v2\/posts\/19179"}],"collection":[{"href":"https:\/\/www.salvatorianas.org.br\/blog\/wp-json\/wp\/v2\/posts"}],"about":[{"href":"https:\/\/www.salvatorianas.org.br\/blog\/wp-json\/wp\/v2\/types\/post"}],"author":[{"embeddable":true,"href":"https:\/\/www.salvatorianas.org.br\/blog\/wp-json\/wp\/v2\/users\/2"}],"replies":[{"embeddable":true,"href":"https:\/\/www.salvatorianas.org.br\/blog\/wp-json\/wp\/v2\/comments?post=19179"}],"version-history":[{"count":1,"href":"https:\/\/www.salvatorianas.org.br\/blog\/wp-json\/wp\/v2\/posts\/19179\/revisions"}],"predecessor-version":[{"id":19181,"href":"https:\/\/www.salvatorianas.org.br\/blog\/wp-json\/wp\/v2\/posts\/19179\/revisions\/19181"}],"wp:featuredmedia":[{"embeddable":true,"href":"https:\/\/www.salvatorianas.org.br\/blog\/wp-json\/wp\/v2\/media\/19180"}],"wp:attachment":[{"href":"https:\/\/www.salvatorianas.org.br\/blog\/wp-json\/wp\/v2\/media?parent=19179"}],"wp:term":[{"taxonomy":"category","embeddable":true,"href":"https:\/\/www.salvatorianas.org.br\/blog\/wp-json\/wp\/v2\/categories?post=19179"},{"taxonomy":"post_tag","embeddable":true,"href":"https:\/\/www.salvatorianas.org.br\/blog\/wp-json\/wp\/v2\/tags?post=19179"}],"curies":[{"name":"wp","href":"https:\/\/api.w.org\/{rel}","templated":true}]}}